{"id":11606,"date":"2023-03-06T23:09:29","date_gmt":"2023-03-06T23:09:29","guid":{"rendered":"https:\/\/congokin.blog\/?p=11606"},"modified":"2023-03-07T13:25:22","modified_gmt":"2023-03-07T13:25:22","slug":"11606","status":"publish","type":"post","link":"https:\/\/congokin.blog\/?p=11606","title":{"rendered":"RDC: le d\u00e9put\u00e9 \u00c9douard Mwangachuchu jug\u00e9 devant la Haute Cour militaire pour \u00abtrahison\u00bb"},"content":{"rendered":"\n<h1 class=\"wp-block-heading\">RDC: le d\u00e9put\u00e9 \u00c9douard Mwangachuchu jug\u00e9 devant la Haute Cour militaire pour \u00abtrahison\u00bb<\/h1>\n\n\n\n<p><a href=\"https:\/\/www.facebook.com\/dialog\/share?app_id=113191652055439&amp;href=https%3A%2F%2Frfi.my%2F9DQG.F&amp;redirect_uri=https%3A%2F%2Fwww.rfi.fr%2Ffr%2Fafrique%2F20230306-rdc-le-d%25C3%25A9put%25C3%25A9-%25C3%25A9douard-mwangachuchu-jug%25C3%25A9-devant-la-haute-cour-militaire-pour-trahison&amp;locale=fr_FR\" target=\"_blank\" rel=\"noreferrer noopener\"><\/a><a href=\"https:\/\/twitter.com\/intent\/tweet?url=https%3A%2F%2Frfi.my%2F9DQG.T&amp;via=RFI&amp;related=rfi&amp;text=RDC%3A%20le%20d%C3%A9put%C3%A9%20%C3%89douard%20Mwangachuchu%20jug%C3%A9%20devant%20la%20Haute%20Cour%20militaire%20pour%20%C2%ABtrahison%C2%BB&amp;lang=fr\" target=\"_blank\" rel=\"noreferrer noopener\"><\/a><a href=\"https:\/\/web.whatsapp.com\/send?text=RDC%3A%20le%20d%C3%A9put%C3%A9%20%C3%89douard%20Mwangachuchu%20jug%C3%A9%20devant%20la%20Haute%20Cour%20militaire%20pour%20%C2%ABtrahison%C2%BB%20-%20https%3A%2F%2Frfi.my%2F9DQG.W\" target=\"_blank\" rel=\"noreferrer noopener\"><\/a><\/p>\n\n\n\n<p>Publi\u00e9 le :&nbsp;06\/03\/2023 &#8211; 07:11Modifi\u00e9 le :&nbsp;06\/03\/2023 &#8211; 07:12<\/p>\n\n\n\n<figure class=\"wp-block-image size-full\"><img loading=\"lazy\" decoding=\"async\" width=\"980\" height=\"551\" src=\"https:\/\/congokin.blog\/wp-content\/uploads\/2023\/03\/image.png\" alt=\"\" class=\"wp-image-11608\" srcset=\"https:\/\/congokin.blog\/wp-content\/uploads\/2023\/03\/image.png 980w, https:\/\/congokin.blog\/wp-content\/uploads\/2023\/03\/image-300x169.png 300w, https:\/\/congokin.blog\/wp-content\/uploads\/2023\/03\/image-768x432.png 768w\" sizes=\"auto, (max-width: 980px) 100vw, 980px\" \/><\/figure>\n\n\n\n<figure class=\"wp-block-image size-full\"><img loading=\"lazy\" decoding=\"async\" width=\"1\" height=\"1\" src=\"https:\/\/congokin.blog\/wp-content\/uploads\/2023\/03\/image.gif\" alt=\"\" class=\"wp-image-11607\"\/><figcaption class=\"wp-element-caption\">Une vue du centre-ville de Kinshasa, la capitale congolaise (image d&rsquo;illustration).&nbsp;Wikimedia\/CC<\/figcaption><\/figure>\n\n\n\n<p>Texte par :<a href=\"https:\/\/www.rfi.fr\/fr\/auteur\/rfi\/\">RFI<\/a><a href=\"https:\/\/twitter.com\/intent\/follow?screen_name=rfi\" target=\"_blank\" rel=\"noreferrer noopener\">Suivre<\/a><\/p>\n\n\n\n<p>1 mn<\/p>\n\n\n\n<p>Oiginaire du territoire de Masisi, dans le Nord-Kivu,&nbsp;\u00c9douard Mwangachuchu, pr\u00e9sident du CNDP est accus\u00e9 de \u00ab&nbsp;trahison \u00bb et \u00ab&nbsp;d\u2019association de malfaiteurs&nbsp;\u00bb. Il est aux arr\u00eats \u00e0 Kinshasa et doit compara\u00eetre devant la Haute cour militaire.<\/p>\n\n\n\n<p><em>Avec notre correspondant \u00e0 Kinshasa,<\/em>&nbsp;<strong>Kamanda Wa Kamanda<\/strong><\/p>\n\n\n\n<p>Selon la presse kinoise, mardi 28 f\u00e9vrier, une cache d\u2019armes est d\u00e9couverte \u00e0 Masisi dans une propri\u00e9t\u00e9 d\u2019\u00c9douard Mwangachuchu Hizi, \u00e9lu du CNDP (Congr\u00e8s national pour la d\u00e9fense du peuple) ancienne milice arm\u00e9e du Nord-Kivu mu\u00e9e en 2009 en parti politique.<\/p>\n\n\n\n<h2 class=\"wp-block-heading\">Lourdes charges<\/h2>\n\n\n\n<p>Le d\u00e9put\u00e9 se trouvait dans la capitale au moment des faits. Il a \u00e9t\u00e9 appr\u00e9hend\u00e9 par les services de s\u00e9curit\u00e9 et aussit\u00f4t pr\u00e9sent\u00e9 devant la Haute cour militaire. Les charges sont lourdes : \u00ab&nbsp;trahison&nbsp;\u00bb, \u00ab&nbsp;atteinte \u00e0 la s\u00fbret\u00e9 de l\u2019\u00c9tat&nbsp;\u00bb, \u00ab&nbsp;participation \u00e0 un mouvement insurrectionnel&nbsp;\u00bb, \u00ab&nbsp;association de malfaiteurs&nbsp;\u00bb et \u00ab&nbsp;incitation \u00e0 commettre des actes contraires \u00e0 la discipline&nbsp;\u00bb.<\/p>\n\n\n\n<p>Patron de la soci\u00e9t\u00e9 mini\u00e8re de Bisunzu, l\u2019homme a plusieurs fois \u00e9t\u00e9 accus\u00e9 par ses adversaires politiques d\u2019entretenir une milice priv\u00e9e, qui serait responsable de l\u2019ins\u00e9curit\u00e9 dans le Masisi, son fief \u00e9lectoral. C\u2019est une force locale d\u2019autod\u00e9fense qui a d\u00e9couvert les armes. Selon eux l\u2019arsenal serait&nbsp;<a href=\"https:\/\/www.rfi.fr\/fr\/afrique\/20230104-rdc-les-rebelles-du-m23-poursuivent-leur-avanc%C3%A9e-dans-la-partie-nord-du-territoire-de-rutshuru\"><strong>destin\u00e9 au M23<\/strong><\/a>.<\/p>\n\n\n\n<h2 class=\"wp-block-heading\">Le d\u00e9put\u00e9 nie fermement<\/h2>\n\n\n\n<p>En 2019 d\u00e9j\u00e0, le d\u00e9put\u00e9 a \u00e9t\u00e9 accus\u00e9 de soutenir les rebelles. Une fois de plus, il nie fermement toutes les charges qui p\u00e8sent contre lui et ses proches parlent d\u2019un complot organis\u00e9<\/p>\n<div style=\"text-align:center\" class=\"wps-pgfw-pdf-generate-icon__wrapper-frontend\">\n\t\t<a href=\"https:\/\/congokin.blog?action=genpdf&amp;id=11606\" class=\"pgfw-single-pdf-download-button\" ><img src=\"https:\/\/congokin.blog\/wp-content\/plugins\/pdf-generator-for-wp\/admin\/src\/images\/PDF_Tray.svg\" title=\"G\u00e9n\u00e9rer un PDF\" style=\"width:auto; height:45px;\"><\/a>\n\t\t<\/div>","protected":false},"excerpt":{"rendered":"<p>RDC: le d\u00e9put\u00e9 \u00c9douard Mwangachuchu jug\u00e9 devant la Haute Cour militaire pour \u00abtrahison\u00bb Publi\u00e9 le :&nbsp;06\/03\/2023 &#8211; 07:11Modifi\u00e9 le :&nbsp;06\/03\/2023 &#8211; 07:12 Texte par :RFISuivre 1 mn Oiginaire du territoire de Masisi, dans le Nord-Kivu,&nbsp;\u00c9douard Mwangachuchu, pr\u00e9sident du CNDP est accus\u00e9 de \u00ab&nbsp;trahison \u00bb et \u00ab&nbsp;d\u2019association de malfaiteurs&nbsp;\u00bb. Il est aux arr\u00eats \u00e0 Kinshasa et [&hellip;]<\/p>\n","protected":false},"author":9,"featured_media":0,"comment_status":"open","ping_status":"closed","sticky":false,"template":"","format":"standard","meta":{"footnotes":""},"categories":[12,7,8],"tags":[],"class_list":["post-11606","post","type-post","status-publish","format-standard","hentry","category-opinions","category-politique","category-societe"],"_links":{"self":[{"href":"https:\/\/congokin.blog\/index.php?rest_route=\/wp\/v2\/posts\/11606","targetHints":{"allow":["GET"]}}],"collection":[{"href":"https:\/\/congokin.blog\/index.php?rest_route=\/wp\/v2\/posts"}],"about":[{"href":"https:\/\/congokin.blog\/index.php?rest_route=\/wp\/v2\/types\/post"}],"author":[{"embeddable":true,"href":"https:\/\/congokin.blog\/index.php?rest_route=\/wp\/v2\/users\/9"}],"replies":[{"embeddable":true,"href":"https:\/\/congokin.blog\/index.php?rest_route=%2Fwp%2Fv2%2Fcomments&post=11606"}],"version-history":[{"count":2,"href":"https:\/\/congokin.blog\/index.php?rest_route=\/wp\/v2\/posts\/11606\/revisions"}],"predecessor-version":[{"id":11616,"href":"https:\/\/congokin.blog\/index.php?rest_route=\/wp\/v2\/posts\/11606\/revisions\/11616"}],"wp:attachment":[{"href":"https:\/\/congokin.blog\/index.php?rest_route=%2Fwp%2Fv2%2Fmedia&parent=11606"}],"wp:term":[{"taxonomy":"category","embeddable":true,"href":"https:\/\/congokin.blog\/index.php?rest_route=%2Fwp%2Fv2%2Fcategories&post=11606"},{"taxonomy":"post_tag","embeddable":true,"href":"https:\/\/congokin.blog\/index.php?rest_route=%2Fwp%2Fv2%2Ftags&post=11606"}],"curies":[{"name":"wp","href":"https:\/\/api.w.org\/{rel}","templated":true}]}}