{"id":11621,"date":"2023-03-07T20:36:24","date_gmt":"2023-03-07T20:36:24","guid":{"rendered":"https:\/\/congokin.blog\/?p=11621"},"modified":"2023-03-07T20:36:24","modified_gmt":"2023-03-07T20:36:24","slug":"un-ministre-recommandation-des-rebelles-de-sa-tribu-comme-reservistes-des-fardc","status":"publish","type":"post","link":"https:\/\/congokin.blog\/?p=11621","title":{"rendered":"Un ministre recommandation des rebelles de sa tribu comme r\u00e9servistes des FARDC"},"content":{"rendered":"\n<h1 class=\"wp-block-heading\">Utilis\u00e9 les milices locales comme des \u00ab\u00a0r\u00e9servistes\u00a0\u00bb des FARDC contre le M23: le ministre Muhindo Nzangi se fait d\u00e9truire !<\/h1>\n\n\n\n<p>07.03.2023<\/p>\n\n\n\n<p><a href=\"https:\/\/www.mediacongo.net\/articles-actualite-0_.html\"><\/a><\/p>\n\n\n\n<p>Ajouter aux favoris<\/p>\n\n\n\n<figure class=\"wp-block-image\"><img decoding=\"async\" src=\"https:\/\/www.mediacongo.net\/cache\/muhindo_nzangi_23_2145_jpg_711_473_1.jpeg\" alt=\"-\"\/><\/figure>\n\n\n\n<p>Le ministre Muhindo Nzangi<\/p>\n\n\n\n<p><strong>Ce Lundi 6 mars 2023, le Ministre Congolais de l\u2019enseignement sup\u00e9rieur et Universitaire a anim\u00e9 un point de presse dans la salle de presse de l\u2019Union Nationale de la Presse du Congo section du Nord-Kivu \u00e0 Goma.<\/strong><\/p>\n\n\n\n<p>Abordant la question de la guerre impos\u00e9e \u00e0 la RDC par le Rwanda \u00e0 travers la r\u00e9bellion du M23, Muhindo Nzangi a l\u00e2ch\u00e9 des propos qui sont consid\u00e9r\u00e9s de \u00ab&nbsp;inappropri\u00e9s&nbsp;\u00bb \u00e0 son rang.<\/p>\n\n\n\n<p>Les d\u00e9put\u00e9s provinciaux du Nord-Kivu semblent les plus sid\u00e9r\u00e9s des d\u00e9clarations du ministre qui les a aussi cit\u00e9 en d\u00e9clarant :&nbsp;\u00ab&nbsp;la d\u00e9claration des d\u00e9put\u00e9s provinciaux frise une haute trahison. Ce n\u2019est pas parce que les d\u00e9put\u00e9s provinciaux sont mis \u00e0 l\u2019\u00e9cart \u00e0 cause de l\u2019\u00e9tat de si\u00e8ge qu\u2019ils doivent proposer du n\u2019importe quoi au Gouvernement&nbsp;\u00bb, faisant allusion \u00e0 la derni\u00e8re lettre ouverte adress\u00e9e par les \u00e9lus provinciaux du Nord-Kivu au pr\u00e9sident de la R\u00e9publique, dans laquelle ces derniers proposaient un dialogue avec les terroristes du M23.<\/p>\n\n\n\n<p>Sur son compte Twitter ce Lundi, le vice-pr\u00e9sident de l\u2019Assembl\u00e9e provinciale en cong\u00e9 le d\u00e9put\u00e9 Jean-Paul LUMBULUMBU, a fait une s\u00e9rie des publications ciblant ouvertement le ministre de l\u2019ESU :&nbsp;\u00ab&nbsp;Lorsque la nostalgie de l\u2019opposition nous am\u00e8ne \u00e0 rester populiste, la rancune au r\u00e8glement de compte aux d\u00e9put\u00e9s provinciaux, la gestion de 100 millions USD de RAM les tire vers une folie de grandeur. Un Ministre de l\u2019ESU n\u2019est pas Ministre de la d\u00e9fense. Le peuple n\u2019est plus dupe&nbsp;\u00bb&nbsp;a \u00e9crit Jean-Paul LUMBULUMBU.<\/p>\n\n\n\n<p>R\u00e9agissant \u00e0 la d\u00e9claration du ministre selon laquelle :&nbsp;\u00ab&nbsp;Les wazalendo, les jeunes patriotes et tous ceux qui ont d\u00e9j\u00e0 tir\u00e9 une balle\u2026 sont d\u00e9sormais reconnus par le gouvernement congolais. Ils seront mis dans les m\u00eames conditions que les FARDC pour d\u00e9fendre la patrie. Ils deviennent des r\u00e9servistes, ils ne sont plus consid\u00e9r\u00e9s comme des forces n\u00e9gatives et seront ravitaill\u00e9s par le Gouvernement&nbsp;\u00bb, Jean-Paul LUMBULUMBU \u00e9lu de Lubero a publi\u00e9 sur son compte Twitter :&nbsp;\u00ab&nbsp;Muhindo Nzangi crache sur la position du gouvernement. Pendant que les groupes arm\u00e9s d\u00e9stabilisent Lubero, la Codeco tue les populations en Ituri, et pour \u00e9touffer le professionnalisme dans l\u2019arm\u00e9e, il d\u00e9clare que les groupes arm\u00e9s sont des alli\u00e9s du Gouvernement&nbsp;\u00bb.<\/p>\n\n\n\n<p>De c\u00f4t\u00e9, le d\u00e9put\u00e9 Prince KIHANGI a consid\u00e9r\u00e9 le point de presse du ministre Nzangi d\u2019une \u00ab&nbsp;panne de crevaison, populisme de mauvais go\u00fbt, un ridicule et de l\u2019opprobre jet\u00e9e sur la R\u00e9publique&nbsp;\u00bb. Il a estim\u00e9 que le ministre manquait \u00ab&nbsp;le sens d\u2019homme d\u2019\u00e9tat&nbsp;\u00bb, et que le pr\u00e9sident de la R\u00e9publique devrait prendre des sanctions contre lui car ayant \u00ab&nbsp;trahi la nation&nbsp;\u00bb.<\/p>\n\n\n\n<p>Certains observateurs pensent tout simplement que les diff\u00e9rentes r\u00e9actions des \u00e9lus du Nord-Kivu frisent de la frustration, tout en soutenant que&nbsp;\u00ab&nbsp;le ministre a dit certaines choses qui n\u2019en valaient pas la peine, juste pour plaire \u00e0 la galerie&nbsp;\u00bb. Muhindo Nzangi a \u00e9galement rappel\u00e9 aux d\u00e9put\u00e9s nationaux qui ont manifest\u00e9 leur inqui\u00e9tude quant \u00e0 la tenue des \u00e9lections au Nord-Kivu demandant la suspension du processus d\u2019enr\u00f4lement des \u00e9lecteurs, que tout se passera comme pr\u00e9vu et que m\u00eame les Congolais qui se trouvent actuellement dans des zones contr\u00f4l\u00e9es par les rebelles se feront enr\u00f4l\u00e9s.<\/p>\n\n\n\n<p><strong><br>tazamardc \/ MCP, via mediacongo.net<\/strong><\/p>\n<div style=\"text-align:center\" class=\"wps-pgfw-pdf-generate-icon__wrapper-frontend\">\n\t\t<a href=\"https:\/\/congokin.blog?action=genpdf&amp;id=11621\" class=\"pgfw-single-pdf-download-button\" ><img src=\"https:\/\/congokin.blog\/wp-content\/plugins\/pdf-generator-for-wp\/admin\/src\/images\/PDF_Tray.svg\" title=\"G\u00e9n\u00e9rer un PDF\" style=\"width:auto; height:45px;\"><\/a>\n\t\t<\/div>","protected":false},"excerpt":{"rendered":"<p>Utilis\u00e9 les milices locales comme des \u00ab\u00a0r\u00e9servistes\u00a0\u00bb des FARDC contre le M23: le ministre Muhindo Nzangi se fait d\u00e9truire ! 07.03.2023 Ajouter aux favoris Le ministre Muhindo Nzangi Ce Lundi 6 mars 2023, le Ministre Congolais de l\u2019enseignement sup\u00e9rieur et Universitaire a anim\u00e9 un point de presse dans la salle de presse de l\u2019Union Nationale [&hellip;]<\/p>\n","protected":false},"author":9,"featured_media":0,"comment_status":"open","ping_status":"closed","sticky":false,"template":"","format":"standard","meta":{"footnotes":""},"categories":[6,7,8],"tags":[],"class_list":["post-11621","post","type-post","status-publish","format-standard","hentry","category-justice","category-politique","category-societe"],"_links":{"self":[{"href":"https:\/\/congokin.blog\/index.php?rest_route=\/wp\/v2\/posts\/11621","targetHints":{"allow":["GET"]}}],"collection":[{"href":"https:\/\/congokin.blog\/index.php?rest_route=\/wp\/v2\/posts"}],"about":[{"href":"https:\/\/congokin.blog\/index.php?rest_route=\/wp\/v2\/types\/post"}],"author":[{"embeddable":true,"href":"https:\/\/congokin.blog\/index.php?rest_route=\/wp\/v2\/users\/9"}],"replies":[{"embeddable":true,"href":"https:\/\/congokin.blog\/index.php?rest_route=%2Fwp%2Fv2%2Fcomments&post=11621"}],"version-history":[{"count":1,"href":"https:\/\/congokin.blog\/index.php?rest_route=\/wp\/v2\/posts\/11621\/revisions"}],"predecessor-version":[{"id":11622,"href":"https:\/\/congokin.blog\/index.php?rest_route=\/wp\/v2\/posts\/11621\/revisions\/11622"}],"wp:attachment":[{"href":"https:\/\/congokin.blog\/index.php?rest_route=%2Fwp%2Fv2%2Fmedia&parent=11621"}],"wp:term":[{"taxonomy":"category","embeddable":true,"href":"https:\/\/congokin.blog\/index.php?rest_route=%2Fwp%2Fv2%2Fcategories&post=11621"},{"taxonomy":"post_tag","embeddable":true,"href":"https:\/\/congokin.blog\/index.php?rest_route=%2Fwp%2Fv2%2Ftags&post=11621"}],"curies":[{"name":"wp","href":"https:\/\/api.w.org\/{rel}","templated":true}]}}