{"id":11623,"date":"2023-03-07T20:42:42","date_gmt":"2023-03-07T20:42:42","guid":{"rendered":"https:\/\/congokin.blog\/?p=11623"},"modified":"2023-03-07T20:42:42","modified_gmt":"2023-03-07T20:42:42","slug":"dans-lest-de-la-rdc-les-combats-continuent-malgre-le-cessez-le-feu","status":"publish","type":"post","link":"https:\/\/congokin.blog\/?p=11623","title":{"rendered":"Dans l\u2019est de la RDC, les combats continuent malgr\u00e9 le cessez-le-feu"},"content":{"rendered":"\n<p>POLITIQUE<\/p>\n\n\n\n<h1 class=\"wp-block-heading\">Dans l\u2019est de la RDC, les combats continuent malgr\u00e9 le cessez-le-feu<\/h1>\n\n\n\n<h2 class=\"wp-block-heading\">En d\u00e9pit de la pression internationale et de l\u2019annonce d\u2019un cessez-le-feu pr\u00e9vu ce mardi 7 mars \u00e0 midi (10 heures GMT) entre l\u2019arm\u00e9e et le M23, les affrontements se poursuivent,&nbsp;selon des sources locales.<\/h2>\n\n\n\n<p>7 mars 2023 \u00e0 19:49<\/p>\n\n\n\n<p>Par&nbsp;<em>Jeune Afrique<\/em><\/p>\n\n\n\n<p>Mis \u00e0 jour le 7 mars 2023 \u00e0 19:49<\/p>\n\n\n\n<figure class=\"wp-block-image\"><img decoding=\"async\" src=\"https:\/\/www.jeuneafrique.com\/cdn-cgi\/image\/q=100,f=auto,metadata=none,width=1256,height=628\/https:\/\/www.jeuneafrique.com\/medias\/2023\/03\/07\/m23-rdc-1256x628-1678212473.jpg\" alt=\"\"\/><figcaption class=\"wp-element-caption\">Un v\u00e9hicule d\u00e9truit \u00e0 Rugari, dans l\u2019est de la RDC, lors d\u2019affrontements entre l\u2019arm\u00e9e congolaise et les rebelles du M23, le 6 janvier 2023. \u00a9 Guerchom Ndebo \/ AFP<\/figcaption><\/figure>\n\n\n\n<p>Dans la soir\u00e9e de lundi, depuis New York, le secr\u00e9taire g\u00e9n\u00e9ral des Nations unies, Ant\u00f3nio Guterres, exhortait \u00ab&nbsp;le M23 \u00e0 respecter le cessez-le-feu&nbsp;\u00bb annonc\u00e9 pour ce mardi 7 mars \u00e0 midi (10 heures GMT), en vue de \u00ab&nbsp;son retrait total et effectif de toutes les zones occup\u00e9es&nbsp;\u00bb dans l\u2019est de la RDC.<\/p>\n\n\n\n<p>Mais le lendemain,&nbsp;<a href=\"https:\/\/www.jeuneafrique.com\/1421826\/politique\/censes-preparer-leur-retrait-les-rebelles-du-m23-toujours-a-loffensive-en-rdc\/\">les affrontements se sont poursuivis et le M23 s\u2019est empar\u00e9 de nouvelles localit\u00e9s<\/a>. Apr\u00e8s quelques jours de calme relatif, les combats ont en fait repris d\u00e8s lundi sur les fronts nord et sud autour des zones contr\u00f4l\u00e9es par les rebelles du M23, dans la province du Nord-Kivu, faisant plusieurs morts et bless\u00e9s civils selon des sources hospitali\u00e8res et humanitaires.<\/p>\n\n\n\n<h2 class=\"wp-block-heading\">Karuba, Kamuronza\u2026<\/h2>\n\n\n\n<p>\u00ab&nbsp;Karuba [\u00e0 une trentaine de km \u00e0 l\u2019ouest de la capitale provinciale Goma]&nbsp;vient&nbsp;de tomber dans les mains des rebelles&nbsp;\u00bb, a d\u00e9clar\u00e9 une source s\u00e9curitaire. Nous les avons attaqu\u00e9s cette nuit [du 6 au 7 mars] mais ce matin, ils ont lanc\u00e9 une contre-attaque et \u00e0 cette heure les combats continuent.&nbsp;\u00bb Les combats qui font rage \u00e0 Karuba depuis lundi ont fait six morts et \u00ab&nbsp;au moins dix bless\u00e9s&nbsp;\u00bb, selon Folo Ombeni, vice-pr\u00e9sident de la soci\u00e9t\u00e9 civile locale.\u00c0 LIRE<a href=\"https:\/\/www.jeuneafrique.com\/1407173\/politique\/faut-il-croire-au-retrait-du-m23-dans-lest-de-la-rdc\/\">Faut-il croire au retrait du M23 dans l\u2019est de la RDC&nbsp;?<\/a><\/p>\n\n\n\n<p>L\u00e9opold Muisha, de la soci\u00e9t\u00e9 civile du groupement Kamuronza, \u00e0 la sortie ouest de Goma, affirme de son c\u00f4t\u00e9 dans un communiqu\u00e9 que le M23 a bombard\u00e9 des objectifs civils, pr\u00e9cisant que \u00ab&nbsp;sept bombes ont \u00e9t\u00e9 tir\u00e9es lundi en fin d\u2019apr\u00e8s-midi, tuant deux civils, dont un enfant de 12 ans, et blessant six autres&nbsp;\u00bb. Le Comit\u00e9 international de la Croix-rouge (CICR) \u00e9voque un mort et sept bless\u00e9s au cours de ce bombardement.<\/p>\n\n\n\n<p>Les affrontements se poursuivent \u00e9galement sur le front nord, o\u00f9 le M23 reste \u00e0 l\u2019offensive sur des villages et des positions des FARDC (forces arm\u00e9es de la RDC) provoquant, selon des t\u00e9moins, le repli de militaires vers la ville de Kanyabayonga, plus au nord.<\/p>\n\n\n\n<h2 class=\"wp-block-heading\">Accusations mutuelles<\/h2>\n\n\n\n<p><a href=\"https:\/\/www.jeuneafrique.com\/1413157\/politique\/en-rdc-le-m23-sempare-dune-nouvelle-ville-larmee-evoque-un-retrait-tactique\/\">Malgr\u00e9 sa progression sur le terrain<\/a>, la r\u00e9bellion du M23 a annonc\u00e9 mardi dans un communiqu\u00e9 \u00ab&nbsp;un cessez-le-feu effectif&nbsp;\u00bb \u00e0 12 heures, afin \u00ab&nbsp;d\u2019ouvrir la voie au dialogue direct avec le gouvernement de Kinshasa&nbsp;\u00bb. Les deux parties s\u2019accusent mutuellement d\u2019avoir lanc\u00e9 des attaques sur leurs positions.<\/p>\n\n\n\n<p>Willy Ngoma, un porte-parole du M23, a d\u00e9clar\u00e9 que l\u2019arm\u00e9e congolaise avait attaqu\u00e9 lundi \u00ab&nbsp;simultan\u00e9ment toutes [ses] positions&nbsp;\u00bb et que la r\u00e9bellion subissait encore des attaques&nbsp;mardi&nbsp;matin. Le M23 r\u00e9agit \u00ab&nbsp;en l\u00e9gitime d\u00e9fense&nbsp;\u00bb, a-t-il affirm\u00e9.\u00c0 LIRE<a href=\"https:\/\/www.jeuneafrique.com\/1417553\/politique\/retrait-du-m23-de-rdc-fdlr-ce-que-leac-a-decide-a-nairobi\/\">Retrait du M23 de RDC, FDLR\u2026 Ce que l\u2019EAC a d\u00e9cid\u00e9 \u00e0 Nairobi<\/a><\/p>\n\n\n\n<p>Les autorit\u00e9s congolaises, par la voix du lieutenant-colonel Guillaume Ndjike, porte-parole de l\u2019arm\u00e9e au Nord-Kivu, accusent de leur c\u00f4t\u00e9 \u00ab&nbsp;les terroristes du M23 et leurs parrains des Rwanda Defence Force [l\u2019arm\u00e9e rwandaise]&nbsp;\u00bb d\u2019avoir lanc\u00e9 lundi \u00ab&nbsp;une attaque qui a cibl\u00e9<a href=\"https:\/\/www.jeuneafrique.com\/1424106\/politique\/des-troupes-burundaises-de-la-force-regionale-arrivees-en-rdc\/\">&nbsp;le contingent burundais r\u00e9cemment d\u00e9ploy\u00e9 dans le cadre de la force r\u00e9gionale de l\u2019East African Community (EAC)<\/a>\u00ab&nbsp;.<\/p>\n\n\n\n<p>Selon le lieutenant-colonel Ndjike, cette attaque \u00ab&nbsp;au mortier&nbsp;\u00bb a \u00e9galement vis\u00e9 un camp de personnes d\u00e9plac\u00e9es et la cit\u00e9 de Mubambiro, causant \u00ab&nbsp;d\u2019\u00e9normes d\u00e9g\u00e2ts&nbsp;\u00bb, \u00e0 20 km \u00e0 l\u2019ouest de Goma.<\/p>\n\n\n\n<h2 class=\"wp-block-heading\">Sanctions ?<\/h2>\n\n\n\n<p>Samedi,&nbsp;<a href=\"https:\/\/www.jeuneafrique.com\/1424041\/politique\/chez-felix-tshisekedi-la-cloture-brut-de-decoffrage-de-la-tournee-demmanuel-macron\/\">au cours de sa visite en RDC, le pr\u00e9sident fran\u00e7ais Emmanuel Macron<\/a>&nbsp;avait d\u00e9clar\u00e9 \u00e0 propos des engagements pris par les parties au conflit qu\u2019en cas de non respect du cessez-le-feu, des sanctions pourraient \u00eatre prises, y compris contre le Rwanda. La r\u00e9bellion du M23, rest\u00e9e en sommeil pendant pr\u00e8s de dix ans, a repris les armes fin 2021. Kinshasa accuse le Rwanda de la soutenir, ce qui a \u00e9t\u00e9 corrobor\u00e9 par des experts de l\u2019ONU, bien que Kigali s\u2019en d\u00e9fende.\u00c0 LIRE<a href=\"https:\/\/www.jeuneafrique.com\/1422691\/politique\/emmanuel-macron-lequilibriste-entre-felix-tshisekedi-et-paul-kagame\/\">Emmanuel Macron, l\u2019\u00e9quilibriste entre F\u00e9lix Tshisekedi et Paul Kagame<\/a><\/p>\n\n\n\n<p>Le nouveau cessez-le-feu annonc\u00e9 intervient apr\u00e8s l\u2019\u00e9chec de toutes les pr\u00e9c\u00e9dentes initiatives r\u00e9gionales lanc\u00e9es pour mettre fin \u00e0 la progression du M23 ces derniers mois dans le Nord-Kivu. Le 3 mars, \u00e0 Luanda, la pr\u00e9sidence angolaise, d\u00e9sign\u00e9e m\u00e9diatrice par l\u2019Union africaine dans cette crise, annon\u00e7ait un nouveau calendrier de cessation des hostilit\u00e9s, d\u00e9butant ce mardi \u00e0 midi avec l\u2019arr\u00eat des combats \u00ab&nbsp;dans toute la r\u00e9gion orientale de&nbsp;la&nbsp;RDC&nbsp;\u00bb.<\/p>\n\n\n\n<p><strong>(Avec AFP)<\/strong><\/p>\n<div style=\"text-align:center\" class=\"wps-pgfw-pdf-generate-icon__wrapper-frontend\">\n\t\t<a href=\"https:\/\/congokin.blog?action=genpdf&amp;id=11623\" class=\"pgfw-single-pdf-download-button\" ><img src=\"https:\/\/congokin.blog\/wp-content\/plugins\/pdf-generator-for-wp\/admin\/src\/images\/PDF_Tray.svg\" title=\"G\u00e9n\u00e9rer un PDF\" style=\"width:auto; height:45px;\"><\/a>\n\t\t<\/div>","protected":false},"excerpt":{"rendered":"<p>POLITIQUE Dans l\u2019est de la RDC, les combats continuent malgr\u00e9 le cessez-le-feu En d\u00e9pit de la pression internationale et de l\u2019annonce d\u2019un cessez-le-feu pr\u00e9vu ce mardi 7 mars \u00e0 midi (10 heures GMT) entre l\u2019arm\u00e9e et le M23, les affrontements se poursuivent,&nbsp;selon des sources locales. 7 mars 2023 \u00e0 19:49 Par&nbsp;Jeune Afrique Mis \u00e0 jour [&hellip;]<\/p>\n","protected":false},"author":9,"featured_media":0,"comment_status":"open","ping_status":"closed","sticky":false,"template":"","format":"standard","meta":{"footnotes":""},"categories":[6,7,8],"tags":[],"class_list":["post-11623","post","type-post","status-publish","format-standard","hentry","category-justice","category-politique","category-societe"],"_links":{"self":[{"href":"https:\/\/congokin.blog\/index.php?rest_route=\/wp\/v2\/posts\/11623","targetHints":{"allow":["GET"]}}],"collection":[{"href":"https:\/\/congokin.blog\/index.php?rest_route=\/wp\/v2\/posts"}],"about":[{"href":"https:\/\/congokin.blog\/index.php?rest_route=\/wp\/v2\/types\/post"}],"author":[{"embeddable":true,"href":"https:\/\/congokin.blog\/index.php?rest_route=\/wp\/v2\/users\/9"}],"replies":[{"embeddable":true,"href":"https:\/\/congokin.blog\/index.php?rest_route=%2Fwp%2Fv2%2Fcomments&post=11623"}],"version-history":[{"count":1,"href":"https:\/\/congokin.blog\/index.php?rest_route=\/wp\/v2\/posts\/11623\/revisions"}],"predecessor-version":[{"id":11624,"href":"https:\/\/congokin.blog\/index.php?rest_route=\/wp\/v2\/posts\/11623\/revisions\/11624"}],"wp:attachment":[{"href":"https:\/\/congokin.blog\/index.php?rest_route=%2Fwp%2Fv2%2Fmedia&parent=11623"}],"wp:term":[{"taxonomy":"category","embeddable":true,"href":"https:\/\/congokin.blog\/index.php?rest_route=%2Fwp%2Fv2%2Fcategories&post=11623"},{"taxonomy":"post_tag","embeddable":true,"href":"https:\/\/congokin.blog\/index.php?rest_route=%2Fwp%2Fv2%2Ftags&post=11623"}],"curies":[{"name":"wp","href":"https:\/\/api.w.org\/{rel}","templated":true}]}}