{"id":11629,"date":"2023-03-09T10:31:47","date_gmt":"2023-03-09T10:31:47","guid":{"rendered":"https:\/\/congokin.blog\/?p=11629"},"modified":"2023-03-09T10:31:47","modified_gmt":"2023-03-09T10:31:47","slug":"emmanuel-macron-trinquant-avec-patrick-muyayatempete-dans-un-verre-de-houblon","status":"publish","type":"post","link":"https:\/\/congokin.blog\/?p=11629","title":{"rendered":"Emmanuel Macron trinquant avec Patrick Muyaya,temp\u00eate dans un verre de houblon ?"},"content":{"rendered":"\n<p>POLITIQUE<\/p>\n\n\n\n<h1 class=\"wp-block-heading\">Emmanuel Macron trinquant avec Patrick Muyaya, temp\u00eate dans un verre de houblon ?<\/h1>\n\n\n\n<h2 class=\"wp-block-heading\">Du c\u00f4t\u00e9 de la R\u00e9publique d\u00e9mocratique du Congo comme du c\u00f4t\u00e9 de la France, les r\u00e9seaux sociaux s\u2019\u00e9meuvent du spectacle offert par le ministre congolais des Communications et le chef de l\u2019\u00c9tat fran\u00e7ais \u00e0 la terrasse d\u2019un maquis de Kinshasa.<\/h2>\n\n\n\n<p>9 mars 2023 \u00e0 09:32<\/p>\n\n\n\n<p>Mis \u00e0 jour le 9 mars 2023 \u00e0 10:05<\/p>\n\n\n\n<figure class=\"wp-block-image\"><img decoding=\"async\" src=\"https:\/\/www.jeuneafrique.com\/cdn-cgi\/image\/q=100,f=auto,metadata=none,width=129,height=129\/https:\/\/www.jeuneafrique.com\/medias\/2021\/05\/18\/gf_edito_autocaricature_bis-1-200x200.jpg\" alt=\"Damien Glez\"\/><\/figure>\n\n\n\n<p>Par&nbsp;<strong><em>Damien Glez<\/em><\/strong><\/p>\n\n\n\n<p>Dessinateur et \u00e9ditorialiste franco-burkinab\u00e8.<\/p>\n\n\n\n<figure class=\"wp-block-image\"><img decoding=\"async\" src=\"https:\/\/www.jeuneafrique.com\/cdn-cgi\/image\/q=100,f=auto,metadata=none,width=1256,height=628\/https:\/\/www.jeuneafrique.com\/medias\/2023\/03\/09\/macron_biere_kinshasa_1256-1256x628-1678352744.jpg\" alt=\"\"\/><figcaption class=\"wp-element-caption\">\u00a9 Damien Glez<\/figcaption><\/figure>\n\n\n\n<p>Il ne faut jamais sous-estimer l\u2019importance de la bi\u00e8re dans les parcours politique des nations, notamment africaines : c\u2019est souvent le prix de la canette qui chagrine, en p\u00e9riode d\u2019inflation ou de d\u00e9valuation ; c\u2019est l\u2019alcool que l\u2019on met \u00e0 contribution, lorsqu\u2019il s\u2019agit de pr\u00e9lever une taxe exceptionnelle, au titre d\u2019un effort de guerre ; c\u2019est une&nbsp;<a href=\"https:\/\/www.jeuneafrique.com\/1424450\/politique\/en-centrafrique-une-brasserie-de-castel-victime-dun-incendie-criminel\/\">brasserie qui est parfois prise pour cible,<\/a>&nbsp;pour de pr\u00e9sum\u00e9s motifs g\u00e9opolitiques, comme le stock de la Mocaf, filiale du groupe fran\u00e7ais Castel, ce dimanche soir \u00e0 Bangui\u2026\u00c0 LIRE<a href=\"https:\/\/www.jeuneafrique.com\/1424416\/politique\/du-sommet-de-libreville-a-la-crise-du-m23-cinq-questions-pour-comprendre-la-derniere-tournee-demmanuel-macron\/\">Emmanuel Macron et l\u2019Afrique, cinq questions pour comprendre une visite marathon<\/a><\/p>\n\n\n\n<p>Quant \u00e0 l\u2019affichage d\u2019un haut responsable politique, un&nbsp;verre&nbsp;d\u2019alcool \u00e0 la main, il m\u00e9rite d\u2019\u00eatre cantonn\u00e9 au champagne de quelque visite d\u2019\u00c9tat ou au calva d\u2019un salon de l\u2019agriculture. M\u00eame r\u00e9guli\u00e8rement qualifi\u00e9 de Jupiter hautain, l\u2019actuel pr\u00e9sident fran\u00e7ais conna\u00eet les dangers du l\u00e2cher-prise en mode \u00ab&nbsp;enjaillement du sud&nbsp;\u00bb. Il a gard\u00e9 en m\u00e9moire son clich\u00e9 saint-martinois avec un jeune, torse nu, brandissant un doigt d\u2019honneur ou sa familiarit\u00e9 excessive avec Roch Marc Christian Kabor\u00e9, homologue burkinab\u00e8 \u00e9tiquet\u00e9 r\u00e9parateur de climatisation.<\/p>\n\n\n\n<h2 class=\"wp-block-heading\">Proc\u00e8s en \u00ab&nbsp;frivolit\u00e9&nbsp;\u00bb<\/h2>\n\n\n\n<p>Ramant, lors de&nbsp;<a href=\"https:\/\/www.jeuneafrique.com\/1422328\/politique\/la-nouvelle-strategie-africaine-de-macron-a-lepreuve-du-terrain\/\">sa derni\u00e8re tourn\u00e9e africaine,<\/a>&nbsp;\u00e0 contre-courant de manifestations anti-m\u00e9pris fran\u00e7ais, Emmanuel Macron pouvait-il r\u00e9sister au storytelling du pr\u00e9sident afrophile \u00ab&nbsp;sans fa\u00e7on&nbsp;\u00bb, invit\u00e9 qu\u2019il \u00e9tait \u00e0 partager une pinte, samedi dans un bar de la commune de Bandalungwa, avec celui qu\u2019il recevait, quelques jours plus t\u00f4t, \u00e0 l\u2019\u00c9lys\u00e9e :&nbsp;<a href=\"https:\/\/www.jeuneafrique.com\/1422755\/politique\/en-rdc-colere-contre-fally-ipupa-slogans-anti-macron-et-drapeaux-russes\/\">le chanteur congolais Fally Ipupa<\/a>&nbsp;? Entre d\u00e9dain et d\u00e9sinvolture, la ligne de cr\u00eate est \u00e9troite, pour qui se laisse enivrer d\u2019ambiance de maquis autant que d\u2019alcool.\u00c0 LIRE<a href=\"https:\/\/www.jeuneafrique.com\/1424041\/politique\/chez-felix-tshisekedi-la-cloture-brut-de-decoffrage-de-la-tournee-demmanuel-macron\/\">Chez F\u00e9lix Tshisekedi, la cl\u00f4ture \u00ab&nbsp;brut de d\u00e9coffrage&nbsp;\u00bb de la tourn\u00e9e d\u2019Emmanuel Macron<\/a><\/p>\n\n\n\n<p>En pleine crise de la r\u00e9forme des retraites fran\u00e7aises, la captation vid\u00e9o de la bi\u00e8re kinoise de Macron suscitera cris d\u2019orfraie et satires, un abonn\u00e9 de Twitter se demandant, \u00e0 la veille d\u2019un&nbsp;jour&nbsp;de manif, si on verrait le chef de l\u2019\u00c9tat \u00ab&nbsp;devant la camionnette CGT avec une binouze et une merguez&nbsp;\u00bb. Mais l\u2019image de la terrasse n\u2019a pas \u00e9mu que les Fran\u00e7ais. Car, aux c\u00f4t\u00e9s de \u00ab&nbsp;Manu&nbsp;\u00bb et \u00ab&nbsp;Fally&nbsp;\u00bb, s\u2019ambian\u00e7ait \u00e9galement le ministre des Communications et M\u00e9dias et porte-parole du gouvernement congolais. Depuis le clich\u00e9 alcoolis\u00e9, Patrick Muyaya Katembwe se voit accus\u00e9 de \u00ab&nbsp;frivolit\u00e9&nbsp;\u00bb sur les r\u00e9seaux sociaux, au moment o\u00f9 la situation \u00e0 l\u2019est de la R\u00e9publique d\u00e9mocratique du Congo (RDC) est plus que jamais pr\u00e9occupante. \u00ab&nbsp;On blague avec tout, c\u2019est pourquoi tout le monde blague avec nous&nbsp;\u00bb, se d\u00e9sole le twittos Chris kabeya Mbaya.<\/p>\n\n\n\n<p>Au cours de son point de presse hebdomadaire, ce mardi, Patrick Muyaya Katembwe se disait d\u00e9sol\u00e9 que \u00ab&nbsp;des personnes de bonne foi&nbsp;\u00bb se soient \u00ab&nbsp;senties heurt\u00e9es&nbsp;\u00bb, \u00e9tant donn\u00e9 \u00ab&nbsp;le contexte&nbsp;\u00bb s\u00e9curitaire, affirmait que&nbsp;<a href=\"https:\/\/www.jeuneafrique.com\/1424041\/politique\/chez-felix-tshisekedi-la-cloture-brut-de-decoffrage-de-la-tournee-demmanuel-macron\/\">\u00ab&nbsp;des choses s\u00e9rieuses avaient \u00e9t\u00e9 dites durant toute la journ\u00e9e&nbsp;\u00bb<\/a>&nbsp;et estimait que ce moment de d\u00e9tente, \u00ab&nbsp;tout le monde&nbsp;\u00bb \u00e0 sa place \u00ab&nbsp;l\u2019aurait fait&nbsp;\u00bb. Et le notable de Bandalungwa de solder sa solennit\u00e9 r\u00e9paratrice par un trait d\u2019humour incongru, \u00e9voquant le fait qu\u2019il se dit \u00e0 Kinshasa que \u00ab&nbsp;Bandal&nbsp;c\u2019est&nbsp;Paris&nbsp;\u00bb\u2026<\/p>\n<div style=\"text-align:center\" class=\"wps-pgfw-pdf-generate-icon__wrapper-frontend\">\n\t\t<a href=\"https:\/\/congokin.blog?action=genpdf&amp;id=11629\" class=\"pgfw-single-pdf-download-button\" ><img src=\"https:\/\/congokin.blog\/wp-content\/plugins\/pdf-generator-for-wp\/admin\/src\/images\/PDF_Tray.svg\" title=\"G\u00e9n\u00e9rer un PDF\" style=\"width:auto; height:45px;\"><\/a>\n\t\t<\/div>","protected":false},"excerpt":{"rendered":"<p>POLITIQUE Emmanuel Macron trinquant avec Patrick Muyaya, temp\u00eate dans un verre de houblon ? Du c\u00f4t\u00e9 de la R\u00e9publique d\u00e9mocratique du Congo comme du c\u00f4t\u00e9 de la France, les r\u00e9seaux sociaux s\u2019\u00e9meuvent du spectacle offert par le ministre congolais des Communications et le chef de l\u2019\u00c9tat fran\u00e7ais \u00e0 la terrasse d\u2019un maquis de Kinshasa. 9 [&hellip;]<\/p>\n","protected":false},"author":9,"featured_media":0,"comment_status":"open","ping_status":"closed","sticky":false,"template":"","format":"standard","meta":{"footnotes":""},"categories":[6,7,8],"tags":[],"class_list":["post-11629","post","type-post","status-publish","format-standard","hentry","category-justice","category-politique","category-societe"],"_links":{"self":[{"href":"https:\/\/congokin.blog\/index.php?rest_route=\/wp\/v2\/posts\/11629","targetHints":{"allow":["GET"]}}],"collection":[{"href":"https:\/\/congokin.blog\/index.php?rest_route=\/wp\/v2\/posts"}],"about":[{"href":"https:\/\/congokin.blog\/index.php?rest_route=\/wp\/v2\/types\/post"}],"author":[{"embeddable":true,"href":"https:\/\/congokin.blog\/index.php?rest_route=\/wp\/v2\/users\/9"}],"replies":[{"embeddable":true,"href":"https:\/\/congokin.blog\/index.php?rest_route=%2Fwp%2Fv2%2Fcomments&post=11629"}],"version-history":[{"count":1,"href":"https:\/\/congokin.blog\/index.php?rest_route=\/wp\/v2\/posts\/11629\/revisions"}],"predecessor-version":[{"id":11630,"href":"https:\/\/congokin.blog\/index.php?rest_route=\/wp\/v2\/posts\/11629\/revisions\/11630"}],"wp:attachment":[{"href":"https:\/\/congokin.blog\/index.php?rest_route=%2Fwp%2Fv2%2Fmedia&parent=11629"}],"wp:term":[{"taxonomy":"category","embeddable":true,"href":"https:\/\/congokin.blog\/index.php?rest_route=%2Fwp%2Fv2%2Fcategories&post=11629"},{"taxonomy":"post_tag","embeddable":true,"href":"https:\/\/congokin.blog\/index.php?rest_route=%2Fwp%2Fv2%2Ftags&post=11629"}],"curies":[{"name":"wp","href":"https:\/\/api.w.org\/{rel}","templated":true}]}}