{"id":11633,"date":"2023-03-09T18:28:08","date_gmt":"2023-03-09T18:28:08","guid":{"rendered":"https:\/\/congokin.blog\/?p=11633"},"modified":"2023-03-09T18:28:08","modified_gmt":"2023-03-09T18:28:08","slug":"qui-est-le-nouveau-prive-de-felix-tshisekedi-successeur-de-fortunat-biselele","status":"publish","type":"post","link":"https:\/\/congokin.blog\/?p=11633","title":{"rendered":"Qui est le nouveau \u00ab\u00a0priv\u00e9\u00a0\u00bb de F\u00e9lix Tshisekedi, successeur de Fortunat Biselele"},"content":{"rendered":"\n<p>POLITIQUE<\/p>\n\n\n\n<h1 class=\"wp-block-heading\">Qui est le nouveau \u00ab&nbsp;priv\u00e9&nbsp;\u00bb de F\u00e9lix Tshisekedi, successeur de Fortunat Biselele<\/h1>\n\n\n\n<h2 class=\"wp-block-heading\">Fils d\u2019un haut dignitaire de Mobutu, Kahumbu Mandungu Bula a aussi \u00e9t\u00e9 l\u2019un des hommes au c\u0153ur du rapprochement entre le chef de l\u2019\u00c9tat et les \u00c9mirats arabes unis.<\/h2>\n\n\n\n<p>9 mars 2023 \u00e0 17:24<\/p>\n\n\n\n<p>Par&nbsp;<em>Jeune Afrique<\/em><\/p>\n\n\n\n<p>Mis \u00e0 jour le 9 mars 2023 \u00e0 17:24<\/p>\n\n\n\n<figure class=\"wp-block-image\"><img decoding=\"async\" src=\"https:\/\/www.jeuneafrique.com\/cdn-cgi\/image\/q=100,f=auto,metadata=none,width=1256,height=628\/https:\/\/www.jeuneafrique.com\/medias\/2023\/03\/08\/jad20230308-conf-rdc-sucesseur-fortunat-biselele-1256x628-1678377615.jpg\" alt=\"\"\/><figcaption class=\"wp-element-caption\">Le pr\u00e9sident de RDC F\u00e9lix Tshisekedi, le 7 mars 2023. \u00a9 Pr\u00e9sidence RDC.<\/figcaption><\/figure>\n\n\n\n<p>Dans les cercles du pouvoir, il est d\u00e9sormais l\u2019un des hommes qui compte.&nbsp;<strong>Kahumbu Mandungu Bula<\/strong>, le nouveau conseiller priv\u00e9 de&nbsp;<strong>F\u00e9lix Tshisekedi<\/strong>, est en effet au plus pr\u00e8s du chef de l\u2019\u00c9tat. Il entretenait des relations fra\u00eeches avec son pr\u00e9d\u00e9cesseur&nbsp;<a href=\"https:\/\/www.jeuneafrique.com\/1410448\/politique\/dix-choses-a-savoir-sur-fortunat-biselele-lex-conseiller-prive-de-felix-tshisekedi\/\"><strong>Fortunat Biselele<\/strong>, actuellement poursuivi pour \u00ab&nbsp;trahison, atteinte \u00e0 la suret\u00e9 ext\u00e9rieure de l\u2019\u00c9tat et propagation de fausses nouvelles&nbsp;\u00bb<\/a>. Fils d\u2019<strong>Antoine Mandungu Bula Nyati<\/strong>, un ancien conseiller de&nbsp;<strong>Mobutu&nbsp;Sese&nbsp;Seko<\/strong>, Kahumbu Mandungu Bula a v\u00e9cu une partie de sa jeunesse en Espagne.<\/p>\n\n\n\n<h2 class=\"wp-block-heading\">Un interm\u00e9diaire nomm\u00e9 Beya<\/h2>\n\n\n\n<p>Pass\u00e9 par la Direction g\u00e9n\u00e9rale de migration (DGM),&nbsp;<a href=\"https:\/\/www.jeuneafrique.com\/1370359\/politique\/exclusif-rdc-cia-colis-suspect-commissariat-prive-francois-beya-a-t-il-failli-a-sa-mission\/\">o\u00f9 il travaillait avec&nbsp;<strong>Fran\u00e7ois Beya<\/strong><\/a>, qui dirigeait alors cette puissante institution, c\u2019est via celui-ci \u2013 devenu entre-temps le conseiller sp\u00e9cial en mati\u00e8re de s\u00e9curit\u00e9 du pr\u00e9sident \u2013 que Kahumbu Mandungu Bula est entr\u00e9 au cabinet de F\u00e9lix Tshisekedi. Selon nos sources, Beya lui a d\u2019ailleurs t\u00e9l\u00e9phon\u00e9 pour le f\u00e9liciter, apr\u00e8s sa nomination.\u00c0 LIRE<a href=\"https:\/\/www.jeuneafrique.com\/1274095\/politique\/rdc-beya-biselele-nangaa-discrete-guerre-de-palais-dans-le-premier-cercle-de-tshisekedi\/\">RDC : Beya, Biselele, Nangaa\u2026 Discr\u00e8te guerre de palais dans le premier cercle de Tshisekedi<\/a><\/p>\n\n\n\n<p>Selon nos informations, Kahumbu Mandungu Bula a \u00e9t\u00e9 associ\u00e9 au suivi du dossier relatif au litige autour du carr\u00e9 minier de Zani Kodo. Situ\u00e9 dans la province de l\u2019Ituri, ce projet s\u2019est retrouv\u00e9 en d\u00e9cembre 2021 au c\u0153ur d\u2019un important conflit entre plusieurs personnalit\u00e9s, dont&nbsp;<a href=\"https:\/\/www.jeuneafrique.com\/1422497\/politique\/en-rdc-le-frere-de-corneille-nangaa-nouvelle-cible-de-ligf\/\">l\u2019ancien pr\u00e9sident de la Commission \u00e9lectorale nationale ind\u00e9pendante (Ceni)&nbsp;<strong>Corneille Nangaa<\/strong><\/a>,&nbsp;les&nbsp;ministres&nbsp;<strong>Jos\u00e9 Mpanda<\/strong>&nbsp;et<strong>&nbsp;Guy Loando<\/strong>, mais aussi&nbsp;Fortunat Biselele.<\/p>\n\n\n\n<h2 class=\"wp-block-heading\">\u00ab&nbsp;Monsieur \u00c9mirats&nbsp;\u00bb<\/h2>\n\n\n\n<p>\u00c0 l\u2019\u00e9poque, ce dossier a mis en lumi\u00e8re les tensions entre deux piliers du pouvoir : Fran\u00e7ois Beya et Fortunat Biselele. Deux mois apr\u00e8s, le conseiller s\u00e9curit\u00e9 de F\u00e9lix Tshisekedi a \u00e9t\u00e9 arr\u00eat\u00e9&nbsp;<a href=\"https:\/\/www.jeuneafrique.com\/1381039\/politique\/rdc-en-convalescence-a-paris-francois-beya-joue-les-prolongations\/\">et emprisonn\u00e9 sur la base de soup\u00e7ons de complot contre le chef de l\u2019\u00c9tat<\/a>.\u00c0 LIRE<a href=\"https:\/\/www.jeuneafrique.com\/1369864\/politique\/rdc-francois-beya-revelations-sur-une-affaire-detat\/\">RDC : Fran\u00e7ois Beya, r\u00e9v\u00e9lations sur une affaire d\u2019\u00c9tat<\/a><\/p>\n\n\n\n<p>Nomm\u00e9 en septembre 2022 \u00e0 la t\u00eate du&nbsp;<a href=\"https:\/\/www.jeuneafrique.com\/1310313\/economie\/rdc-une-alliance-reequilibree-entre-dp-world-et-kinshasa-sur-le-port-de-banana\/\">bureau de coordination de suivi du projet du port de Banana,<\/a>&nbsp;op\u00e9r\u00e9 par la soci\u00e9t\u00e9 duba\u00efote DP World, Kahumbu Mandungu Bula s\u2019est aussi affirm\u00e9 comme un interm\u00e9diaire privil\u00e9gi\u00e9 entre F\u00e9lix Tshisekedi et les \u00c9mirats arabes unis. Il fut notamment l\u2019une des chevilles ouvri\u00e8res du partenariat nou\u00e9 en janvier dernier \u00e0 Abu Dhabi et cens\u00e9 permettre d\u2019am\u00e9liorer la tra\u00e7abilit\u00e9 de l\u2019or&nbsp;<a href=\"https:\/\/www.jeuneafrique.com\/1408928\/economie\/la-rdc-et-les-emirats-arabes-unis-peuvent-ils-vraiment-contrer-l-or-du-sang\/\">\u00e0 travers la cr\u00e9ation d\u2019une soci\u00e9t\u00e9, Primera&nbsp;Gold&nbsp;DRC<\/a>.<\/p>\n<div style=\"text-align:center\" class=\"wps-pgfw-pdf-generate-icon__wrapper-frontend\">\n\t\t<a href=\"https:\/\/congokin.blog?action=genpdf&amp;id=11633\" class=\"pgfw-single-pdf-download-button\" ><img src=\"https:\/\/congokin.blog\/wp-content\/plugins\/pdf-generator-for-wp\/admin\/src\/images\/PDF_Tray.svg\" title=\"G\u00e9n\u00e9rer un PDF\" style=\"width:auto; height:45px;\"><\/a>\n\t\t<\/div>","protected":false},"excerpt":{"rendered":"<p>POLITIQUE Qui est le nouveau \u00ab&nbsp;priv\u00e9&nbsp;\u00bb de F\u00e9lix Tshisekedi, successeur de Fortunat Biselele Fils d\u2019un haut dignitaire de Mobutu, Kahumbu Mandungu Bula a aussi \u00e9t\u00e9 l\u2019un des hommes au c\u0153ur du rapprochement entre le chef de l\u2019\u00c9tat et les \u00c9mirats arabes unis. 9 mars 2023 \u00e0 17:24 Par&nbsp;Jeune Afrique Mis \u00e0 jour le 9 mars [&hellip;]<\/p>\n","protected":false},"author":9,"featured_media":0,"comment_status":"open","ping_status":"closed","sticky":false,"template":"","format":"standard","meta":{"footnotes":""},"categories":[6,7,8],"tags":[],"class_list":["post-11633","post","type-post","status-publish","format-standard","hentry","category-justice","category-politique","category-societe"],"_links":{"self":[{"href":"https:\/\/congokin.blog\/index.php?rest_route=\/wp\/v2\/posts\/11633","targetHints":{"allow":["GET"]}}],"collection":[{"href":"https:\/\/congokin.blog\/index.php?rest_route=\/wp\/v2\/posts"}],"about":[{"href":"https:\/\/congokin.blog\/index.php?rest_route=\/wp\/v2\/types\/post"}],"author":[{"embeddable":true,"href":"https:\/\/congokin.blog\/index.php?rest_route=\/wp\/v2\/users\/9"}],"replies":[{"embeddable":true,"href":"https:\/\/congokin.blog\/index.php?rest_route=%2Fwp%2Fv2%2Fcomments&post=11633"}],"version-history":[{"count":1,"href":"https:\/\/congokin.blog\/index.php?rest_route=\/wp\/v2\/posts\/11633\/revisions"}],"predecessor-version":[{"id":11634,"href":"https:\/\/congokin.blog\/index.php?rest_route=\/wp\/v2\/posts\/11633\/revisions\/11634"}],"wp:attachment":[{"href":"https:\/\/congokin.blog\/index.php?rest_route=%2Fwp%2Fv2%2Fmedia&parent=11633"}],"wp:term":[{"taxonomy":"category","embeddable":true,"href":"https:\/\/congokin.blog\/index.php?rest_route=%2Fwp%2Fv2%2Fcategories&post=11633"},{"taxonomy":"post_tag","embeddable":true,"href":"https:\/\/congokin.blog\/index.php?rest_route=%2Fwp%2Fv2%2Ftags&post=11633"}],"curies":[{"name":"wp","href":"https:\/\/api.w.org\/{rel}","templated":true}]}}