{"id":11635,"date":"2023-03-09T18:33:18","date_gmt":"2023-03-09T18:33:18","guid":{"rendered":"https:\/\/congokin.blog\/?p=11635"},"modified":"2023-03-09T18:33:18","modified_gmt":"2023-03-09T18:33:18","slug":"visite-du-conseil-de-securite-en-rdc-en-proie-aux-violences-dans-lest","status":"publish","type":"post","link":"https:\/\/congokin.blog\/?p=11635","title":{"rendered":"Visite du Conseil de s\u00e9curit\u00e9 en\u00a0RDC, en proie aux violences dans l\u2019Est"},"content":{"rendered":"\n<h1 class=\"wp-block-heading\">Visite du Conseil de s\u00e9curit\u00e9 en\u00a0RDC, en proie aux violences dans l\u2019Est<\/h1>\n\n\n\n<ul class=\"wp-block-list\">\n<li>Dans\u00a0R\u00e9publique d\u00e9mocratique du Congo<\/li>\n\n\n\n<li>9 mars 2023<\/li>\n\n\n\n<li>AFP<\/li>\n\n\n\n<li>172 Vues<\/li>\n<\/ul>\n\n\n\n<figure class=\"wp-block-image\"><a href=\"https:\/\/afrique.lalibre.be\/app\/uploads\/2023\/03\/monusco-fardc-690x450.jpg\"><img decoding=\"async\" src=\"https:\/\/afrique.lalibre.be\/app\/uploads\/2023\/03\/monusco-fardc-690x450.jpg\" alt=\"Visite du Conseil de s\u00e9curit\u00e9 en\u00a0RDC, en proie aux violences dans l\u2019Est\" title=\"\"\/><\/a><\/figure>\n\n\n\n<h3 class=\"wp-block-heading\">Une d\u00e9l\u00e9gation du Conseil de s\u00e9curit\u00e9 des Nations unies entame jeudi une visite de trois jours en R\u00e9publique d\u00e9mocratique du Congo, o\u00f9 des combats dans l\u2019Est opposent l\u2019arm\u00e9e \u00e0 la r\u00e9bellion du M23, a-t-on appris de sources onusiennes. Apr\u00e8s plusieurs annonces d\u2019arr\u00eat des hostilit\u00e9s rest\u00e9es sans effet ces derniers mois, un cessez-le-feu \u00e9tait cens\u00e9 entrer en vigueur mardi.&nbsp;<\/h3>\n\n\n\n<p>La veille, le secr\u00e9taire g\u00e9n\u00e9ral de l\u2019ONU, Antonio Guterres, exhortait la r\u00e9bellion \u00e0 se conformer \u00e0 cette tr\u00eave, tandis que le week-end dernier, le pr\u00e9sident fran\u00e7ais Emmanuel Macron, en visite \u00e0 Kinshasa, mena\u00e7ait de sanctions les parties au conflit qui ignoreraient cette nouvelle \u00e9ch\u00e9ance.<\/p>\n\n\n\n<p>Mais les armes ne se sont pas tues dans la province du Nord-Kivu, o\u00f9 le M23, r\u00e9bellion qui a repris les armes fin 2021, a continu\u00e9 depuis mardi d\u2019\u00e9tendre son territoire.<\/p>\n\n\n\n<p>Kinshasa accuse le Rwanda de soutenir cette r\u00e9bellion, ce qui a \u00e9t\u00e9 corrobor\u00e9 par des experts des Nations unies et d\u00e9nonc\u00e9 par plusieurs pays occidentaux, bien que Kigali s\u2019en d\u00e9fende.<\/p>\n\n\n\n<p>La d\u00e9l\u00e9gation du Conseil de s\u00e9curit\u00e9, attendue jeudi soir dans la capitale de&nbsp;RDC, o\u00f9 elle va rencontrer les autorit\u00e9s, dont le pr\u00e9sident F\u00e9lix Tshisekedi, doit \u00eatre samedi et dimanche \u00e0 Goma, le chef-lieu du Nord-Kivu, ville de plus d\u2019un million d\u2019habitants coinc\u00e9e entre le Rwanda \u00e0 l\u2019est, le lac Kivu au sud et les rebelles du M23 au nord et \u00e0 l\u2019ouest.<\/p>\n\n\n\n<p>Les repr\u00e9sentants du Conseil comptent \u00ab&nbsp;appr\u00e9cier la situation s\u00e9curitaire et humanitaire dans le Nord-Kivu&nbsp;\u00bb, a indiqu\u00e9 dans un communiqu\u00e9 la Mission de l\u2019ONU dans le pays (Monusco), et \u00ab&nbsp;\u00e9valuer le contexte dans lequel \u00e9volue&nbsp;\u00bb cette force.<\/p>\n\n\n\n<p>Pr\u00e9sente en&nbsp;RDC&nbsp;depuis 23 ans et forte encore aujourd\u2019hui de plus de 16.000 hommes, la Monusco est de plus en plus critiqu\u00e9e dans le pays pour son incapacit\u00e9 \u00e0 mettre fin aux violences en cours dans l\u2019Est depuis pr\u00e8s de 30 ans.<\/p>\n\n\n\n<p>Durant l\u2019ann\u00e9e pass\u00e9e, plus de 800.000 personnes ont \u00e9t\u00e9 affect\u00e9es par les combats entre l\u2019arm\u00e9e et le M23, a indiqu\u00e9 mercredi Farhan Haq, porte-parole adjoint d\u2019Antonio Guterres.<\/p>\n<div style=\"text-align:center\" class=\"wps-pgfw-pdf-generate-icon__wrapper-frontend\">\n\t\t<a href=\"https:\/\/congokin.blog?action=genpdf&amp;id=11635\" class=\"pgfw-single-pdf-download-button\" ><img src=\"https:\/\/congokin.blog\/wp-content\/plugins\/pdf-generator-for-wp\/admin\/src\/images\/PDF_Tray.svg\" title=\"G\u00e9n\u00e9rer un PDF\" style=\"width:auto; height:45px;\"><\/a>\n\t\t<\/div>","protected":false},"excerpt":{"rendered":"<p>Visite du Conseil de s\u00e9curit\u00e9 en\u00a0RDC, en proie aux violences dans l\u2019Est Une d\u00e9l\u00e9gation du Conseil de s\u00e9curit\u00e9 des Nations unies entame jeudi une visite de trois jours en R\u00e9publique d\u00e9mocratique du Congo, o\u00f9 des combats dans l\u2019Est opposent l\u2019arm\u00e9e \u00e0 la r\u00e9bellion du M23, a-t-on appris de sources onusiennes. Apr\u00e8s plusieurs annonces d\u2019arr\u00eat des [&hellip;]<\/p>\n","protected":false},"author":9,"featured_media":0,"comment_status":"open","ping_status":"closed","sticky":false,"template":"","format":"standard","meta":{"footnotes":""},"categories":[3,7,8],"tags":[],"class_list":["post-11635","post","type-post","status-publish","format-standard","hentry","category-diplomatie","category-politique","category-societe"],"_links":{"self":[{"href":"https:\/\/congokin.blog\/index.php?rest_route=\/wp\/v2\/posts\/11635","targetHints":{"allow":["GET"]}}],"collection":[{"href":"https:\/\/congokin.blog\/index.php?rest_route=\/wp\/v2\/posts"}],"about":[{"href":"https:\/\/congokin.blog\/index.php?rest_route=\/wp\/v2\/types\/post"}],"author":[{"embeddable":true,"href":"https:\/\/congokin.blog\/index.php?rest_route=\/wp\/v2\/users\/9"}],"replies":[{"embeddable":true,"href":"https:\/\/congokin.blog\/index.php?rest_route=%2Fwp%2Fv2%2Fcomments&post=11635"}],"version-history":[{"count":1,"href":"https:\/\/congokin.blog\/index.php?rest_route=\/wp\/v2\/posts\/11635\/revisions"}],"predecessor-version":[{"id":11636,"href":"https:\/\/congokin.blog\/index.php?rest_route=\/wp\/v2\/posts\/11635\/revisions\/11636"}],"wp:attachment":[{"href":"https:\/\/congokin.blog\/index.php?rest_route=%2Fwp%2Fv2%2Fmedia&parent=11635"}],"wp:term":[{"taxonomy":"category","embeddable":true,"href":"https:\/\/congokin.blog\/index.php?rest_route=%2Fwp%2Fv2%2Fcategories&post=11635"},{"taxonomy":"post_tag","embeddable":true,"href":"https:\/\/congokin.blog\/index.php?rest_route=%2Fwp%2Fv2%2Ftags&post=11635"}],"curies":[{"name":"wp","href":"https:\/\/api.w.org\/{rel}","templated":true}]}}