{"id":11640,"date":"2023-03-10T11:29:32","date_gmt":"2023-03-10T11:29:32","guid":{"rendered":"https:\/\/congokin.blog\/?p=11640"},"modified":"2023-03-10T11:29:32","modified_gmt":"2023-03-10T11:29:32","slug":"le-conseil-de-securite-de-lonu-est-arrive-en-rdc","status":"publish","type":"post","link":"https:\/\/congokin.blog\/?p=11640","title":{"rendered":"Le Conseil de s\u00e9curit\u00e9 de l\u2019ONU est arriv\u00e9 en RDC"},"content":{"rendered":"\n<p>POLITIQUE<\/p>\n\n\n\n<h1 class=\"wp-block-heading\">Le Conseil de s\u00e9curit\u00e9 de l\u2019ONU est arriv\u00e9 en RDC<\/h1>\n\n\n\n<h2 class=\"wp-block-heading\">Une d\u00e9l\u00e9gation du Conseil de s\u00e9curit\u00e9 des Nations unies a entam\u00e9 ce 9 mars une visite de trois jours en RDC, o\u00f9 les combats opposant le M23 et l\u2019arm\u00e9e se poursuivent malgr\u00e9 le cessez-le-feu.<\/h2>\n\n\n\n<p>10 mars 2023 \u00e0 11:22<\/p>\n\n\n\n<p>Par&nbsp;<em>Jeune Afrique<\/em><\/p>\n\n\n\n<p>Mis \u00e0 jour le 10 mars 2023 \u00e0 12:03<\/p>\n\n\n\n<figure class=\"wp-block-image\"><img decoding=\"async\" src=\"https:\/\/www.jeuneafrique.com\/cdn-cgi\/image\/q=100,f=auto,metadata=none,width=1256,height=628\/https:\/\/www.jeuneafrique.com\/medias\/2023\/03\/10\/jad20230310-ass-rdc-m23-1256x628-1678442479.jpg\" alt=\"\"\/><figcaption class=\"wp-element-caption\">Un rebelle du M23 \u00e0 Kimumba, dans l\u2019est de la RDC, le 23 d\u00e9cembre 2022. \u00a9 Glody Murhabazi\/AFP<\/figcaption><\/figure>\n\n\n\n<p>Une d\u00e9l\u00e9gation du Conseil de s\u00e9curit\u00e9 des Nations unies est arriv\u00e9e \u00e0 Kinshasa ce jeudi 9 mars au soir pour une visite de trois jours en RDC, tandis que&nbsp;<a href=\"https:\/\/www.jeuneafrique.com\/1424852\/politique\/dans-lest-de-la-rdc-les-combats-continuent-malgre-le-cessez-le-feu\/\">les affrontements entre l\u2019arm\u00e9e et la r\u00e9bellion du M23 continuent<\/a>&nbsp;dans l\u2019Est.\u00c0 LIRE<a href=\"https:\/\/www.jeuneafrique.com\/1407173\/politique\/faut-il-croire-au-retrait-du-m23-dans-lest-de-la-rdc\/\">Faut-il croire au retrait du M23 dans l\u2019est de la RDC&nbsp;?<\/a><\/p>\n\n\n\n<p>Apr\u00e8s plusieurs&nbsp;<a href=\"https:\/\/www.jeuneafrique.com\/1421826\/politique\/censes-preparer-leur-retrait-les-rebelles-du-m23-toujours-a-loffensive-en-rdc\/\">annonces d\u2019arr\u00eat des hostilit\u00e9s rest\u00e9es sans effet<\/a>&nbsp;ces derniers mois, un cessez-le-feu \u00e9tait cens\u00e9 entrer en vigueur ce mardi. La veille, le secr\u00e9taire g\u00e9n\u00e9ral de l\u2019ONU, Ant\u00f3nio Guterres, avait exhort\u00e9 la r\u00e9bellion \u00e0 respecter cette tr\u00eave, tandis que le week-end dernier, le pr\u00e9sident fran\u00e7ais&nbsp;<a href=\"https:\/\/www.jeuneafrique.com\/1424041\/politique\/chez-felix-tshisekedi-la-cloture-brut-de-decoffrage-de-la-tournee-demmanuel-macron\/\">Emmanuel Macron, en visite \u00e0 Kinshasa<\/a>, mena\u00e7ait de sanctions les parties au conflit qui&nbsp;ignoreraient&nbsp;cette nouvelle \u00e9ch\u00e9ance.<\/p>\n\n\n\n<h2 class=\"wp-block-heading\">\u00ab&nbsp;Il est important d\u2019agir&nbsp;\u00bb<\/h2>\n\n\n\n<p>Mais les armes ne se sont pas tues au jour dit dans la province du Nord-Kivu, o\u00f9&nbsp;<a href=\"https:\/\/www.jeuneafrique.com\/1425310\/politique\/dans-lest-de-la-rdc-a-30-km-de-goma-le-m23-gagne-du-terrain\/\">le M23 a continu\u00e9 de progresser<\/a>. Aucun combat n\u2019a toutefois \u00e9t\u00e9 signal\u00e9 jeudi. Kinshasa accuse le Rwanda de soutenir le groupe rebelle, ce qui a \u00e9t\u00e9 corrobor\u00e9 par des experts des Nations unies et d\u00e9nonc\u00e9 par plusieurs pays occidentaux, bien que Kigali s\u2019en d\u00e9fende.<\/p>\n\n\n\n<p>\u00ab&nbsp;Nous encourageons toutes les parties prenantes \u00e0 cesser le feu et tous ceux qui n\u2019ont rien \u00e0 faire en RDC \u00e0 rentrer chez eux&nbsp;\u00bb, avait indiqu\u00e9 mercredi \u00e0 New York Nicolas de Rivi\u00e8re, ambassadeur de France aupr\u00e8s des Nations unies, avant de partir pour Kinshasa. \u00ab&nbsp;Il est important d\u2019agir, il est important que les groupes arm\u00e9s, quels qu\u2019ils soient, se retirent, que la paix revienne enfin en RDC&nbsp;\u00bb, a-t-il d\u00e9clar\u00e9 \u00e0 la presse \u00e0 l\u2019arriv\u00e9e de la d\u00e9l\u00e9gation \u00e0 l\u2019a\u00e9roport de la capitale de RDC.<\/p>\n\n\n\n<blockquote class=\"wp-block-quote is-layout-flow wp-block-quote-is-layout-flow\">\n<p>NOUS SOMMES L\u00c0 POUR SOUTENIR L\u2019ACTION DE LA MONUSCO<\/p>\n<\/blockquote>\n\n\n\n<p>\u00ab&nbsp;Nous sommes venus voir comment apporter des solutions aux causes profondes des conflits&nbsp;\u00bb, voir aussi \u00ab&nbsp;la crise humanitaire dans l\u2019Est&nbsp;\u00bb, a annonc\u00e9 son homologue gabonais Michel Xavier Biang. \u00ab&nbsp;Nous arrivons aussi dans une ann\u00e9e \u00e9lectorale [\u2026], notre message sera d\u2019encourager les acteurs politiques \u00e0 s\u2019engager dans un processus d\u2019\u00e9lections&nbsp;transparentes,&nbsp;cr\u00e9dibles&nbsp;\u00bb, a-t-il ajout\u00e9.&nbsp;<a href=\"https:\/\/www.jeuneafrique.com\/1417079\/politique\/la-presidentielle-en-rdc-se-joue-t-elle-a-washington\/\">Des \u00e9lections, pr\u00e9sidentielles notamment<\/a>, sont pr\u00e9vues le 20 d\u00e9cembre prochain.<\/p>\n\n\n\n<h2 class=\"wp-block-heading\">Goma enclav\u00e9e<\/h2>\n\n\n\n<p>\u00c0 Kinshasa, la d\u00e9l\u00e9gation du Conseil de s\u00e9curit\u00e9 va rencontrer les autorit\u00e9s, dont le pr\u00e9sident F\u00e9lix Tshisekedi, avant de se rendre samedi et dimanche \u00e0 Goma, le chef-lieu du Nord-Kivu. Les repr\u00e9sentants du Conseil comptent \u00ab&nbsp;appr\u00e9cier la situation s\u00e9curitaire et humanitaire dans le Nord-Kivu&nbsp;\u00bb, a indiqu\u00e9 dans un communiqu\u00e9 la Mission de l\u2019ONU dans le pays (Monusco), et \u00ab&nbsp;\u00e9valuer le contexte dans lequel \u00e9volue&nbsp;\u00bb cette force.\u00c0 LIRE<a href=\"https:\/\/www.jeuneafrique.com\/1387982\/politique\/rdc-dans-lest-la-monusco-fait-profil-bas\/\">RDC : dans l\u2019Est, la Monusco fait profil bas<\/a><\/p>\n\n\n\n<p>Pr\u00e9sente en RDC depuis 23 ans et forte encore aujourd\u2019hui de plus de 16 000 hommes, la Monusco est tr\u00e8s critiqu\u00e9e pour son incapacit\u00e9 \u00e0 mettre fin aux violences en cours dans l\u2019Est depuis pr\u00e8s de trente ans. \u00ab&nbsp;Nous sommes l\u00e0 pour soutenir l\u2019action de la Monusco, pour rappeler qu\u2019elle fait partie de la solution pour retrouver la paix&nbsp;\u00bb, a d\u00e9clar\u00e9 l\u2019ambassadeur du Gabon aupr\u00e8s de l\u2019ONU \u00e0 son arriv\u00e9e \u00e0 Kinshasa.<\/p>\n\n\n\n<p>Outre le M23, l\u2019Est congolais est en proie aux violences de multiples autres groupes arm\u00e9s. Dans la nuit de mercredi \u00e0 jeudi, dans le nord de la province du Nord-Kivu,&nbsp;<a href=\"https:\/\/www.jeuneafrique.com\/1425459\/politique\/le-nord-kivu-de-nouveau-endeuille-par-les-adf\/\">une nouvelle attaque attribu\u00e9e aux rebelles ADF<\/a>&nbsp;(Forces d\u00e9mocratiques alli\u00e9es), affili\u00e9s au groupe jihadiste \u00c9tat islamique, a fait plus de&nbsp;40&nbsp;morts.<\/p>\n\n\n\n<p><strong>(avec AFP)<\/strong><\/p>\n<div style=\"text-align:center\" class=\"wps-pgfw-pdf-generate-icon__wrapper-frontend\">\n\t\t<a href=\"https:\/\/congokin.blog?action=genpdf&amp;id=11640\" class=\"pgfw-single-pdf-download-button\" ><img src=\"https:\/\/congokin.blog\/wp-content\/plugins\/pdf-generator-for-wp\/admin\/src\/images\/PDF_Tray.svg\" title=\"G\u00e9n\u00e9rer un PDF\" style=\"width:auto; height:45px;\"><\/a>\n\t\t<\/div>","protected":false},"excerpt":{"rendered":"<p>POLITIQUE Le Conseil de s\u00e9curit\u00e9 de l\u2019ONU est arriv\u00e9 en RDC Une d\u00e9l\u00e9gation du Conseil de s\u00e9curit\u00e9 des Nations unies a entam\u00e9 ce 9 mars une visite de trois jours en RDC, o\u00f9 les combats opposant le M23 et l\u2019arm\u00e9e se poursuivent malgr\u00e9 le cessez-le-feu. 10 mars 2023 \u00e0 11:22 Par&nbsp;Jeune Afrique Mis \u00e0 jour [&hellip;]<\/p>\n","protected":false},"author":9,"featured_media":0,"comment_status":"open","ping_status":"closed","sticky":false,"template":"","format":"standard","meta":{"footnotes":""},"categories":[6,7,8],"tags":[],"class_list":["post-11640","post","type-post","status-publish","format-standard","hentry","category-justice","category-politique","category-societe"],"_links":{"self":[{"href":"https:\/\/congokin.blog\/index.php?rest_route=\/wp\/v2\/posts\/11640","targetHints":{"allow":["GET"]}}],"collection":[{"href":"https:\/\/congokin.blog\/index.php?rest_route=\/wp\/v2\/posts"}],"about":[{"href":"https:\/\/congokin.blog\/index.php?rest_route=\/wp\/v2\/types\/post"}],"author":[{"embeddable":true,"href":"https:\/\/congokin.blog\/index.php?rest_route=\/wp\/v2\/users\/9"}],"replies":[{"embeddable":true,"href":"https:\/\/congokin.blog\/index.php?rest_route=%2Fwp%2Fv2%2Fcomments&post=11640"}],"version-history":[{"count":1,"href":"https:\/\/congokin.blog\/index.php?rest_route=\/wp\/v2\/posts\/11640\/revisions"}],"predecessor-version":[{"id":11641,"href":"https:\/\/congokin.blog\/index.php?rest_route=\/wp\/v2\/posts\/11640\/revisions\/11641"}],"wp:attachment":[{"href":"https:\/\/congokin.blog\/index.php?rest_route=%2Fwp%2Fv2%2Fmedia&parent=11640"}],"wp:term":[{"taxonomy":"category","embeddable":true,"href":"https:\/\/congokin.blog\/index.php?rest_route=%2Fwp%2Fv2%2Fcategories&post=11640"},{"taxonomy":"post_tag","embeddable":true,"href":"https:\/\/congokin.blog\/index.php?rest_route=%2Fwp%2Fv2%2Ftags&post=11640"}],"curies":[{"name":"wp","href":"https:\/\/api.w.org\/{rel}","templated":true}]}}