{"id":11710,"date":"2023-03-23T02:33:43","date_gmt":"2023-03-23T02:33:43","guid":{"rendered":"https:\/\/congokin.blog\/?p=11710"},"modified":"2023-03-23T02:34:03","modified_gmt":"2023-03-23T02:34:03","slug":"nicolas-sarkozy-chez-felix-tshisekedi-les-raisons-dune-visite","status":"publish","type":"post","link":"https:\/\/congokin.blog\/?p=11710","title":{"rendered":"Nicolas Sarkozy chez F\u00e9lix Tshisekedi : les raisons d\u2019une visite"},"content":{"rendered":"\n<p>POLITIQUE<\/p>\n\n\n\n<h1 class=\"wp-block-heading\">Nicolas Sarkozy chez F\u00e9lix Tshisekedi : les raisons d\u2019une visite<\/h1>\n\n\n\n<h2 class=\"wp-block-heading\">L\u2019ancien chef de l\u2019\u00c9tat fran\u00e7ais se rend ce 22 mars \u00e0 Kinshasa. Objectif\u00a0: tenter d\u2019ouvrir un canal de discussion entre Paul Kagame et le pr\u00e9sident congolais.<\/h2>\n\n\n\n<p>22 mars 2023 \u00e0 17:28<\/p>\n\n\n\n<p>Par&nbsp;<em>Jeune Afrique<\/em><\/p>\n\n\n\n<p>Mis \u00e0 jour le 22 mars 2023 \u00e0 17:28<\/p>\n\n\n\n<figure class=\"wp-block-image\"><img decoding=\"async\" src=\"https:\/\/prod.cdn-medias.jeuneafrique.com\/cdn-cgi\/image\/q=100,f=auto,metadata=none,width=1256,height=628\/https:\/\/prod.cdn-medias.jeuneafrique.com\/medias\/2023\/03\/22\/jad20230322-conf-nicolassarkozy-1256x628-1679482138.jpg\" alt=\"\"\/><figcaption class=\"wp-element-caption\">L\u2019ancien pr\u00e9sident fran\u00e7ais Nicolas Sarkozy, au Parc des princes, le 8 mai 2022. \u00a9 FRANCK FIFE\/AFP<\/figcaption><\/figure>\n\n\n\n<p><strong>Nicolas Sarkozy<\/strong>&nbsp;est attendu ce mercredi 22 mars en fin de journ\u00e9e \u00e0 Kinshasa, o\u00f9 il s\u00e9journera jusqu\u2019au lendemain. Lors de ce court s\u00e9jour, il d\u00eenera ce soir avec&nbsp;<strong>F\u00e9lix Tshisekedi,&nbsp;<\/strong>avant de s\u2019entretenir de nouveau avec lui demain.\u00c0 LIRE<a href=\"https:\/\/www.jeuneafrique.com\/1393545\/politique\/rdc-felix-tshisekedi-chef-de-guerre-malgre-lui\/\">RDC : face au M23, F\u00e9lix Tshisekedi \u00ab chef de guerre \u00bb malgr\u00e9 lui<\/a><\/p>\n\n\n\n<p>Les deux hommes r\u00e9fl\u00e9chissent \u00e0 ce d\u00e9placement de longue date. Ils sont en contact r\u00e9gulier depuis l\u2019\u00e9lection du pr\u00e9sident congolais, en d\u00e9cembre 2018. L\u2019ancien chef de l\u2019\u00c9tat fran\u00e7ais a d\u2019ailleurs, par le pass\u00e9, convi\u00e9 F\u00e9lix Tshisekedi \u00e0 un match du Paris Saint-Germain (PSG), mais l\u2019agenda de ce dernier ne lui&nbsp;a&nbsp;finalement pas permis d\u2019y assister.<\/p>\n\n\n\n<h2 class=\"wp-block-heading\">Divers interm\u00e9diaires<\/h2>\n\n\n\n<p>La visite de Nicolas Sarkozy a finalement \u00e9t\u00e9 d\u00e9cid\u00e9e dans le plus grand secret il y a quelques semaines. Plusieurs sources proches de son entourage assurent qu\u2019elle a \u00e9t\u00e9 initi\u00e9e \u00e0 la demande de F\u00e9lix Tshisekedi, via divers interm\u00e9diaires, dont l\u2019ancienne ministre fran\u00e7aise de la Justice&nbsp;<strong>Rachida Dati.&nbsp;<\/strong>Une version d\u00e9mentie par deux proches collaborateurs du pr\u00e9sident congolais. \u00ab&nbsp;Nicolas Sarkozy nous a lui-m\u00eame sollicit\u00e9s pour obtenir une audience avec le chef de l\u2019\u00c9tat. Nous ne savons pas exactement pour quelles raisons&nbsp;\u00bb, assure l\u2019un d\u2019eux.\u00c0 LIRE<a href=\"https:\/\/www.jeuneafrique.com\/1397972\/politique\/rdc-rwanda-entre-tshisekedi-et-kagame-lescalade-verbale-se-poursuit\/\">RDC-Rwanda : entre Tshisekedi et Kagame, l\u2019escalade verbale se poursuit<\/a><\/p>\n\n\n\n<p>L\u2019ex-pr\u00e9sident devrait, entre autres, tenter de faciliter l\u2019ouverture d\u2019un canal de discussion entre F\u00e9lix Tshisekedi et&nbsp;<strong>Paul Kagame.<\/strong>&nbsp;Depuis la r\u00e9surgence du conflit arm\u00e9 avec le M23, les relations entre les deux homologues sont particuli\u00e8rement tendues, le Rwanda \u00e9tant accus\u00e9 par la RDC de soutenir le mouvement rebelle. Alors que les initiatives diplomatiques ont, pour le moment, toutes \u00e9chou\u00e9, F\u00e9lix Tshisekedi tente de faire pression sur Paul Kagame, mais aussi d\u2019infl\u00e9chir la position de la France, qui s\u2019est \u00e9rig\u00e9e en m\u00e9diatrice de la crise.<\/p>\n\n\n\n<h2 class=\"wp-block-heading\">\u00ab&nbsp;Alli\u00e9 ind\u00e9fectible&nbsp;\u00bb de la RDC<\/h2>\n\n\n\n<p><a href=\"https:\/\/www.jeuneafrique.com\/1115620\/politique\/france-nicolas-sarkozy-fete-son-anniversaire-au-rwanda\/\">Proche de&nbsp;<strong>Paul Kagame<\/strong>&nbsp;<\/a>et&nbsp;contact&nbsp;r\u00e9gulier d\u2019<strong>Emmanuel Macron,<\/strong>&nbsp;l\u2019ancien pr\u00e9sident fran\u00e7ais dispose donc d\u2019atouts pour plaider la cause de Kinshasa aupr\u00e8s de Kigali, mais aussi de Paris. \u00ab&nbsp;Mais il faut savoir que le pr\u00e9sident Tshisekedi reste attach\u00e9 aux initiatives africaines qui peuvent bien s\u00fbr \u00eatre soutenues par d\u2019autres pays&nbsp;\u00bb, pr\u00e9cise un conseiller du dirigeant congolais. L\u2019Angola, qui joue un r\u00f4le de m\u00e9diateur, a notamment vot\u00e9&nbsp;<a href=\"https:\/\/www.jeuneafrique.com\/1428804\/politique\/le-parlement-angolais-a-vote-lenvoi-de-500-soldats-en-rdc\/\">l\u2019envoi de 500 soldats en RDC.<\/a>&nbsp;Luanda a \u00e9galement contribu\u00e9 \u00e0 n\u00e9gocier un cessez-le-feu entre les FARDC et le M23, rapidement rompu par le groupe rebelle. Nicolas Sarkozy entretient \u00e9galement de bonnes relations&nbsp;<a href=\"https:\/\/www.jeuneafrique.com\/1353198\/politique\/rdc-rwanda-joao-lourenco-peut-il-etre-lhomme-providentiel\/\">avec le pr\u00e9sident angolais&nbsp;<strong>Jo\u00e3o Louren\u00e7o.&nbsp;<\/strong><\/a>\u00c0 LIRE<a href=\"https:\/\/www.jeuneafrique.com\/1422691\/politique\/emmanuel-macron-lequilibriste-entre-felix-tshisekedi-et-paul-kagame\/\">Emmanuel Macron, l\u2019\u00e9quilibriste entre F\u00e9lix Tshisekedi et Paul Kagame<\/a><\/p>\n\n\n\n<p>Particuli\u00e8rement attendu sur le dossier du M23 lors de sa venue le 4 mars \u00e0 Kinshasa, Emmanuel Macron avait jou\u00e9 un d\u00e9licat jeu d\u2019\u00e9quilibriste, peu appr\u00e9ci\u00e9 par les autorit\u00e9s congolaises. Condamnant une r\u00e9bellion dont \u00ab&nbsp;le visage, l\u2019agenda et les soutiens ext\u00e9rieurs&nbsp;\u00bb sont connus, il s\u2019\u00e9tait pos\u00e9 en \u00ab&nbsp;alli\u00e9 ind\u00e9fectible&nbsp;\u00bb de la RDC et de son \u00ab&nbsp;int\u00e9grit\u00e9 territoriale&nbsp;\u00bb. Il a cependant \u00e9t\u00e9 r\u00e9ticent \u00e0 d\u00e9noncer le r\u00f4le du Rwanda et a point\u00e9 la part de \u00ab&nbsp;responsabilit\u00e9&nbsp;\u00bb des&nbsp;autorit\u00e9s&nbsp;congolaises.<\/p>\n<div style=\"text-align:center\" class=\"wps-pgfw-pdf-generate-icon__wrapper-frontend\">\n\t\t<a href=\"https:\/\/congokin.blog?action=genpdf&amp;id=11710\" class=\"pgfw-single-pdf-download-button\" ><img src=\"https:\/\/congokin.blog\/wp-content\/plugins\/pdf-generator-for-wp\/admin\/src\/images\/PDF_Tray.svg\" title=\"G\u00e9n\u00e9rer un PDF\" style=\"width:auto; height:45px;\"><\/a>\n\t\t<\/div>","protected":false},"excerpt":{"rendered":"<p>POLITIQUE Nicolas Sarkozy chez F\u00e9lix Tshisekedi : les raisons d\u2019une visite L\u2019ancien chef de l\u2019\u00c9tat fran\u00e7ais se rend ce 22 mars \u00e0 Kinshasa. Objectif\u00a0: tenter d\u2019ouvrir un canal de discussion entre Paul Kagame et le pr\u00e9sident congolais. 22 mars 2023 \u00e0 17:28 Par&nbsp;Jeune Afrique Mis \u00e0 jour le 22 mars 2023 \u00e0 17:28 Nicolas Sarkozy&nbsp;est [&hellip;]<\/p>\n","protected":false},"author":9,"featured_media":0,"comment_status":"open","ping_status":"closed","sticky":false,"template":"","format":"standard","meta":{"footnotes":""},"categories":[3,7,8],"tags":[],"class_list":["post-11710","post","type-post","status-publish","format-standard","hentry","category-diplomatie","category-politique","category-societe"],"_links":{"self":[{"href":"https:\/\/congokin.blog\/index.php?rest_route=\/wp\/v2\/posts\/11710","targetHints":{"allow":["GET"]}}],"collection":[{"href":"https:\/\/congokin.blog\/index.php?rest_route=\/wp\/v2\/posts"}],"about":[{"href":"https:\/\/congokin.blog\/index.php?rest_route=\/wp\/v2\/types\/post"}],"author":[{"embeddable":true,"href":"https:\/\/congokin.blog\/index.php?rest_route=\/wp\/v2\/users\/9"}],"replies":[{"embeddable":true,"href":"https:\/\/congokin.blog\/index.php?rest_route=%2Fwp%2Fv2%2Fcomments&post=11710"}],"version-history":[{"count":2,"href":"https:\/\/congokin.blog\/index.php?rest_route=\/wp\/v2\/posts\/11710\/revisions"}],"predecessor-version":[{"id":11712,"href":"https:\/\/congokin.blog\/index.php?rest_route=\/wp\/v2\/posts\/11710\/revisions\/11712"}],"wp:attachment":[{"href":"https:\/\/congokin.blog\/index.php?rest_route=%2Fwp%2Fv2%2Fmedia&parent=11710"}],"wp:term":[{"taxonomy":"category","embeddable":true,"href":"https:\/\/congokin.blog\/index.php?rest_route=%2Fwp%2Fv2%2Fcategories&post=11710"},{"taxonomy":"post_tag","embeddable":true,"href":"https:\/\/congokin.blog\/index.php?rest_route=%2Fwp%2Fv2%2Ftags&post=11710"}],"curies":[{"name":"wp","href":"https:\/\/api.w.org\/{rel}","templated":true}]}}