{"id":11718,"date":"2023-03-24T15:14:33","date_gmt":"2023-03-24T15:14:33","guid":{"rendered":"https:\/\/congokin.blog\/?p=11718"},"modified":"2023-03-24T15:14:33","modified_gmt":"2023-03-24T15:14:33","slug":"les-etats-unis-frappent-des-installations-soutenues-par-liran-en-syrie","status":"publish","type":"post","link":"https:\/\/congokin.blog\/?p=11718","title":{"rendered":"Les \u00c9tats-Unis frappent des installations soutenues par l\u2019Iran en Syrie"},"content":{"rendered":"\n<h1 class=\"wp-block-heading\">Les \u00c9tats-Unis frappent des installations soutenues par l\u2019Iran en Syrie apr\u00e8s qu\u2019un drone a tu\u00e9 des Am\u00e9ricains<\/h1>\n\n\n\n<p>Par <a href=\"https:\/\/www.reuters.com\/authors\/phil-stewart\/\">Phil Stewart<\/a><\/p>\n\n\n\n<p>et <a href=\"https:\/\/www.reuters.com\/authors\/idrees-ali\/\">Idrees Ali<\/a><\/p>\n\n\n\n<figure class=\"wp-block-image size-full\"><img loading=\"lazy\" decoding=\"async\" width=\"940\" height=\"693\" src=\"https:\/\/congokin.blog\/wp-content\/uploads\/2023\/03\/image-12.png\" alt=\"\" class=\"wp-image-11719\" srcset=\"https:\/\/congokin.blog\/wp-content\/uploads\/2023\/03\/image-12.png 940w, https:\/\/congokin.blog\/wp-content\/uploads\/2023\/03\/image-12-300x221.png 300w, https:\/\/congokin.blog\/wp-content\/uploads\/2023\/03\/image-12-768x566.png 768w\" sizes=\"auto, (max-width: 940px) 100vw, 940px\" \/><\/figure>\n\n\n\n<p>Le chef d\u2019\u00e9tat-major interarm\u00e9es des \u00c9tats-Unis, le g\u00e9n\u00e9ral Mark Milley, s\u2019entretient avec les forces am\u00e9ricaines en Syrie lors d\u2019une visite inopin\u00e9e, dans une base militaire am\u00e9ricaine dans le nord-est de la Syrie, le 4 mars 2023. REUTERS\/Phil Stewart\/File Photo<\/p>\n\n\n\n<ul class=\"wp-block-list\">\n<li>R\u00e9sum\u00e9<\/li>\n<\/ul>\n\n\n\n<ul class=\"wp-block-list\">\n<li>Un entrepreneur am\u00e9ricain tu\u00e9, six bless\u00e9s dans une attaque de drone<\/li>\n\n\n\n<li>Un groupe de d\u00e9fense des droits de l\u2019homme affirme que huit combattants pro-iraniens ont \u00e9t\u00e9 tu\u00e9s dans des frappes am\u00e9ricaines<\/li>\n\n\n\n<li>Iran TV affirme qu\u2019aucun Iranien n\u2019a \u00e9t\u00e9 tu\u00e9<\/li>\n\n\n\n<li>Frappes de repr\u00e9sailles men\u00e9es sous la direction du pr\u00e9sident Biden<\/li>\n<\/ul>\n\n\n\n<p>WASHINGTON, 23 mars (Reuters) &#8211; L\u2019arm\u00e9e am\u00e9ricaine a men\u00e9 jeudi soir de multiples frappes a\u00e9riennes en Syrie contre des groupes align\u00e9s sur l\u2019Iran qu\u2019elle a accus\u00e9s d\u2019une attaque de drone qui a tu\u00e9 un entrepreneur am\u00e9ricain, bless\u00e9 un autre et bless\u00e9 cinq soldats am\u00e9ricains, a annonc\u00e9 le Pentagone.<\/p>\n\n\n\n<p>L\u2019attaque contre le personnel am\u00e9ricain et les repr\u00e9sailles ont \u00e9t\u00e9 r\u00e9v\u00e9l\u00e9es par le Pentagone en m\u00eame temps jeudi soir.<\/p>\n\n\n\n<p>L\u2019attaque contre le personnel am\u00e9ricain a eu lieu jeudi dans une base de la coalition pr\u00e8s de Hasakah, dans le nord-est de la Syrie, vers 13h38 (10h38 GMT), a-t-il ajout\u00e9.<\/p>\n\n\n\n<p>La communaut\u00e9 am\u00e9ricaine du renseignement a estim\u00e9 que le drone d\u2019attaque \u00e0 sens unique \u00e9tait d\u2019origine iranienne, a d\u00e9clar\u00e9 l\u2019arm\u00e9e, une conclusion qui pourrait aggraver davantage les relations d\u00e9j\u00e0 tendues entre Washington et T\u00e9h\u00e9ran.<\/p>\n\n\n\n<p>Bien que les forces am\u00e9ricaines stationn\u00e9es en Syrie aient d\u00e9j\u00e0 \u00e9t\u00e9 cibl\u00e9es par des drones, les d\u00e9c\u00e8s sont extr\u00eamement rares.<\/p>\n\n\n\n<p>Le secr\u00e9taire am\u00e9ricain \u00e0 la D\u00e9fense, Lloyd Austin, a d\u00e9clar\u00e9 que les frappes de repr\u00e9sailles avaient \u00e9t\u00e9 men\u00e9es sous la direction du pr\u00e9sident Joe Biden et visaient des installations utilis\u00e9es par des groupes affili\u00e9s au Corps des gardiens de la r\u00e9volution islamique (CGRI).<\/p>\n\n\n\n<p>\u00ab Les frappes a\u00e9riennes ont \u00e9t\u00e9 men\u00e9es en r\u00e9ponse \u00e0 l\u2019attaque d\u2019aujourd\u2019hui ainsi qu\u2019\u00e0 une s\u00e9rie d\u2019attaques r\u00e9centes contre les forces de la coalition en Syrie par des groupes affili\u00e9s au CGRI \u00bb, a d\u00e9clar\u00e9 Austin dans un communiqu\u00e9.<\/p>\n\n\n\n<p>\u00ab Aucun groupe ne frappera nos troupes en toute impunit\u00e9. \u00bb<\/p>\n\n\n\n<p>L\u2019Observatoire syrien des droits de l\u2019homme, un groupe qui surveille la guerre en Syrie, a d\u00e9clar\u00e9 que les frappes am\u00e9ricaines avaient fait huit morts parmi les combattants pro-iraniens en Syrie.<\/p>\n\n\n\n<p>Reuters n\u2019a pas \u00e9t\u00e9 en mesure de confirmer de mani\u00e8re ind\u00e9pendante le bilan.<\/p>\n\n\n\n<p>La cha\u00eene publique iranienne Press TV, affirmant qu\u2019aucun Iranien n\u2019avait \u00e9t\u00e9 tu\u00e9 dans l\u2019attaque, a cit\u00e9 des sources locales niant que la cible \u00e9tait un poste militaire align\u00e9 sur l\u2019Iran, mais qu\u2019un centre de d\u00e9veloppement rural et un centre c\u00e9r\u00e9alier pr\u00e8s d\u2019un a\u00e9roport militaire avaient \u00e9t\u00e9 touch\u00e9s.<\/p>\n\n\n\n<p>Une source militaire en Syrie a d\u00e9clar\u00e9 \u00e0 Press TV que les groupes de r\u00e9sistance se r\u00e9servaient le droit de r\u00e9pondre \u00e0 l\u2019attaque am\u00e9ricaine et prendraient des mesures r\u00e9ciproques.<\/p>\n\n\n\n<h2 class=\"wp-block-heading\"><strong>ATTAQUES R\u00c9P\u00c9T\u00c9ES<\/strong><\/h2>\n\n\n\n<p>L\u2019attaque de drones contre le personnel am\u00e9ricain a caus\u00e9 des blessures qui, pour trois membres des services et un entrepreneur, ont n\u00e9cessit\u00e9 une \u00e9vacuation m\u00e9dicale vers l\u2019Irak, o\u00f9 la coalition dirig\u00e9e par les \u00c9tats-Unis qui lutte contre les restes de l\u2019\u00c9tat islamique dispose d\u2019installations m\u00e9dicales, a d\u00e9clar\u00e9 le Pentagone. Les deux autres soldats am\u00e9ricains bless\u00e9s ont \u00e9t\u00e9 soign\u00e9s \u00e0 la base dans le nord-est de la Syrie, a-t-il ajout\u00e9.<\/p>\n\n\n\n<p>Les troupes am\u00e9ricaines ont \u00e9t\u00e9 attaqu\u00e9es par des groupes soutenus par l\u2019Iran environ 78 fois depuis le d\u00e9but de 2021, selon le g\u00e9n\u00e9ral d\u2019arm\u00e9e Erik Kurilla, qui supervise les troupes am\u00e9ricaines au Moyen-Orient en tant que chef du commandement central.<\/p>\n\n\n\n<p>Les d\u00e9ploiements en Irak, o\u00f9 l\u2019Iran domine \u00e9galement, ont \u00e9galement fait l\u2019objet d\u2019attaques de drones et de roquettes ces derni\u00e8res ann\u00e9es.<\/p>\n\n\n\n<p>Kurilla, t\u00e9moignant devant le Comit\u00e9 des services arm\u00e9s de la Chambre plus t\u00f4t jeudi, a mis en garde contre la flotte de drones de l\u2019Iran.<\/p>\n\n\n\n<p>\u00ab&nbsp;Le r\u00e9gime iranien d\u00e9tient maintenant la force de v\u00e9hicules a\u00e9riens sans pilote la plus importante et la plus performante de la r\u00e9gion&nbsp;\u00bb, a-t-il d\u00e9clar\u00e9.<\/p>\n\n\n\n<p>Trois drones ont cibl\u00e9 une base am\u00e9ricaine en janvier dans la r\u00e9gion syrienne d\u2019Al-Tanf. L\u2019arm\u00e9e am\u00e9ricaine a d\u00e9clar\u00e9 que deux des drones avaient \u00e9t\u00e9 abattus tandis que le drone restant avait frapp\u00e9 le complexe, blessant deux membres des forces de l\u2019Arm\u00e9e libre syrienne.<\/p>\n\n\n\n<p>Les responsables am\u00e9ricains pensent que les attaques de drones et de roquettes sont dirig\u00e9es par des milices soutenues par l\u2019Iran, un rappel de la g\u00e9opolitique complexe de la Syrie o\u00f9 le pr\u00e9sident Bachar al-Assad compte sur le soutien de l\u2019Iran et de la Russie et consid\u00e8re les troupes am\u00e9ricaines comme des occupants.<\/p>\n\n\n\n<p>L\u2019attaque a eu lieu quelques semaines seulement apr\u00e8s que le g\u00e9n\u00e9ral am\u00e9ricain, Mark Milley, se soit rendu dans le nord-est de la Syrie pour \u00e9valuer la mission contre l\u2019\u00c9tat islamique et le risque pour le personnel am\u00e9ricain.<\/p>\n\n\n\n<p>Interrog\u00e9 par les journalistes voyageant avec lui pour savoir s\u2019il pensait que le d\u00e9ploiement d\u2019environ 900 soldats am\u00e9ricains en Syrie valait le risque, Milley a li\u00e9 la mission \u00e0 la s\u00e9curit\u00e9 des \u00c9tats-Unis et de leurs alli\u00e9s, en disant: \u00ab&nbsp;Si vous pensez que c\u2019est important, alors la r\u00e9ponse est\u00ab Oui \u00bb.<\/p>\n\n\n\n<p>\u00ab&nbsp;Je pense que c\u2019est important&nbsp;\u00bb, a d\u00e9clar\u00e9 Milley.<\/p>\n\n\n\n<p>Le d\u00e9ploiement am\u00e9ricain, que l\u2019ancien pr\u00e9sident Donald Trump a failli terminer en 2018 avant d\u2019assouplir ses plans de retrait, est un vestige de la guerre mondiale plus large contre le terrorisme qui comprenait une fois la guerre en Afghanistan et un d\u00e9ploiement militaire am\u00e9ricain beaucoup plus important en Irak.<\/p>\n\n\n\n<p>Alors que l\u2019\u00c9tat islamique a perdu les pans entiers de la Syrie et de l\u2019Irak qu\u2019il r\u00e9gnait en 2014, les cellules dormantes m\u00e8nent toujours des attaques \u00e9clair dans des zones d\u00e9sol\u00e9es o\u00f9 ni la coalition dirig\u00e9e par les \u00c9tats-Unis ni l\u2019arm\u00e9e syrienne n\u2019exercent un contr\u00f4le total.<\/p>\n\n\n\n<p>Des milliers d\u2019autres combattants de l\u2019\u00c9tat islamique ont \u00e9t\u00e9 arr\u00eat\u00e9s par les Forces d\u00e9mocratiques syriennes dirig\u00e9es par les Kurdes, principal alli\u00e9 de l\u2019Am\u00e9rique dans le pays. Les responsables am\u00e9ricains disent que l\u2019\u00c9tat islamique pourrait encore se r\u00e9g\u00e9n\u00e9rer en une menace majeure.<\/p>\n\n\n\n<p>Reportage de Phil Stewart, Idrees Ali, Akriti Sharma et Dan Whitcomb; \u00c9dit\u00e9 par Christian Schmollinger, Raju Gopalakrishnan et Himani Sarkar<\/p>\n<div style=\"text-align:center\" class=\"wps-pgfw-pdf-generate-icon__wrapper-frontend\">\n\t\t<a href=\"https:\/\/congokin.blog?action=genpdf&amp;id=11718\" class=\"pgfw-single-pdf-download-button\" ><img src=\"https:\/\/congokin.blog\/wp-content\/plugins\/pdf-generator-for-wp\/admin\/src\/images\/PDF_Tray.svg\" title=\"G\u00e9n\u00e9rer un PDF\" style=\"width:auto; height:45px;\"><\/a>\n\t\t<\/div>","protected":false},"excerpt":{"rendered":"<p>Les \u00c9tats-Unis frappent des installations soutenues par l\u2019Iran en Syrie apr\u00e8s qu\u2019un drone a tu\u00e9 des Am\u00e9ricains Par Phil Stewart et Idrees Ali Le chef d\u2019\u00e9tat-major interarm\u00e9es des \u00c9tats-Unis, le g\u00e9n\u00e9ral Mark Milley, s\u2019entretient avec les forces am\u00e9ricaines en Syrie lors d\u2019une visite inopin\u00e9e, dans une base militaire am\u00e9ricaine dans le nord-est de la Syrie, [&hellip;]<\/p>\n","protected":false},"author":9,"featured_media":0,"comment_status":"open","ping_status":"closed","sticky":false,"template":"","format":"standard","meta":{"footnotes":""},"categories":[3,8],"tags":[],"class_list":["post-11718","post","type-post","status-publish","format-standard","hentry","category-diplomatie","category-societe"],"_links":{"self":[{"href":"https:\/\/congokin.blog\/index.php?rest_route=\/wp\/v2\/posts\/11718","targetHints":{"allow":["GET"]}}],"collection":[{"href":"https:\/\/congokin.blog\/index.php?rest_route=\/wp\/v2\/posts"}],"about":[{"href":"https:\/\/congokin.blog\/index.php?rest_route=\/wp\/v2\/types\/post"}],"author":[{"embeddable":true,"href":"https:\/\/congokin.blog\/index.php?rest_route=\/wp\/v2\/users\/9"}],"replies":[{"embeddable":true,"href":"https:\/\/congokin.blog\/index.php?rest_route=%2Fwp%2Fv2%2Fcomments&post=11718"}],"version-history":[{"count":1,"href":"https:\/\/congokin.blog\/index.php?rest_route=\/wp\/v2\/posts\/11718\/revisions"}],"predecessor-version":[{"id":11720,"href":"https:\/\/congokin.blog\/index.php?rest_route=\/wp\/v2\/posts\/11718\/revisions\/11720"}],"wp:attachment":[{"href":"https:\/\/congokin.blog\/index.php?rest_route=%2Fwp%2Fv2%2Fmedia&parent=11718"}],"wp:term":[{"taxonomy":"category","embeddable":true,"href":"https:\/\/congokin.blog\/index.php?rest_route=%2Fwp%2Fv2%2Fcategories&post=11718"},{"taxonomy":"post_tag","embeddable":true,"href":"https:\/\/congokin.blog\/index.php?rest_route=%2Fwp%2Fv2%2Ftags&post=11718"}],"curies":[{"name":"wp","href":"https:\/\/api.w.org\/{rel}","templated":true}]}}