{"id":11721,"date":"2023-03-24T15:22:29","date_gmt":"2023-03-24T15:22:29","guid":{"rendered":"https:\/\/congokin.blog\/?p=11721"},"modified":"2023-03-24T15:22:29","modified_gmt":"2023-03-24T15:22:29","slug":"le-president-tshisekedi-fait-venir-lancien-vice-president-bemba","status":"publish","type":"post","link":"https:\/\/congokin.blog\/?p=11721","title":{"rendered":"Le pr\u00e9sident Tshisekedi fait venir l\u2019ancien vice-pr\u00e9sident Bemba"},"content":{"rendered":"\n<h1 class=\"wp-block-heading\">Le pr\u00e9sident Tshisekedi fait venir l\u2019ancien vice-pr\u00e9sident Bemba lors d\u2019un remaniement avant les \u00e9lections<\/h1>\n\n\n\n<p>Par <a href=\"https:\/\/www.reuters.com\/authors\/stanis-bujakera\/\">Stanis Bujakera<\/a> et <a href=\"https:\/\/www.reuters.com\/authors\/sonia-rolley\/\">Sonia Rolley<\/a><\/p>\n\n\n\n<figure class=\"wp-block-image size-full\"><img loading=\"lazy\" decoding=\"async\" width=\"940\" height=\"632\" src=\"https:\/\/congokin.blog\/wp-content\/uploads\/2023\/03\/image-13.png\" alt=\"\" class=\"wp-image-11722\" srcset=\"https:\/\/congokin.blog\/wp-content\/uploads\/2023\/03\/image-13.png 940w, https:\/\/congokin.blog\/wp-content\/uploads\/2023\/03\/image-13-300x202.png 300w, https:\/\/congokin.blog\/wp-content\/uploads\/2023\/03\/image-13-768x516.png 768w\" sizes=\"auto, (max-width: 940px) 100vw, 940px\" \/><\/figure>\n\n\n\n<p>Le chef de l\u2019opposition congolaise Jean-Pierre Bemba du Mouvement pour la lib\u00e9ration du Congo (MLC) salue ses partisans \u00e0 son arriv\u00e9e \u00e0 l\u2019a\u00e9roport international de N\u2019djili \u00e0 Kinshasa, en R\u00e9publique d\u00e9mocratique du Congo, le 23 juin 2019. REUTERS\/Kenny Katombe<\/p>\n\n\n\n<p>KINSHASA, 24 mars (Reuters) &#8211; Le pr\u00e9sident de la R\u00e9publique d\u00e9mocratique du Congo, F\u00e9lix Tshisekedi, a nomm\u00e9 l\u2019ancien vice-pr\u00e9sident du pays, Jean-Pierre Bemba, d\u00e9tenu depuis plus de 10 ans pour crimes de guerre, ministre de la D\u00e9fense du pays dans le cadre d\u2019un vaste remaniement gouvernemental.<\/p>\n\n\n\n<p>Sa nomination s\u2019inscrivait dans le cadre d\u2019une refonte des 57 membres du gouvernement, que le porte-parole du pr\u00e9sident a qualifi\u00e9e d'\u00a0\u00bburgente et n\u00e9cessaire&nbsp;\u00bb, dans une annonce \u00e0 la t\u00e9l\u00e9vision nationale congolaise jeudi soir. Aucun autre d\u00e9tail n\u2019a \u00e9t\u00e9 donn\u00e9.<\/p>\n\n\n\n<p>Le remaniement, qui a \u00e9t\u00e9 plus important que les observateurs ne l\u2019avaient pr\u00e9dit, a eu lieu avant l\u2019\u00e9lection pr\u00e9sidentielle pr\u00e9vue le 20 d\u00e9cembre, dans laquelle Tshisekedi devrait briguer un second mandat.<\/p>\n\n\n\n<p>\u00ab C\u2019est un remaniement profond\u00e9ment politique \u00bb, a d\u00e9clar\u00e9 Jason Stearns, directeur du Groupe de recherche sur le Congo et professeur \u00e0 l\u2019Universit\u00e9 Simon Fraser du Canada.<\/p>\n\n\n\n<p>Tshisekedi a nomm\u00e9 Vital Kamerhe, son ancien chef de cabinet qui a \u00e9t\u00e9 lib\u00e9r\u00e9 de prison en d\u00e9cembre 2021 apr\u00e8s avoir \u00e9t\u00e9 condamn\u00e9 pour d\u00e9tournement de fonds, au poste de ministre de l\u2019Economie.<\/p>\n\n\n\n<p>Nicolas Kazadi a \u00e9t\u00e9 maintenu au poste de ministre des Finances.<\/p>\n\n\n\n<p>Les nominations apportent des poids lourds politiques au gouvernement, renfor\u00e7ant la coalition de Tshisekedi avant les \u00e9lections, a d\u00e9clar\u00e9 Stearns.<\/p>\n\n\n\n<p>\u00ab Les postes cl\u00e9s sont attribu\u00e9s \u00e0 des politiciens de haut rang qui ont de grandes circonscriptions \u00e0 satisfaire, mais peu d\u2019expertise dans leurs nouveaux minist\u00e8res. Kamerhe n\u2019est pas \u00e9conomiste. Bemba \u00e9tait un rebelle mais a peu de formation militaire formelle \u00bb, a-t-il d\u00e9clar\u00e9.<\/p>\n\n\n\n<p>Bemba, un ancien chef rebelle, a \u00e9t\u00e9 arr\u00eat\u00e9 en 2008 par la Cour p\u00e9nale internationale pour crimes de guerre et crimes contre l\u2019humanit\u00e9 commis par ses troupes en R\u00e9publique centrafricaine entre 2002 et 2003.<\/p>\n\n\n\n<p>Il a \u00e9t\u00e9 acquitt\u00e9 et lib\u00e9r\u00e9 10 ans plus tard apr\u00e8s que sa condamnation a \u00e9t\u00e9 annul\u00e9e en appel. Il a toutefois \u00e9t\u00e9 accus\u00e9 et reconnu coupable de subornation de t\u00e9moin pendant le proc\u00e8s.<\/p>\n\n\n\n<p>Kamerhe, un influent courtier congolais en pouvoir, a \u00e9t\u00e9 condamn\u00e9 \u00e0 20 ans de prison en 2020 pour avoir d\u00e9tourn\u00e9 pr\u00e8s de 50 millions de dollars d\u2019un programme \u00e9conomique pr\u00e9sidentiel. Il a ni\u00e9 les accusations.<\/p>\n\n\n\n<p>Sa peine a \u00e9t\u00e9 r\u00e9duite \u00e0 13 ans en appel l\u2019ann\u00e9e suivante, mais en juin 2022, un tribunal sup\u00e9rieur a annul\u00e9 le jugement.<\/p>\n\n\n\n<p>Reportage de Stanis Bujakera et Sonia Rolley \u00c9crit par Bate Felix; \u00c9dit\u00e9 par Sonali Paul<\/p>\n<div style=\"text-align:center\" class=\"wps-pgfw-pdf-generate-icon__wrapper-frontend\">\n\t\t<a href=\"https:\/\/congokin.blog?action=genpdf&amp;id=11721\" class=\"pgfw-single-pdf-download-button\" ><img src=\"https:\/\/congokin.blog\/wp-content\/plugins\/pdf-generator-for-wp\/admin\/src\/images\/PDF_Tray.svg\" title=\"G\u00e9n\u00e9rer un PDF\" style=\"width:auto; height:45px;\"><\/a>\n\t\t<\/div>","protected":false},"excerpt":{"rendered":"<p>Le pr\u00e9sident Tshisekedi fait venir l\u2019ancien vice-pr\u00e9sident Bemba lors d\u2019un remaniement avant les \u00e9lections Par Stanis Bujakera et Sonia Rolley Le chef de l\u2019opposition congolaise Jean-Pierre Bemba du Mouvement pour la lib\u00e9ration du Congo (MLC) salue ses partisans \u00e0 son arriv\u00e9e \u00e0 l\u2019a\u00e9roport international de N\u2019djili \u00e0 Kinshasa, en R\u00e9publique d\u00e9mocratique du Congo, le 23 [&hellip;]<\/p>\n","protected":false},"author":9,"featured_media":0,"comment_status":"open","ping_status":"closed","sticky":false,"template":"","format":"standard","meta":{"footnotes":""},"categories":[1],"tags":[],"class_list":["post-11721","post","type-post","status-publish","format-standard","hentry","category-uncategorized"],"_links":{"self":[{"href":"https:\/\/congokin.blog\/index.php?rest_route=\/wp\/v2\/posts\/11721","targetHints":{"allow":["GET"]}}],"collection":[{"href":"https:\/\/congokin.blog\/index.php?rest_route=\/wp\/v2\/posts"}],"about":[{"href":"https:\/\/congokin.blog\/index.php?rest_route=\/wp\/v2\/types\/post"}],"author":[{"embeddable":true,"href":"https:\/\/congokin.blog\/index.php?rest_route=\/wp\/v2\/users\/9"}],"replies":[{"embeddable":true,"href":"https:\/\/congokin.blog\/index.php?rest_route=%2Fwp%2Fv2%2Fcomments&post=11721"}],"version-history":[{"count":1,"href":"https:\/\/congokin.blog\/index.php?rest_route=\/wp\/v2\/posts\/11721\/revisions"}],"predecessor-version":[{"id":11723,"href":"https:\/\/congokin.blog\/index.php?rest_route=\/wp\/v2\/posts\/11721\/revisions\/11723"}],"wp:attachment":[{"href":"https:\/\/congokin.blog\/index.php?rest_route=%2Fwp%2Fv2%2Fmedia&parent=11721"}],"wp:term":[{"taxonomy":"category","embeddable":true,"href":"https:\/\/congokin.blog\/index.php?rest_route=%2Fwp%2Fv2%2Fcategories&post=11721"},{"taxonomy":"post_tag","embeddable":true,"href":"https:\/\/congokin.blog\/index.php?rest_route=%2Fwp%2Fv2%2Ftags&post=11721"}],"curies":[{"name":"wp","href":"https:\/\/api.w.org\/{rel}","templated":true}]}}