{"id":11724,"date":"2023-03-24T15:28:49","date_gmt":"2023-03-24T15:28:49","guid":{"rendered":"https:\/\/congokin.blog\/?p=11724"},"modified":"2023-03-24T15:28:49","modified_gmt":"2023-03-24T15:28:49","slug":"en-rdc-vital-kamerhe-et-jean-pierre-bemba-entrent-au-gouvernement","status":"publish","type":"post","link":"https:\/\/congokin.blog\/?p=11724","title":{"rendered":"En RDC, Vital Kamerhe et Jean-Pierre Bemba entrent au gouvernement"},"content":{"rendered":"\n<p>POLITIQUE<\/p>\n\n\n\n<h1 class=\"wp-block-heading\">En RDC, Vital Kamerhe et Jean-Pierre Bemba entrent au gouvernement<\/h1>\n\n\n\n<h2 class=\"wp-block-heading\">Avec ce remaniement annonc\u00e9 dans la nuit, F\u00e9lix Tshisekedi s\u2019assure du soutien de poids lourds de la sc\u00e8ne politique en amont de l\u2019\u00e9lection pr\u00e9sidentielle.<\/h2>\n\n\n\n<p>24 mars 2023 \u00e0 07:34<\/p>\n\n\n\n<p>Par&nbsp;<a href=\"https:\/\/www.jeuneafrique.com\/auteurs\/s.bujakeratshiamala\/\">Stanis Bujakera Tshiamala<\/a>&nbsp;&#8211; \u00e0 Kinshasa<\/p>\n\n\n\n<p>Mis \u00e0 jour le 24 mars 2023 \u00e0 07:54<\/p>\n\n\n\n<figure class=\"wp-block-image\"><img decoding=\"async\" src=\"https:\/\/prod.cdn-medias.jeuneafrique.com\/cdn-cgi\/image\/q=100,f=auto,metadata=none,width=1256,height=628\/https:\/\/prod.cdn-medias.jeuneafrique.com\/medias\/2023\/03\/24\/kamerhe-tshisekedi-bemba-1256x628.jpg\" alt=\"\"\/><figcaption class=\"wp-element-caption\">Vital Kamerhe, F\u00e9lix Tshisekedi et Jean-Pierre Bemba. \u00a9 Montage JA \/ Photos : Samy Ntumba Shambuyi pour JA ; Vincenzo Pinto\/AP\/SIPA ; Olivier Papegnies \/ Collectif Huma<\/figcaption><\/figure>\n\n\n\n<p>La strat\u00e9gie a le m\u00e9rite de la clart\u00e9, m\u00eame si elle a cr\u00e9\u00e9 la surprise \u00e0 Kinshasa : c\u2019est un gouvernement qui doit permettre au pr\u00e9sident&nbsp;<a href=\"https:\/\/www.jeuneafrique.com\/1406847\/politique\/a-mupompa-en-rdc-on-aime-felix-tshisekedi-pour-leternite\/\">F\u00e9lix Tshisekedi<\/a>&nbsp;de se renforcer et de conserver le pouvoir \u00e0 l\u2019issue des \u00e9lections g\u00e9n\u00e9rales pr\u00e9vues en d\u00e9cembre prochain.\u00c0 LIRE<a href=\"https:\/\/www.jeuneafrique.com\/1425382\/politique\/kamerhe-bemba-kabuya-comment-lunion-sacree-se-structure-avant-la-presidentielle\/\">Kamerhe, Bemba, Kabuya\u2026 Comment l\u2019Union sacr\u00e9e se structure avant la pr\u00e9sidentielle<\/a><\/p>\n\n\n\n<p>La composition de la nouvelle \u00e9quipe,&nbsp;<a href=\"https:\/\/www.jeuneafrique.com\/1409142\/politique\/en-rdc-pourquoi-felix-tshisekedi-ne-remplacera-pas-le-premier-ministre-sama-lukonde-kyenge\/\">toujours dirig\u00e9e par Jean-Michel Sama Lukonde Kyenge,<\/a>&nbsp;a \u00e9t\u00e9 rendue publique dans la nuit de jeudi \u00e0 vendredi, apr\u00e8s plusieurs semaines de suspense. Elle compte cinq vice-Premiers ministres, onze ministres d\u2019\u00c9tat, une trentaine de ministres, un ministre d\u00e9l\u00e9gu\u00e9 et une dizaine de vice-ministres.<\/p>\n\n\n\n<h2 class=\"wp-block-heading\">Un coup de ma\u00eetre<\/h2>\n\n\n\n<p><a href=\"https:\/\/www.jeuneafrique.com\/1360474\/politique\/rdc-felix-tshisekedi-seul-contre-tous-en-2023\/\">Candidat d\u00e9clar\u00e9 \u00e0 sa propre succession, F\u00e9lix Tshisekedi<\/a>&nbsp;r\u00e9alise un coup de ma\u00eetre en parvenant \u00e0 faire entrer au gouvernement des poids lourds de l\u2019Union sacr\u00e9e (la majorit\u00e9&nbsp;pr\u00e9sidentielle)&nbsp;dont il redoutait qu\u2019ils ne deviennent, \u00e0 plus ou moins br\u00e8ve \u00e9ch\u00e9ance, des concurrents.\u00c0 LIRE<a href=\"https:\/\/www.jeuneafrique.com\/1420768\/politique\/entre-felix-tshisekedi-et-joseph-kabila-les-bons-offices-de-jean-kaseya-patron-dafrica-cdc\/\">Entre F\u00e9lix Tshisekedi et Joseph Kabila, les bons offices de Jean Kaseya, patron d\u2019Africa CDC<\/a><\/p>\n\n\n\n<p>Ainsi, selon les ordonnances lues \u00e0 la t\u00e9l\u00e9vision nationale, Peter Kazadi, haut cadre de l\u2019Union pour la d\u00e9mocratie et le progr\u00e8s social (UDPS, au pouvoir), a \u00e9t\u00e9 nomm\u00e9 vice-Premier ministre en charge de l\u2019Int\u00e9rieur et de la S\u00e9curit\u00e9, poste auquel il remplace un autre cadre du parti pr\u00e9sidentiel, Daniel Aselo.<\/p>\n\n\n\n<h2 class=\"wp-block-heading\">Bemba fait son grand retour\u2026<\/h2>\n\n\n\n<p>Autre entr\u00e9e remarqu\u00e9e, celle de l\u2019ancien vice-pr\u00e9sident congolais,&nbsp;<a href=\"https:\/\/www.jeuneafrique.com\/1158998\/politique\/jean-pierre-bemba-je-nai-aucune-revanche-a-prendre-sur-joseph-kabila\/\">Jean-Pierre Bemba,<\/a>&nbsp;condamn\u00e9 en premi\u00e8re instance par la Cour p\u00e9nale internationale (CPI) \u00e0 18 ans de prison pour \u00ab&nbsp;crimes de guerre&nbsp;\u00bb et &nbsp;\u00bb crimes contre l\u2019humanit\u00e9 &nbsp;\u00bb en Centrafrique, puis acquitt\u00e9 en 2018 apr\u00e8s avoir pass\u00e9 dix ann\u00e9es en prison. Il est nomm\u00e9 vice-Premier ministre et ministre en charge de la D\u00e9fense nationale. C\u2019est son premier poste minist\u00e9riel depuis qu\u2019il a \u00e9t\u00e9 vice-pr\u00e9sident sous Joseph Kabila, \u00e0 l\u2019\u00e9poque du gouvernement dit \u00ab&nbsp;1+4&nbsp;\u00bb.<\/p>\n\n\n\n<p>Exclu de l\u2019\u00e9lection pr\u00e9sidentielle de 2018 en raison d\u2019une condamnation pour \u00ab&nbsp;subornation de t\u00e9moins&nbsp;\u00bb par la CPI, Jean-Pierre Bemba avait alors soutenu&nbsp;<a href=\"https:\/\/www.jeuneafrique.com\/1347640\/politique\/rdc-le-jour-ou-on-ma-vole-la-victoire-par-martin-fayulu\/\">la candidature de Martin Fayulu<\/a>. Il se positionne aujourd\u2019hui comme un alli\u00e9 de taille pour F\u00e9lix Tshisekedi. \u00c0 la D\u00e9fense, c\u2019est lui qui sera d\u00e9sormais charg\u00e9 de trouver le moyen de r\u00e9tablir la paix dans l\u2019Est, et particuli\u00e8rement dans le Nord-Kivu, province dont une grande partie est occup\u00e9e&nbsp;<a href=\"https:\/\/www.jeuneafrique.com\/1428816\/politique\/en-rdc-les-combats-avec-le-m23-ont-repris\/\">par les rebelles du M23<\/a>&nbsp;soutenus, selon Kinshasa et l\u2019ONU, par le Rwanda.\u00c0 LIRE<a href=\"https:\/\/www.jeuneafrique.com\/1385941\/politique\/rdc-vital-kamerhe-peut-il-vraiment-etre-lallie-de-felix-tshisekedi\/\">RDC : Vital Kamerhe peut-il vraiment \u00eatre l\u2019alli\u00e9 de F\u00e9lix Tshisekedi ?<\/a><\/p>\n\n\n\n<p>Ex-directeur de cabinet de F\u00e9lix Tshisekedi, d\u00e9barrass\u00e9 de sa condamnation pour corruption et d\u00e9tournement de fonds publics, Vital Kamerhe a,&nbsp;pour&nbsp;sa part, \u00e9t\u00e9 nomm\u00e9 vice-Premier ministre, en charge de l\u2019\u00c9conomie nationale. \u00ab&nbsp;Il a une fois de plus privil\u00e9gi\u00e9 l\u2019int\u00e9r\u00eat collectif et non personnel&nbsp;\u00bb, explique \u00e0&nbsp;<em>Jeune Afrique<\/em>&nbsp;un proche de l\u2019ancien directeur de cabinet. \u00c0 n\u2019en pas douter, l\u2019influence et la popularit\u00e9 dont Kamerhe jouit dans l\u2019Est, ainsi que la n\u00e9cessit\u00e9 de s\u2019en faire un alli\u00e9 qui n\u2019ira pas se porter candidat, a pes\u00e9 dans la balance, \u00e0 dix mois des \u00e9lections.<\/p>\n\n\n\n<h2 class=\"wp-block-heading\">\u00ab&nbsp;Tshisekedi leur donne des gages&nbsp;\u00bb<\/h2>\n\n\n\n<p>Un autre poids lourds signe \u00e9galement son retour aux affaires :<a href=\"https:\/\/www.jeuneafrique.com\/791388\/politique\/rdc-antipas-mbusa-nyamwisi-quitte-la-coalition-lamuka\/\">&nbsp;Antipas Mbussa Nyamwisi<\/a>&nbsp;a \u00e9t\u00e9 nomm\u00e9 ministre d\u2019\u00c9tat en charge de l\u2019Int\u00e9gration r\u00e9gionale. Il \u00e9tait ministre des Affaires \u00e9trang\u00e8res sous la pr\u00e9sidence de Joseph Kabila. \u00ab&nbsp;F\u00e9lix Tshisekedi a fait le choix de donner des gages \u00e0 tous les poids lourds de son camp, et de s\u00e9curiser ses alliances avant la pr\u00e9sidentielle&nbsp;\u00bb, r\u00e9sume une source \u00e0 la pr\u00e9sidence de la R\u00e9publique.<\/p>\n\n\n\n<p><a href=\"https:\/\/www.jeuneafrique.com\/1350337\/politique\/rdc-christophe-mboso-et-modeste-bahati-lukwebo-des-allies-devenus-ennemis\/\">Modeste Bahati Lukwebo au S\u00e9nat, Christophe Mboso \u00e0 l\u2019Assembl\u00e9e nationale,<\/a>&nbsp;Vital Kamerhe et Jean-Pierre Bemba au gouvernement\u2026 F\u00e9lix Tshisekedi est parvenu \u00e0 proposer de jolis postes \u00e0 tous les piliers de son camp, ou presque. \u00ab&nbsp;Il a voulu \u00e9viter d\u2019entretenir une sorte d\u2019incertitude. Avec ces nominations, il met Kamerhe, Bemba et m\u00eame Bahati Lukwebo dans une situation o\u00f9 ils sont oblig\u00e9s d\u2019apporter leur soutien \u00e0 une seule candidature, la sienne&nbsp;\u00bb, explique un analyste qui a requis l\u2019anonymat.<\/p>\n\n\n\n<p>F\u00e9lix Tshisekedi a par ailleurs maintenu&nbsp;<a href=\"https:\/\/www.jeuneafrique.com\/1405227\/politique\/christophe-lutundula-felix-tshisekedi-ma-fait-confiance-je-lui-renvoie-lascenseur\/\">Christophe Lutundula aux Affaires \u00e9trang\u00e8res,<\/a>&nbsp;Patrick Muyaya \u00e0 la Communication, Rose Mutombo \u00e0 la Justice, Nicolas Kazadi aux Finances et Antoinette N\u2019samba Kalambayi&nbsp;aux&nbsp;Mines.<\/p>\n<div style=\"text-align:center\" class=\"wps-pgfw-pdf-generate-icon__wrapper-frontend\">\n\t\t<a href=\"https:\/\/congokin.blog?action=genpdf&amp;id=11724\" class=\"pgfw-single-pdf-download-button\" ><img src=\"https:\/\/congokin.blog\/wp-content\/plugins\/pdf-generator-for-wp\/admin\/src\/images\/PDF_Tray.svg\" title=\"G\u00e9n\u00e9rer un PDF\" style=\"width:auto; height:45px;\"><\/a>\n\t\t<\/div>","protected":false},"excerpt":{"rendered":"<p>POLITIQUE En RDC, Vital Kamerhe et Jean-Pierre Bemba entrent au gouvernement Avec ce remaniement annonc\u00e9 dans la nuit, F\u00e9lix Tshisekedi s\u2019assure du soutien de poids lourds de la sc\u00e8ne politique en amont de l\u2019\u00e9lection pr\u00e9sidentielle. 24 mars 2023 \u00e0 07:34 Par&nbsp;Stanis Bujakera Tshiamala&nbsp;&#8211; \u00e0 Kinshasa Mis \u00e0 jour le 24 mars 2023 \u00e0 07:54 La [&hellip;]<\/p>\n","protected":false},"author":9,"featured_media":0,"comment_status":"open","ping_status":"closed","sticky":false,"template":"","format":"standard","meta":{"footnotes":""},"categories":[1],"tags":[],"class_list":["post-11724","post","type-post","status-publish","format-standard","hentry","category-uncategorized"],"_links":{"self":[{"href":"https:\/\/congokin.blog\/index.php?rest_route=\/wp\/v2\/posts\/11724","targetHints":{"allow":["GET"]}}],"collection":[{"href":"https:\/\/congokin.blog\/index.php?rest_route=\/wp\/v2\/posts"}],"about":[{"href":"https:\/\/congokin.blog\/index.php?rest_route=\/wp\/v2\/types\/post"}],"author":[{"embeddable":true,"href":"https:\/\/congokin.blog\/index.php?rest_route=\/wp\/v2\/users\/9"}],"replies":[{"embeddable":true,"href":"https:\/\/congokin.blog\/index.php?rest_route=%2Fwp%2Fv2%2Fcomments&post=11724"}],"version-history":[{"count":1,"href":"https:\/\/congokin.blog\/index.php?rest_route=\/wp\/v2\/posts\/11724\/revisions"}],"predecessor-version":[{"id":11725,"href":"https:\/\/congokin.blog\/index.php?rest_route=\/wp\/v2\/posts\/11724\/revisions\/11725"}],"wp:attachment":[{"href":"https:\/\/congokin.blog\/index.php?rest_route=%2Fwp%2Fv2%2Fmedia&parent=11724"}],"wp:term":[{"taxonomy":"category","embeddable":true,"href":"https:\/\/congokin.blog\/index.php?rest_route=%2Fwp%2Fv2%2Fcategories&post=11724"},{"taxonomy":"post_tag","embeddable":true,"href":"https:\/\/congokin.blog\/index.php?rest_route=%2Fwp%2Fv2%2Ftags&post=11724"}],"curies":[{"name":"wp","href":"https:\/\/api.w.org\/{rel}","templated":true}]}}