{"id":11726,"date":"2023-03-24T15:34:18","date_gmt":"2023-03-24T15:34:18","guid":{"rendered":"https:\/\/congokin.blog\/?p=11726"},"modified":"2023-03-24T15:35:28","modified_gmt":"2023-03-24T15:35:28","slug":"11726","status":"publish","type":"post","link":"https:\/\/congokin.blog\/?p=11726","title":{"rendered":"Les rencontres diplomatiques se multiplient autour de la crise dans l&rsquo;est de la RDC\ufffc"},"content":{"rendered":"\n<p><\/p>\n\n\n\n<h1 class=\"wp-block-heading\">Les rencontres diplomatiques se multiplient autour de la crise dans l&rsquo;est de la RDC<\/h1>\n\n\n\n<p><a href=\"https:\/\/www.facebook.com\/dialog\/share?app_id=113191652055439&amp;href=https%3A%2F%2Frfi.my%2F9Hff.F&amp;redirect_uri=https%3A%2F%2Fwww.rfi.fr%2Ffr%2Fafrique%2F20230324-les-rencontres-diplomatiques-se-multiplient-autour-de-la-crise-dans-l-est-de-la-rdc&amp;locale=fr_FR\" target=\"_blank\" rel=\"noreferrer noopener\"><\/a><a href=\"https:\/\/twitter.com\/intent\/tweet?url=https%3A%2F%2Frfi.my%2F9Hff.T&amp;via=RFI&amp;related=rfi&amp;text=Les%20rencontres%20diplomatiques%20se%20multiplient%20autour%20de%20la%20crise%20dans%20l%27est%20de%20la%20RDC&amp;lang=fr\" target=\"_blank\" rel=\"noreferrer noopener\"><\/a><a href=\"https:\/\/web.whatsapp.com\/send?text=Les%20rencontres%20diplomatiques%20se%20multiplient%20autour%20de%20la%20crise%20dans%20l%27est%20de%20la%20RDC%20-%20https%3A%2F%2Frfi.my%2F9Hff.W\" target=\"_blank\" rel=\"noreferrer noopener\"><\/a><\/p>\n\n\n\n<p>Publi\u00e9 le :&nbsp;24\/03\/2023 &#8211; 07:30Modifi\u00e9 le :&nbsp;24\/03\/2023 &#8211; 07:32<\/p>\n\n\n\n<figure class=\"wp-block-image size-full\"><img loading=\"lazy\" decoding=\"async\" width=\"980\" height=\"551\" src=\"https:\/\/congokin.blog\/wp-content\/uploads\/2023\/03\/image-14.png\" alt=\"\" class=\"wp-image-11728\" srcset=\"https:\/\/congokin.blog\/wp-content\/uploads\/2023\/03\/image-14.png 980w, https:\/\/congokin.blog\/wp-content\/uploads\/2023\/03\/image-14-300x169.png 300w, https:\/\/congokin.blog\/wp-content\/uploads\/2023\/03\/image-14-768x432.png 768w\" sizes=\"auto, (max-width: 980px) 100vw, 980px\" \/><\/figure>\n\n\n\n<p>Texte par :<a href=\"https:\/\/www.rfi.fr\/fr\/auteur\/rfi\/\">RFI<\/a><a href=\"https:\/\/twitter.com\/intent\/follow?screen_name=rfi\" target=\"_blank\" rel=\"noreferrer noopener\">Suivre<\/a><\/p>\n\n\n\n<p>2 mn<\/p>\n\n\n\n<p>Apr\u00e8s le Conseil de s\u00e9curit\u00e9 de l&rsquo;ONU, une d\u00e9l\u00e9gation du Conseil paix et s\u00e9curit\u00e9 de l\u2019Union africaine s\u2019est rendue dans l\u2019est de la RDC, toujours en proie aux violences. L&rsquo;objectif&nbsp;: observer l\u2019application sur le terrain du plan de sortie de crise imagin\u00e9 lors du dernier sommet de l&rsquo;UA. Un plan mis \u00e0 mal puisque le cessez-le-feu qui devait entrer en vigueur le 7 mars n\u2019a pas \u00e9t\u00e9 respect\u00e9.<\/p>\n\n\n\n<p>Les missions diplomatiques se succ\u00e8dent en R\u00e9publique d\u00e9mocratique du Congo.&nbsp;Apr\u00e8s&nbsp;<a href=\"https:\/\/www.rfi.fr\/fr\/afrique\/20230312-fin-de-mission-pour-le-conseil-de-s%C3%A9curit%C3%A9-de-l-onu-en-rdc\"><strong>le Conseil de s\u00e9curit\u00e9 des Nations unies<\/strong><\/a>, c\u2019est une d\u00e9l\u00e9gation du Conseil paix et s\u00e9curit\u00e9 de l\u2019Union africaine qui s\u2019est rendue dans l\u2019est de la RDC, en proie \u00e0 d\u2019importantes violences li\u00e9es notamment au conflit contre les rebelles du M23, mais aussi \u00e0 Kinshasa, la capitale, le 22 mars dernier. Elle y a rencontr\u00e9 les autorit\u00e9s militaires, des repr\u00e9sentants de la Monusco, la mission onusienne, et de la force est-africaine, avant de s\u2019entretenir avec le pr\u00e9sident Tshisekedi.<\/p>\n\n\n\n<p>Si la d\u00e9l\u00e9gation du Conseil paix et s\u00e9curit\u00e9 de l\u2019UA a pu constater \u00e0&nbsp;<a href=\"https:\/\/www.rfi.fr\/fr\/afrique\/20230319-rdc-le-camp-de-bulengo-%C3%A0-goma-au-bord-de-la-saturation\"><strong>Goma<\/strong><\/a>&nbsp;que les combats avaient baiss\u00e9 en intensit\u00e9 ces derniers jours, ils ont aussi pu se rendre compte que&nbsp;<a href=\"https:\/\/www.rfi.fr\/fr\/afrique\/20230307-rdc-ces-conditions-qui-mettent-%C3%A0-mal-l-annonce-du-nouveau-cessez-le-feu-du-m23\"><strong>la concr\u00e9tisation du dernier plan de la r\u00e9gion est-africaine<\/strong><\/a>&nbsp;concernant le conflit avec le M23 \u00e9tait bien compromise. En effet, d\u2019ici le 30 mars, c\u2019est-\u00e0-dire dans moins d\u2019une semaine, les rebelles doivent s\u2019\u00eatre retir\u00e9s de l\u2019ensemble des localit\u00e9s conquises ces derniers mois et s\u2019\u00eatre repli\u00e9s dans plusieurs lieux de cantonnement sous l\u2019observation des troupes de la Communaut\u00e9 d&rsquo;Afrique de l&rsquo;Est (EAC).<\/p>\n\n\n\n<h2 class=\"wp-block-heading\">R\u00e9union \u00e0 Bujumbura<\/h2>\n\n\n\n<p>Mais sur le terrain, cette prochaine \u00e9ch\u00e9ance semble difficile \u00e0 tenir. Certes, la force est-africaine a annonc\u00e9 ces derni\u00e8res heures avoir r\u00e9cup\u00e9r\u00e9 des positions autour de Sak\u00e9 et sur la route menant \u00e0 Kitchanga, mais les rebelles contr\u00f4lent encore une partie du Nord-Kivu. Selon des sources humanitaires et s\u00e9curitaires contact\u00e9es dans la r\u00e9gion, ils restent notamment visibles dans le territoire de Rutshuru tout comme dans celui voisin du Masisi. Des sources qui t\u00e9moignent de la pr\u00e9sence du M23 aussi dans des zones o\u00f9 ils sont cens\u00e9s s\u2019\u00eatre d\u00e9j\u00e0 repli\u00e9s.<\/p>\n\n\n\n<p>Cette situation est, en tous les cas, examin\u00e9e attentivement en cette fin de semaine \u00e0 Bujumbura. En effet, les chefs d\u2019\u00e9tat-major des pays de l\u2019EAC sont actuellement r\u00e9unis au Burundi pour faire un point d\u2019\u00e9tape sur cette crise. Au m\u00eame moment, le g\u00e9n\u00e9ral Kaputa, commandant adjoint de la force, vient d\u2019annoncer l\u2019arriv\u00e9e et le d\u00e9ploiement dans le Rutshuru des troupes ougandaises avant la fin du mois de mars.<\/p>\n<div style=\"text-align:center\" class=\"wps-pgfw-pdf-generate-icon__wrapper-frontend\">\n\t\t<a href=\"https:\/\/congokin.blog?action=genpdf&amp;id=11726\" class=\"pgfw-single-pdf-download-button\" ><img src=\"https:\/\/congokin.blog\/wp-content\/plugins\/pdf-generator-for-wp\/admin\/src\/images\/PDF_Tray.svg\" title=\"G\u00e9n\u00e9rer un PDF\" style=\"width:auto; height:45px;\"><\/a>\n\t\t<\/div>","protected":false},"excerpt":{"rendered":"<p>Les rencontres diplomatiques se multiplient autour de la crise dans l&rsquo;est de la RDC Publi\u00e9 le :&nbsp;24\/03\/2023 &#8211; 07:30Modifi\u00e9 le :&nbsp;24\/03\/2023 &#8211; 07:32 Texte par :RFISuivre 2 mn Apr\u00e8s le Conseil de s\u00e9curit\u00e9 de l&rsquo;ONU, une d\u00e9l\u00e9gation du Conseil paix et s\u00e9curit\u00e9 de l\u2019Union africaine s\u2019est rendue dans l\u2019est de la RDC, toujours en proie [&hellip;]<\/p>\n","protected":false},"author":9,"featured_media":0,"comment_status":"open","ping_status":"closed","sticky":false,"template":"","format":"standard","meta":{"footnotes":""},"categories":[1],"tags":[],"class_list":["post-11726","post","type-post","status-publish","format-standard","hentry","category-uncategorized"],"_links":{"self":[{"href":"https:\/\/congokin.blog\/index.php?rest_route=\/wp\/v2\/posts\/11726","targetHints":{"allow":["GET"]}}],"collection":[{"href":"https:\/\/congokin.blog\/index.php?rest_route=\/wp\/v2\/posts"}],"about":[{"href":"https:\/\/congokin.blog\/index.php?rest_route=\/wp\/v2\/types\/post"}],"author":[{"embeddable":true,"href":"https:\/\/congokin.blog\/index.php?rest_route=\/wp\/v2\/users\/9"}],"replies":[{"embeddable":true,"href":"https:\/\/congokin.blog\/index.php?rest_route=%2Fwp%2Fv2%2Fcomments&post=11726"}],"version-history":[{"count":2,"href":"https:\/\/congokin.blog\/index.php?rest_route=\/wp\/v2\/posts\/11726\/revisions"}],"predecessor-version":[{"id":11730,"href":"https:\/\/congokin.blog\/index.php?rest_route=\/wp\/v2\/posts\/11726\/revisions\/11730"}],"wp:attachment":[{"href":"https:\/\/congokin.blog\/index.php?rest_route=%2Fwp%2Fv2%2Fmedia&parent=11726"}],"wp:term":[{"taxonomy":"category","embeddable":true,"href":"https:\/\/congokin.blog\/index.php?rest_route=%2Fwp%2Fv2%2Fcategories&post=11726"},{"taxonomy":"post_tag","embeddable":true,"href":"https:\/\/congokin.blog\/index.php?rest_route=%2Fwp%2Fv2%2Ftags&post=11726"}],"curies":[{"name":"wp","href":"https:\/\/api.w.org\/{rel}","templated":true}]}}