{"id":11734,"date":"2023-03-25T17:30:56","date_gmt":"2023-03-25T17:30:56","guid":{"rendered":"https:\/\/congokin.blog\/?p=11734"},"modified":"2023-03-25T17:30:56","modified_gmt":"2023-03-25T17:30:56","slug":"nicolas-sarkozy-en-rdc-les-coulisses-dune-visite-politico-business","status":"publish","type":"post","link":"https:\/\/congokin.blog\/?p=11734","title":{"rendered":"Nicolas Sarkozy en RDC, les coulisses d\u2019une visite politico-business"},"content":{"rendered":"\n<p>POLITIQUE<\/p>\n\n\n\n<h1 class=\"wp-block-heading\">Nicolas Sarkozy en RDC, les coulisses d\u2019une visite politico-business<\/h1>\n\n\n\n<h2 class=\"wp-block-heading\">L\u2019ancien pr\u00e9sident fran\u00e7ais \u00e9tait \u00e0 Kinshasa, les 22 et 23 mars, o\u00f9 il a \u00e9t\u00e9 re\u00e7u par F\u00e9lix Tshisekedi. Int\u00e9r\u00eats \u00e9conomiques, crise avec le Rwanda\u2026 Voici ce qui a \u00e9t\u00e9 discut\u00e9.<\/h2>\n\n\n\n<p>R\u00e9serv\u00e9 aux abonn\u00e9s<\/p>\n\n\n\n<p>24 mars 2023 \u00e0 11:27<\/p>\n\n\n\n<p>Par&nbsp;<em>Jeune Afrique<\/em><\/p>\n\n\n\n<p>Mis \u00e0 jour le 24 mars 2023 \u00e0 11:27<\/p>\n\n\n\n<figure class=\"wp-block-image\"><img decoding=\"async\" src=\"https:\/\/prod.cdn-medias.jeuneafrique.com\/cdn-cgi\/image\/q=100,f=auto,metadata=none,width=1256,height=628\/https:\/\/prod.cdn-medias.jeuneafrique.com\/medias\/2023\/03\/24\/jad20230324-conf-rdc-tshisekedi-sarkozy-1256x628-1679653016.jpg\" alt=\"\"\/><figcaption class=\"wp-element-caption\">Nicolas Sarkozy et F\u00e9lix Tshisekedi \u00e0 Kinshasa, le 23 mars 2023. \u00a9 Pr\u00e9sidence RDC<\/figcaption><\/figure>\n\n\n\n<p>Dans la soir\u00e9e du mercredi 22 mars,&nbsp;<a href=\"https:\/\/www.jeuneafrique.com\/1429670\/politique\/nicolas-sarkozy-chez-felix-tshisekedi-les-raisons-dune-visite\/\"><strong>F\u00e9lix Tshisekedi<\/strong>&nbsp;et&nbsp;<strong>Nicolas Sarkozy<\/strong>&nbsp;ont partag\u00e9 un d\u00eener<\/a>&nbsp;\u00e0 la cit\u00e9 de l\u2019Union africaine, l\u2019une des r\u00e9sidences du chef de l\u2019\u00c9tat congolais. Selon l\u2019entourage de ce dernier, au cours d\u2019une discussion portant sur la situation r\u00e9gionale, l\u2019ancien pr\u00e9sident fran\u00e7ais a propos\u00e9 \u00e0 son h\u00f4te&nbsp;<a href=\"https:\/\/www.jeuneafrique.com\/1413411\/politique\/paul-kagame-m23-en-rdc-tshisekedi-macron-presidentielle-au-rwanda-lentretien-exclusif-en-video\/\">de faciliter une rencontre avec&nbsp;<strong>Paul Kagame.<\/strong><\/a>\u00c0 LIRE<a href=\"https:\/\/www.jeuneafrique.com\/1430219\/politique\/le-rwanda-a-t-il-vraiment-ete-exclu-du-sommet-de-la-ceeac-a-kinshasa\/\">Le Rwanda a-t-il vraiment \u00e9t\u00e9 exclu du sommet de la CEEAC \u00e0 Kinshasa ?<\/a><\/p>\n\n\n\n<p>Ce dernier ne s\u2019y est pas oppos\u00e9, mais il a tout de m\u00eame rappel\u00e9 les demandes qu\u2019il a d\u00e9j\u00e0 formul\u00e9es : le retrait du&nbsp;M23&nbsp;du territoire congolais et le retour des r\u00e9fugi\u00e9s. Nicolas Sarkozy n\u2019a pas insist\u00e9, mais il s\u2019est \u00e9tonn\u00e9 de la forte d\u00e9gradation des relations entre Kigali et Kinshasa, alors que le d\u00e9but du mandat de F\u00e9lix Tshisekedi avait \u00e9t\u00e9 marqu\u00e9 par un rapprochement avec Paul Kagame. Mais la crise entre les deux voisins n\u2019\u00e9tait pas l\u2019unique raison du d\u00e9placement de l\u2019ancien pr\u00e9sident fran\u00e7ais.<\/p>\n\n\n\n<h2 class=\"wp-block-heading\">Paris sportifs en ligne<\/h2>\n\n\n\n<p>Toujours selon nos informations, Nicolas Sarkozy \u00e9tait accompagn\u00e9 pour l\u2019occasion du directeur g\u00e9n\u00e9ral adjoint de Betclic Sport,&nbsp;<strong>Julien Brun,&nbsp;<\/strong>qui souhaite s\u2019implanter en RDC dans les prochains mois. Un sujet qui a \u00e9t\u00e9 abord\u00e9 avec&nbsp;<a href=\"https:\/\/www.jeuneafrique.com\/1409142\/politique\/en-rdc-pourquoi-felix-tshisekedi-ne-remplacera-pas-le-premier-ministre-sama-lukonde-kyenge\/\">le Premier ministre,<strong>&nbsp;Jean-Michel Sama Lukonde Kyenge<\/strong><\/a><strong>,<\/strong>&nbsp;et le ministre des Finances,<strong>&nbsp;Nicolas Kazadi.<\/strong>\u00c0 LIRE<a href=\"https:\/\/www.jeuneafrique.com\/1378226\/politique\/est-de-la-rdc-la-diplomatie-de-lombre-des-renseignements-francais\/\">Est de la RDC : la diplomatie de l\u2019ombre des renseignements fran\u00e7ais<\/a><\/p>\n\n\n\n<p>Apr\u00e8s le d\u00e9part de l\u2019ex-chef de l\u2019\u00c9tat, les \u00e9quipes de la soci\u00e9t\u00e9 fran\u00e7aise de paris sportifs sont rest\u00e9es sur place pour poursuivre les discussions. Le jeudi 23 mars, Nicolas Sarkozy a de nouveau revu F\u00e9lix Tshisekedi, avec qui il a partag\u00e9 un d\u00e9jeuner.<\/p>\n\n\n\n<h2 class=\"wp-block-heading\">Une visite pr\u00e9vue de longue date<\/h2>\n\n\n\n<p>Arriv\u00e9 \u00e0 Kinshasa la veille, \u00e0 17 heures, \u00e0 bord&nbsp;d\u2019un&nbsp;avion priv\u00e9 lou\u00e9, Nicolas Sarkozy a \u00e9t\u00e9 accueilli dans le salon VIP de l\u2019a\u00e9roport international de Ndjili par&nbsp;<strong>Didier Budimbu.<\/strong>&nbsp;<a href=\"https:\/\/www.jeuneafrique.com\/1339103\/politique\/rdc-pourquoi-didier-budimbu-le-ministre-des-hydrocarbures-a-ete-auditionne-par-lanr\/\">Le ministre des Hydrocarbures<\/a>&nbsp;(reconduit lors du remaniement du 23 mars) s\u2019\u00e9tait rendu au cabinet de l\u2019ancien pr\u00e9sident fran\u00e7ais lors de son dernier s\u00e9jour \u00e0 Paris, en septembre 2022. C\u2019est lui qui a \u00e9t\u00e9 sollicit\u00e9, d\u2019abord par&nbsp;<a href=\"https:\/\/www.jeuneafrique.com\/1087715\/politique\/rachida-dati-le-maroc-ne-tournera-jamais-le-dos-a-lalgerie-et-vice-versa\/\">l\u2019ancienne ministre de la Justice,&nbsp;<strong>Rachida Dati,<\/strong><\/a>&nbsp;puis par&nbsp;<strong>Pierre R\u00e9gent,<\/strong>&nbsp;le conseiller diplomatique de Sarkozy, pour organiser la rencontre avec F\u00e9lix Tshisekedi.\u00c0 LIRE<a href=\"https:\/\/www.jeuneafrique.com\/1379463\/politique\/rdc-rwanda-entre-tshisekedi-et-kagame-comment-macron-sest-impose-comme-mediateur\/\">RDC-Rwanda : entre Tshisekedi et Kagame, comment Macron s\u2019est impos\u00e9 comme m\u00e9diateur<\/a><\/p>\n\n\n\n<p>Le chef de l\u2019\u00c9tat congolais entretient de bonnes relations avec l\u2019ancien pr\u00e9sident fran\u00e7ais. Les deux hommes projetaient de se voir \u00e0 Kinshasa depuis plus d\u2019un an : un premier voyage a d\u00fb \u00eatre report\u00e9&nbsp;<a href=\"https:\/\/www.jeuneafrique.com\/1422691\/politique\/emmanuel-macron-lequilibriste-entre-felix-tshisekedi-et-paul-kagame\/\">en raison de la visite d\u2019<strong>Emmanuel Macron,<\/strong>&nbsp;le 4 mars.<\/a>&nbsp;Les discussions ont donc repris le 17 mars. De nouveau envisag\u00e9 le 21 mars, le d\u00e9placement a finalement \u00e9t\u00e9 fix\u00e9 au lendemain \u00e0 la demande de la partie congolaise. Pierre R\u00e9gent s\u2019est d\u2019ailleurs rendu \u00e0 Kinshasa vingt-quatre heures avant, pour finaliser les&nbsp;derniers&nbsp;d\u00e9tails.<\/p>\n<div style=\"text-align:center\" class=\"wps-pgfw-pdf-generate-icon__wrapper-frontend\">\n\t\t<a href=\"https:\/\/congokin.blog?action=genpdf&amp;id=11734\" class=\"pgfw-single-pdf-download-button\" ><img src=\"https:\/\/congokin.blog\/wp-content\/plugins\/pdf-generator-for-wp\/admin\/src\/images\/PDF_Tray.svg\" title=\"G\u00e9n\u00e9rer un PDF\" style=\"width:auto; height:45px;\"><\/a>\n\t\t<\/div>","protected":false},"excerpt":{"rendered":"<p>POLITIQUE Nicolas Sarkozy en RDC, les coulisses d\u2019une visite politico-business L\u2019ancien pr\u00e9sident fran\u00e7ais \u00e9tait \u00e0 Kinshasa, les 22 et 23 mars, o\u00f9 il a \u00e9t\u00e9 re\u00e7u par F\u00e9lix Tshisekedi. Int\u00e9r\u00eats \u00e9conomiques, crise avec le Rwanda\u2026 Voici ce qui a \u00e9t\u00e9 discut\u00e9. R\u00e9serv\u00e9 aux abonn\u00e9s 24 mars 2023 \u00e0 11:27 Par&nbsp;Jeune Afrique Mis \u00e0 jour le [&hellip;]<\/p>\n","protected":false},"author":9,"featured_media":0,"comment_status":"open","ping_status":"closed","sticky":false,"template":"","format":"standard","meta":{"footnotes":""},"categories":[12,7,8],"tags":[],"class_list":["post-11734","post","type-post","status-publish","format-standard","hentry","category-opinions","category-politique","category-societe"],"_links":{"self":[{"href":"https:\/\/congokin.blog\/index.php?rest_route=\/wp\/v2\/posts\/11734","targetHints":{"allow":["GET"]}}],"collection":[{"href":"https:\/\/congokin.blog\/index.php?rest_route=\/wp\/v2\/posts"}],"about":[{"href":"https:\/\/congokin.blog\/index.php?rest_route=\/wp\/v2\/types\/post"}],"author":[{"embeddable":true,"href":"https:\/\/congokin.blog\/index.php?rest_route=\/wp\/v2\/users\/9"}],"replies":[{"embeddable":true,"href":"https:\/\/congokin.blog\/index.php?rest_route=%2Fwp%2Fv2%2Fcomments&post=11734"}],"version-history":[{"count":1,"href":"https:\/\/congokin.blog\/index.php?rest_route=\/wp\/v2\/posts\/11734\/revisions"}],"predecessor-version":[{"id":11735,"href":"https:\/\/congokin.blog\/index.php?rest_route=\/wp\/v2\/posts\/11734\/revisions\/11735"}],"wp:attachment":[{"href":"https:\/\/congokin.blog\/index.php?rest_route=%2Fwp%2Fv2%2Fmedia&parent=11734"}],"wp:term":[{"taxonomy":"category","embeddable":true,"href":"https:\/\/congokin.blog\/index.php?rest_route=%2Fwp%2Fv2%2Fcategories&post=11734"},{"taxonomy":"post_tag","embeddable":true,"href":"https:\/\/congokin.blog\/index.php?rest_route=%2Fwp%2Fv2%2Ftags&post=11734"}],"curies":[{"name":"wp","href":"https:\/\/api.w.org\/{rel}","templated":true}]}}