{"id":11736,"date":"2023-03-25T17:38:10","date_gmt":"2023-03-25T17:38:10","guid":{"rendered":"https:\/\/congokin.blog\/?p=11736"},"modified":"2023-03-25T17:38:10","modified_gmt":"2023-03-25T17:38:10","slug":"en-rdc-la-spectaculaire-remontada-de-vital-kamerhe","status":"publish","type":"post","link":"https:\/\/congokin.blog\/?p=11736","title":{"rendered":"En RDC, la spectaculaire remontada de Vital Kamerhe"},"content":{"rendered":"\n<p>POLITIQUE<\/p>\n\n\n\n<h1 class=\"wp-block-heading\">En RDC, la spectaculaire remontada de Vital Kamerhe<\/h1>\n\n\n\n<h2 class=\"wp-block-heading\">C\u2019est son ex-directeur de cabinet, condamn\u00e9 pour d\u00e9tournement de fonds puis acquitt\u00e9, que F\u00e9lix Tshisekedi a choisi de nommer vice-Premier ministre charg\u00e9 de l\u2019\u00c9conomie. Un choix tr\u00e8s politique, \u00e0 dix mois des \u00e9lections.<\/h2>\n\n\n\n<p><\/p>\n\n\n\n<p>24 mars 2023 \u00e0 18:21<\/p>\n\n\n\n<p>Par&nbsp;<a href=\"https:\/\/www.jeuneafrique.com\/auteurs\/s.bujakeratshiamala\/\">Stanis Bujakera Tshiamala<\/a>&nbsp;&#8211; \u00e0 Kinshasa<\/p>\n\n\n\n<p>Mis \u00e0 jour le 24 mars 2023 \u00e0 18:21<\/p>\n\n\n\n<figure class=\"wp-block-image\"><img decoding=\"async\" src=\"https:\/\/prod.cdn-medias.jeuneafrique.com\/cdn-cgi\/image\/q=100,f=auto,metadata=none,width=1256,height=628\/https:\/\/prod.cdn-medias.jeuneafrique.com\/medias\/2023\/03\/24\/jad20230324-ass-rdc-vital-kamerhe-1256x628-1679673129.jpg\" alt=\"\"\/><figcaption class=\"wp-element-caption\">Vital Kamerhe \u00e0 son domicile, \u00e0 Kinshasa, le 19 octobre 2022. \u00a9 Samy Ntumba Shambuyi pour JA<\/figcaption><\/figure>\n\n\n\n<p>Comme le Real&nbsp;Madrid, son \u00e9quipe de c\u0153ur,&nbsp;<a href=\"https:\/\/www.jeuneafrique.com\/1385941\/politique\/rdc-vital-kamerhe-peut-il-vraiment-etre-lallie-de-felix-tshisekedi\/\">Vital Kamerhe<\/a>&nbsp;vient de faire une spectaculaire remontada. En moins de trois&nbsp;ans, il aura \u00e9t\u00e9 arr\u00eat\u00e9,&nbsp;<a href=\"https:\/\/www.jeuneafrique.com\/1004046\/societe\/rdc-vital-kamerhe-condamne-a-20-ans-de-prison\/\">condamn\u00e9 \u00e0 vingt ann\u00e9es de prison,<\/a>&nbsp;puis aura vu sa peine r\u00e9duite \u00e0 treize ans avant d\u2019\u00eatre remis en libert\u00e9 provisoire puis d\u2019\u00eatre de nouveau jug\u00e9 en appel,&nbsp;<a href=\"https:\/\/www.jeuneafrique.com\/1354460\/politique\/rdc-vital-kamerhe-acquitte-en-appel\/\">et, cette fois, acquitt\u00e9\u2026<\/a>&nbsp;Peu de trajectoires politiques ont connu autant de rebondissements dans un aussi bref laps de temps.\u00c0 LIRE<a href=\"https:\/\/www.jeuneafrique.com\/1430320\/politique\/en-rdc-vital-kamerhe-et-jean-pierre-bemba-entrent-au-gouvernement\/\">En RDC, Vital Kamerhe et Jean-Pierre Bemba entrent au gouvernement<\/a><\/p>\n\n\n\n<p>C\u2019est dans la nuit du jeudi 23 au vendredi 24 mars que F\u00e9lix Tshisekedi, le chef de l\u2019\u00c9tat, a d\u00e9voil\u00e9 l\u2019un des secrets les mieux gard\u00e9s de la R\u00e9publique en nommant Vital Kamerhe vice-Premier ministre, charg\u00e9 de l\u2019\u00c9conomie nationale. Comment donc le pr\u00e9sident de l\u2019Union pour la nation congolaise (UNC) est-il parvenu \u00e0 se replacer sur le devant de la sc\u00e8ne ?<\/p>\n\n\n\n<h2 class=\"wp-block-heading\">\u00ab&nbsp;Honn\u00eate et s\u00e9rieux&nbsp;\u00bb<\/h2>\n\n\n\n<p>\u00c0 la fin de juin 2021, alors qu\u2019il \u00e9tait en d\u00e9placement \u00e0 Goma, dans cet Est de la RDC qui a vu&nbsp;na\u00eetre&nbsp;son ancien directeur de cabinet, F\u00e9lix Tshisekedi avait pr\u00e9venu : \u00ab&nbsp;Je persiste \u00e0 croire que Vital Kamerhe est [une personnalit\u00e9] honn\u00eate et s\u00e9rieuse, dont la R\u00e9publique a besoin gr\u00e2ce \u00e0 son intelligence et \u00e0 son exp\u00e9rience. Il a un r\u00f4le \u00e0 jouer dans ce pays. Et il y jouera un r\u00f4le.&nbsp;\u00bb<\/p>\n\n\n\n<p>\u00c0 l\u2019\u00e9poque, la peine de prison de Kamerhe, reconnu coupable d\u2019avoir d\u00e9tourn\u00e9 50 millions de dollars destin\u00e9s \u00e0 la construction de maisons pr\u00e9fabriqu\u00e9es pour des militaires et des policiers, venait d\u2019\u00eatre r\u00e9duite.<\/p>\n\n\n\n<h2 class=\"wp-block-heading\">Habilet\u00e9<\/h2>\n\n\n\n<p>Politicien madr\u00e9, Kamerhe n\u2019a cess\u00e9 de clamer son innocence tout en prenant soin de ne jamais tenir le chef de l\u2019\u00c9tat pour responsable de ses d\u00e9boires judiciaires. Son parti a certes plusieurs fois d\u00e9nonc\u00e9 une man\u0153uvre visant \u00e0 \u00ab&nbsp;\u00e9liminer un potentiel candidat \u00e0 la prochaine pr\u00e9sidentielle&nbsp;\u00bb,&nbsp;<a href=\"https:\/\/www.jeuneafrique.com\/1263841\/politique\/rdc-lunc-et-kamerhe-doivent-faire-un-choix\/\">mais Kamerhe lui-m\u00eame a choisi ses mots,<\/a>&nbsp;m\u00e9nageant son partenaire politique et se contentant de critiquer, parfois vertement aupr\u00e8s de ses visiteurs du soir, l\u2019entourage du chef de l\u2019\u00c9tat. M\u00eame durant son incarc\u00e9ration, il n\u2019a pas davantage remis en cause son soutien \u00e0 F\u00e9lix Tshisekedi.\u00c0 LIRE<a href=\"https:\/\/www.jeuneafrique.com\/1364130\/politique\/rdc-qui-a-oeuvre-dans-lombre-a-la-resurrection-politique-de-vital-kamerhe\/\">RDC : qui a \u0153uvr\u00e9 dans l\u2019ombre \u00e0 la \u00ab&nbsp;r\u00e9surrection politique&nbsp;\u00bb de Vital Kamerhe&nbsp;?<\/a><\/p>\n\n\n\n<p>Ce n\u2019est qu\u2019apr\u00e8s son acquittement que celui qui pr\u00e9sida l\u2019Assembl\u00e9e nationale&nbsp;<a href=\"https:\/\/www.jeuneafrique.com\/1314298\/politique\/rdc-un-mystere-nomme-kabila\/\">sous la pr\u00e9sidence de Joseph Kabila<\/a>&nbsp;s\u2019est autoris\u00e9 \u00e0 manifester quelques ambitions tout en se disant dispos\u00e9 \u00e0 \u00ab&nbsp;accompagner&nbsp;\u00bb le candidat Tshisekedi. Il a, un temps, lorgn\u00e9 le poste de Premier ministre et, selon nos informations, le pr\u00e9sident ne lui a pas dit non, lui demandant toutefois le temps de la r\u00e9flexion. Il a finalement obtenu un poste de vice-Premier ministre.<\/p>\n\n\n\n<h2 class=\"wp-block-heading\">Avec Jean-Pierre Bemba<\/h2>\n\n\n\n<p>L\u2019annonce de cette nomination alors que l\u2019int\u00e9ress\u00e9 se trouvait \u00e0 Paris pour un court s\u00e9jour priv\u00e9 a pris Kinshasa de court. Au sein m\u00eame de son entourage, la surprise a \u00e9t\u00e9 totale. D\u2019autant que Kamerhe travaillait, ces derniers jours et alors que le remaniement se faisait attendre, \u00e0 l\u2019\u00e9tablissement d\u2019une liste de membres de l\u2019UNC susceptibles d\u2019obtenir des maroquins.<\/p>\n\n\n\n<p>Il avait, pour le compte de son parti, manifest\u00e9 son int\u00e9r\u00eat pour&nbsp;le&nbsp;minist\u00e8re de l\u2019\u00c9conomie, poste vacant depuis que, le 30 mars 2022, l\u2019Assembl\u00e9e nationale avait destitu\u00e9 Jean-Marie Kalumba (l\u2019int\u00e9rim \u00e9tait assur\u00e9 par Nicolas Kazadi, qui, lui, vient d\u2019\u00eatre reconduit aux Finances).<\/p>\n\n\n\n<p>Selon nos informations,&nbsp;<a href=\"https:\/\/www.jeuneafrique.com\/1425382\/politique\/kamerhe-bemba-kabuya-comment-lunion-sacree-se-structure-avant-la-presidentielle\/\">les ultimes discussions et&nbsp;arbitrages<\/a>&nbsp;ont eu lieu le week-end dernier, alors que le chef de l\u2019\u00c9tat r\u00e9fl\u00e9chissait \u00e0 la mani\u00e8re de contenter ses alli\u00e9s et de neutraliser les ambitieux de son propre camp tout en \u00e9vitant les d\u00e9fections&nbsp;<a href=\"https:\/\/www.jeuneafrique.com\/1409142\/politique\/en-rdc-pourquoi-felix-tshisekedi-ne-remplacera-pas-le-premier-ministre-sama-lukonde-kyenge\/\">et en maintenant Sama Lukonde Kyenge \u00e0 la primature pour des raisons d\u2019\u00e9quilibre g\u00e9opolitique.<\/a><\/p>\n\n\n\n<p>C\u2019est en d\u00e9but de semaine que Vital Kamerhe, apr\u00e8s s\u2019\u00eatre entretenu avec F\u00e9lix Tshisekedi et avec le Premier ministre, a donn\u00e9 son accord. Il a \u00e9galement discut\u00e9 avec&nbsp;<a href=\"https:\/\/www.jeuneafrique.com\/1158998\/politique\/jean-pierre-bemba-je-nai-aucune-revanche-a-prendre-sur-joseph-kabila\/\">Jean-Pierre Bemba<\/a>&nbsp;et&nbsp;<a href=\"https:\/\/www.jeuneafrique.com\/791388\/politique\/rdc-antipas-mbusa-nyamwisi-quitte-la-coalition-lamuka\/\">Antipas Mbusa Nyamwisi<\/a>&nbsp;(ces deux derniers font eux aussi leur entr\u00e9e au gouvernement, respectivement au poste de vice-Premier ministre charg\u00e9 de la D\u00e9fense et de ministre d\u2019\u00c9tat charg\u00e9 de l\u2019Int\u00e9gration r\u00e9gionale).\u00c0 LIRE<a href=\"https:\/\/www.jeuneafrique.com\/1356893\/politique\/rdc-discret-mais-soulage-vital-kamerhe-savoure\/\">RDC : discret mais soulag\u00e9, Vital Kamerhe savoure<\/a><\/p>\n\n\n\n<p>\u00ab&nbsp;Kamerhe voulait que Bemba soit au gouvernement, et inversement. Tous deux ont d\u00e9j\u00e0 jou\u00e9 un r\u00f4le dans ce pays, ils \u00e9volueront en duo&nbsp;\u00bb, affirme un proche du patron de l\u2019UNC. \u00ab&nbsp;Ce faisant, ils ont accept\u00e9 de soutenir la candidature de Tshisekedi, regrette un opposant. Ils veulent se positionner pour avoir du poids au Parlement apr\u00e8s l\u2019\u00e9lection pr\u00e9sidentielle.&nbsp;\u00bb<\/p>\n\n\n\n<h2 class=\"wp-block-heading\">Se refaire une sant\u00e9 politique<\/h2>\n\n\n\n<p>S\u2019il veut un jour jouer les premiers r\u00f4les, Vital Kamerhe doit se refaire une sant\u00e9 politique, faire oublier aux Congolais ses d\u00e9boires judiciaires et donner l\u2019image d\u2019un homme comp\u00e9tent. C\u2019est parce qu\u2019il mesure la difficult\u00e9 de la t\u00e2che qui l\u2019attend qu\u2019il a accept\u00e9 le portefeuille de l\u2019\u00c9conomie. \u00ab&nbsp;\u00c0 la primature, il aurait eu du mal \u00e0 se d\u00e9faire des clich\u00e9s et \u00e0 asseoir sa l\u00e9gitimit\u00e9&nbsp;\u00bb, affirme une source au sein du gouvernement. Ni F\u00e9lix Tshisekedi ni lui-m\u00eame n\u2019en seraient sortis gagnants.&nbsp;\u00bb<\/p>\n\n\n\n<p>Il avait d\u00e9j\u00e0 rang de vice-Premier ministre lorsqu\u2019il dirigeait le cabinet du pr\u00e9sident. D\u00e9sormais, le voil\u00e0 de nouveau vice-Premier ministre et, selon ses proches, \u00ab&nbsp;pr\u00eat \u00e0 relever&nbsp;les&nbsp;d\u00e9fis&nbsp;\u00bb.<\/p>\n<div style=\"text-align:center\" class=\"wps-pgfw-pdf-generate-icon__wrapper-frontend\">\n\t\t<a href=\"https:\/\/congokin.blog?action=genpdf&amp;id=11736\" class=\"pgfw-single-pdf-download-button\" ><img src=\"https:\/\/congokin.blog\/wp-content\/plugins\/pdf-generator-for-wp\/admin\/src\/images\/PDF_Tray.svg\" title=\"G\u00e9n\u00e9rer un PDF\" style=\"width:auto; height:45px;\"><\/a>\n\t\t<\/div>","protected":false},"excerpt":{"rendered":"<p>POLITIQUE En RDC, la spectaculaire remontada de Vital Kamerhe C\u2019est son ex-directeur de cabinet, condamn\u00e9 pour d\u00e9tournement de fonds puis acquitt\u00e9, que F\u00e9lix Tshisekedi a choisi de nommer vice-Premier ministre charg\u00e9 de l\u2019\u00c9conomie. Un choix tr\u00e8s politique, \u00e0 dix mois des \u00e9lections. 24 mars 2023 \u00e0 18:21 Par&nbsp;Stanis Bujakera Tshiamala&nbsp;&#8211; \u00e0 Kinshasa Mis \u00e0 jour [&hellip;]<\/p>\n","protected":false},"author":9,"featured_media":0,"comment_status":"open","ping_status":"closed","sticky":false,"template":"","format":"standard","meta":{"footnotes":""},"categories":[2,7,8],"tags":[],"class_list":["post-11736","post","type-post","status-publish","format-standard","hentry","category-analyse","category-politique","category-societe"],"_links":{"self":[{"href":"https:\/\/congokin.blog\/index.php?rest_route=\/wp\/v2\/posts\/11736","targetHints":{"allow":["GET"]}}],"collection":[{"href":"https:\/\/congokin.blog\/index.php?rest_route=\/wp\/v2\/posts"}],"about":[{"href":"https:\/\/congokin.blog\/index.php?rest_route=\/wp\/v2\/types\/post"}],"author":[{"embeddable":true,"href":"https:\/\/congokin.blog\/index.php?rest_route=\/wp\/v2\/users\/9"}],"replies":[{"embeddable":true,"href":"https:\/\/congokin.blog\/index.php?rest_route=%2Fwp%2Fv2%2Fcomments&post=11736"}],"version-history":[{"count":1,"href":"https:\/\/congokin.blog\/index.php?rest_route=\/wp\/v2\/posts\/11736\/revisions"}],"predecessor-version":[{"id":11737,"href":"https:\/\/congokin.blog\/index.php?rest_route=\/wp\/v2\/posts\/11736\/revisions\/11737"}],"wp:attachment":[{"href":"https:\/\/congokin.blog\/index.php?rest_route=%2Fwp%2Fv2%2Fmedia&parent=11736"}],"wp:term":[{"taxonomy":"category","embeddable":true,"href":"https:\/\/congokin.blog\/index.php?rest_route=%2Fwp%2Fv2%2Fcategories&post=11736"},{"taxonomy":"post_tag","embeddable":true,"href":"https:\/\/congokin.blog\/index.php?rest_route=%2Fwp%2Fv2%2Ftags&post=11736"}],"curies":[{"name":"wp","href":"https:\/\/api.w.org\/{rel}","templated":true}]}}