{"id":11750,"date":"2023-03-28T00:13:14","date_gmt":"2023-03-28T00:13:14","guid":{"rendered":"https:\/\/congokin.blog\/?p=11750"},"modified":"2023-03-28T00:13:14","modified_gmt":"2023-03-28T00:13:14","slug":"en-rdc-felix-tshisekedi-a-t-il-snobe-le-ministre-britannique-charge-de-lafrique","status":"publish","type":"post","link":"https:\/\/congokin.blog\/?p=11750","title":{"rendered":"En RDC, F\u00e9lix Tshisekedi a-t-il snob\u00e9 le ministre britannique charg\u00e9 de l\u2019Afrique\u00a0?"},"content":{"rendered":"\n<p>POLITIQUE<\/p>\n\n\n\n<h1 class=\"wp-block-heading\">En RDC, F\u00e9lix Tshisekedi a-t-il snob\u00e9 le ministre britannique charg\u00e9 de l\u2019Afrique&nbsp;?<\/h1>\n\n\n\n<h2 class=\"wp-block-heading\">\u00c0 Kinshasa, du 18 au 21 mars, Andrew Mitchell n\u2019a pas \u00e9t\u00e9 re\u00e7u par le chef de l\u2019\u00c9tat congolais. Pourtant, leur entretien figurait \u00e0 l\u2019agenda de ce dernier. Voici pourquoi.<\/h2>\n\n\n\n<p>R\u00e9serv\u00e9 aux abonn\u00e9s<\/p>\n\n\n\n<p>27 mars 2023 \u00e0 17:00<\/p>\n\n\n\n<p>Par&nbsp;<em>Jeune Afrique<\/em><\/p>\n\n\n\n<p>Mis \u00e0 jour le 27 mars 2023 \u00e0 17:25<\/p>\n\n\n\n<figure class=\"wp-block-image\"><img decoding=\"async\" src=\"https:\/\/prod.cdn-medias.jeuneafrique.com\/cdn-cgi\/image\/q=100,f=auto,metadata=none,width=1256,height=628\/https:\/\/prod.cdn-medias.jeuneafrique.com\/medias\/2023\/03\/27\/jad20230327-pol-tshisekedi-1256x628-1679922629.jpg\" alt=\"\"\/><figcaption class=\"wp-element-caption\">Le pr\u00e9sident congolais F\u00e9lix Tshisekedi, \u00e0 Kinshasa, le 4 mars 2023. \u00a9 LUDOVIC MARIN \/ AFP<\/figcaption><\/figure>\n\n\n\n<p>Dans le programme officiel partag\u00e9 par l\u2019ambassade britannique en RDC, tout \u00e9tait pourtant clair :&nbsp;<strong>Andrew Mitchell<\/strong>&nbsp;devait rencontrer le pr\u00e9sident congolais,<strong>&nbsp;F\u00e9lix Tshisekedi<\/strong>,&nbsp;et le ministre des Affaires \u00e9trang\u00e8res,&nbsp;<strong>Christophe Lutundula<\/strong>,&nbsp;<a href=\"https:\/\/www.jeuneafrique.com\/mag\/882819\/politique\/brexit-comment-lafrique-peut-tirer-son-epingle-du-jeu\/\">pour discuter du renforcement du partenariat entre le Royaume-Uni et la RDC<\/a>.<\/p>\n\n\n\n<p>Arriv\u00e9 \u00e0 Kinshasa dans la soir\u00e9e du 18 mars et durant son s\u00e9jour de trois jours, le ministre d\u2019\u00c9tat charg\u00e9 du d\u00e9veloppement et de l\u2019Afrique n\u2019a finalement \u00e9t\u00e9 re\u00e7u&nbsp;<a href=\"https:\/\/www.jeuneafrique.com\/1405227\/politique\/christophe-lutundula-felix-tshisekedi-ma-fait-confiance-je-lui-renvoie-lascenseur\/\">que par le chef de la diplomatie<\/a>. \u00ab&nbsp;La pr\u00e9sidence congolaise a fait attendre Andrew Mitchell toute la journ\u00e9e du 20 mars, jusqu\u2019\u00e0 minuit, confirme \u00e0&nbsp;<em>Jeune Afrique<\/em>&nbsp;une source&nbsp;britannique&nbsp;proche du dossier. Il a donc quitt\u00e9 Kinshasa le 22 mars.&nbsp;\u00bb<\/p>\n\n\n\n<h2 class=\"wp-block-heading\">\u00ab&nbsp;Probl\u00e8me personnel&nbsp;\u00bb<\/h2>\n\n\n\n<p>Contact\u00e9, Christophe Lutundula n\u2019a pas r\u00e9pondu \u00e0 nos sollicitations, mais une source \u00e0 la pr\u00e9sidence \u00e9voque \u00ab&nbsp;juste&nbsp;\u00bb un probl\u00e8me d\u2019agenda. Reste qu\u2019un autre proche collaborateur de F\u00e9lix Tshisekedi \u00e9voque l\u2019existence d\u2019un \u00ab&nbsp;probl\u00e8me personnel&nbsp;\u00bb entre le chef de l\u2019\u00c9tat et le ministre, pr\u00e9cisant que les deux hommes s\u2019\u00e9taient rencontr\u00e9s en d\u00e9cembre 2017, avant l\u2019\u00e9lection pr\u00e9sidentielle, lors d\u2019un rendez-vous qui ne s\u2019\u00e9tait pas bien pass\u00e9. \u00ab&nbsp;Ce n\u2019est pas la ligne officielle de la RDC ni celle du pr\u00e9sident de ne pas recevoir des envoy\u00e9s du Royaume-Uni&nbsp;\u00bb, ajoute cette m\u00eame source.\u00c0 LIRE<a href=\"https:\/\/www.jeuneafrique.com\/1403372\/politique\/dans-la-guerre-face-au-m23-la-rdc-peut-elle-esperer-un-tournant-diplomatique\/\">Dans la guerre face au M23, la RDC peut-elle esp\u00e9rer un tournant diplomatique&nbsp;?<\/a><\/p>\n\n\n\n<p>Dans sa r\u00e9cente interview au quotidien anglais&nbsp;<em>The Times,&nbsp;<\/em>F\u00e9lix Tshisekedi a en effet d\u00e9nonc\u00e9&nbsp;<a href=\"https:\/\/www.jeuneafrique.com\/1340034\/politique\/pour-les-demandeurs-dasile-au-royaume-uni-lescale-a-kigali\/\">l\u2019accord entre la Grande-Bretagne et le Rwanda en mati\u00e8re d\u2019immigration<\/a>, qui, selon lui, a \u00e9t\u00e9 conclu en \u00e9change du silence de Londres sur les exactions commises dans l\u2019est de la RDC et que Kinshasa attribue \u00e0 Kigali.<\/p>\n\n\n\n<p>Les Britanniques figurent parmi les rares partenaires occidentaux \u00e0 ne pas avoir explicitement&nbsp;<a href=\"https:\/\/www.jeuneafrique.com\/1390528\/politique\/m23-en-rdc-patrick-muyaya-le-comportement-du-rwanda-nest-en-rien-different-de-celui-de-la-russie\/\">condamn\u00e9 le pr\u00e9sum\u00e9 soutien du M23 au Rwanda,<\/a>&nbsp;m\u00eame apr\u00e8s la publication, en d\u00e9cembre 2022, du rapport du groupe d\u2019experts des Nations unies concluant \u00e0 l\u2019existence de \u00ab&nbsp;preuves substantielles&nbsp;\u00bb d\u2019une \u00ab&nbsp;intervention directe des forces de d\u00e9fense&nbsp;rwandaises&nbsp;sur le territoire de la RDC&nbsp;\u00bb (ce que Kigali d\u00e9ment). \u00ab&nbsp;Comment un pays aux grandes valeurs comme le Royaume-Uni peut-il faire des compromis avec de telles partenaires ?&nbsp;\u00bb, s\u2019est interrog\u00e9 F\u00e9lix Tshisekedi dans la m\u00eame interview, accusant Londres de \u00ab&nbsp;fermer les yeux&nbsp;\u00bb sur ce qu\u2019il consid\u00e8re comme les \u00ab&nbsp;abus&nbsp;\u00bb&nbsp;<a href=\"https:\/\/www.jeuneafrique.com\/1411424\/politique\/paul-kagame-je-naccepte-pas-que-le-rwanda-soit-le-bouc-emissaire-des-dirigeants-congolais\/\">du pr\u00e9sident rwandais&nbsp;<strong>Paul&nbsp;<\/strong><strong>Kagame<\/strong><\/a>.<\/p>\n\n\n\n<h2 class=\"wp-block-heading\">Campagne m\u00e9diatique<\/h2>\n\n\n\n<p>Le porte-parole du gouvernement,&nbsp;<strong>Patrick Muyaya&nbsp;<\/strong>\u2013 reconduit lors du dernier remaniement minist\u00e9riel \u2013, s\u2019est rendu \u00e0 Londres la semaine du 20 mars afin d\u2019y mener une campagne m\u00e9diatique pour que le Royaume-Uni infl\u00e9chisse sa position. \u00ab&nbsp;Le gouvernement britannique ne devrait pas rester \u00e0 c\u00f4t\u00e9 de l\u2019histoire, il devrait rejoindre les \u00c9tats-Unis, la France, la Belgique et les autres pour condamner le Rwanda&nbsp;\u00bb, a-t-il publiquement d\u00e9clar\u00e9.\u00c0 LIRE<a href=\"https:\/\/www.jeuneafrique.com\/1399413\/politique\/m23-en-rdc-comment-le-bras-de-fer-tshisekedi-kagame-sexporte-a-washington\/\">M23 en RDC : comment le bras de fer Tshisekedi-Kagame s\u2019exporte \u00e0 Washington<\/a><\/p>\n\n\n\n<p>Lors de son s\u00e9jour en RDC, Andrew Mitchell s\u2019est rendu \u00e0 Goma, o\u00f9 il a \u00e9chang\u00e9 avec le gouverneur militaire<strong>&nbsp;Constant Ndima Kongba<\/strong>&nbsp;et d\u2019autres acteurs locaux. Le ministre a en effet estim\u00e9&nbsp;qu\u2019il \u00e9tait important de recueillir sur place des propositions pour une sortie pacifique de la crise s\u00e9curitaire.&nbsp;<a href=\"https:\/\/www.jeuneafrique.com\/1406844\/politique\/felix-tshisekedi-est-il-toujours-roi-en-son-fief\/\">\u00c0 Tshikapa, chef-lieu de la province du Kasa\u00ef,<\/a>&nbsp;il a lanc\u00e9 \u00ab&nbsp;Acc\u00e8s et \u00e9galit\u00e9 pour l\u2019\u00e9ducation des filles&nbsp;\u00bb, un programme financ\u00e9 par le Royaume-Uni \u00e0 hauteur de 34 millions&nbsp;de&nbsp;dollars.<\/p>\n<div style=\"text-align:center\" class=\"wps-pgfw-pdf-generate-icon__wrapper-frontend\">\n\t\t<a href=\"https:\/\/congokin.blog?action=genpdf&amp;id=11750\" class=\"pgfw-single-pdf-download-button\" ><img src=\"https:\/\/congokin.blog\/wp-content\/plugins\/pdf-generator-for-wp\/admin\/src\/images\/PDF_Tray.svg\" title=\"G\u00e9n\u00e9rer un PDF\" style=\"width:auto; height:45px;\"><\/a>\n\t\t<\/div>","protected":false},"excerpt":{"rendered":"<p>POLITIQUE En RDC, F\u00e9lix Tshisekedi a-t-il snob\u00e9 le ministre britannique charg\u00e9 de l\u2019Afrique&nbsp;? \u00c0 Kinshasa, du 18 au 21 mars, Andrew Mitchell n\u2019a pas \u00e9t\u00e9 re\u00e7u par le chef de l\u2019\u00c9tat congolais. Pourtant, leur entretien figurait \u00e0 l\u2019agenda de ce dernier. Voici pourquoi. R\u00e9serv\u00e9 aux abonn\u00e9s 27 mars 2023 \u00e0 17:00 Par&nbsp;Jeune Afrique Mis \u00e0 [&hellip;]<\/p>\n","protected":false},"author":9,"featured_media":0,"comment_status":"open","ping_status":"closed","sticky":false,"template":"","format":"standard","meta":{"footnotes":""},"categories":[3,7,8],"tags":[],"class_list":["post-11750","post","type-post","status-publish","format-standard","hentry","category-diplomatie","category-politique","category-societe"],"_links":{"self":[{"href":"https:\/\/congokin.blog\/index.php?rest_route=\/wp\/v2\/posts\/11750","targetHints":{"allow":["GET"]}}],"collection":[{"href":"https:\/\/congokin.blog\/index.php?rest_route=\/wp\/v2\/posts"}],"about":[{"href":"https:\/\/congokin.blog\/index.php?rest_route=\/wp\/v2\/types\/post"}],"author":[{"embeddable":true,"href":"https:\/\/congokin.blog\/index.php?rest_route=\/wp\/v2\/users\/9"}],"replies":[{"embeddable":true,"href":"https:\/\/congokin.blog\/index.php?rest_route=%2Fwp%2Fv2%2Fcomments&post=11750"}],"version-history":[{"count":1,"href":"https:\/\/congokin.blog\/index.php?rest_route=\/wp\/v2\/posts\/11750\/revisions"}],"predecessor-version":[{"id":11751,"href":"https:\/\/congokin.blog\/index.php?rest_route=\/wp\/v2\/posts\/11750\/revisions\/11751"}],"wp:attachment":[{"href":"https:\/\/congokin.blog\/index.php?rest_route=%2Fwp%2Fv2%2Fmedia&parent=11750"}],"wp:term":[{"taxonomy":"category","embeddable":true,"href":"https:\/\/congokin.blog\/index.php?rest_route=%2Fwp%2Fv2%2Fcategories&post=11750"},{"taxonomy":"post_tag","embeddable":true,"href":"https:\/\/congokin.blog\/index.php?rest_route=%2Fwp%2Fv2%2Ftags&post=11750"}],"curies":[{"name":"wp","href":"https:\/\/api.w.org\/{rel}","templated":true}]}}