{"id":11752,"date":"2023-03-28T14:33:04","date_gmt":"2023-03-28T14:33:04","guid":{"rendered":"https:\/\/congokin.blog\/?p=11752"},"modified":"2023-03-28T14:33:04","modified_gmt":"2023-03-28T14:33:04","slug":"que-se-passerait-il-si-vladimir-poutine-venait-a-pretoria","status":"publish","type":"post","link":"https:\/\/congokin.blog\/?p=11752","title":{"rendered":"Que se passerait-il si Vladimir Poutine venait \u00e0 Pretoria\u00a0?"},"content":{"rendered":"\n<p>POLITIQUE<\/p>\n\n\n\n<h1 class=\"wp-block-heading\">Que se passerait-il si Vladimir Poutine venait \u00e0 Pretoria&nbsp;?<\/h1>\n\n\n\n<h2 class=\"wp-block-heading\">Vis\u00e9 par un mandat d\u2019arr\u00eat \u00e9mis par la Cour p\u00e9nale internationale, le pr\u00e9sident russe assistera-t-il au sommet des Brics fin ao\u00fbt&nbsp;? Et comment r\u00e9agira l\u2019Afrique du Sud qui, selon le statut de Rome, aurait pour obligation de l\u2019arr\u00eater&nbsp;?<\/h2>\n\n\n\n<p><\/p>\n\n\n\n<p>28 mars 2023 \u00e0 13:08<\/p>\n\n\n\n<p>Par&nbsp;<a href=\"https:\/\/www.jeuneafrique.com\/auteurs\/r.chanson\/\">Romain Chanson<\/a>&nbsp;&#8211; \u00e0 Johannesburg<\/p>\n\n\n\n<p>Mis \u00e0 jour le 28 mars 2023 \u00e0 13:08<\/p>\n\n\n\n<figure class=\"wp-block-image\"><img decoding=\"async\" src=\"https:\/\/prod.cdn-medias.jeuneafrique.com\/cdn-cgi\/image\/q=100,f=auto,metadata=none,width=1256,height=628\/https:\/\/prod.cdn-medias.jeuneafrique.com\/medias\/2023\/03\/28\/jad20230328-ass-afrique-du-sud-poutine-1256x628-1680000735.jpg\" alt=\"\"\/><figcaption class=\"wp-element-caption\">Le pr\u00e9sident russe, Vladimir Poutine, et son homologue sud-africain, Cyril Ramaphosa, \u00e0 Sotchi, en Russie, le 24 octobre 2019. \u00a9 SERGEI CHIRIKOV\/POOL\/AFP<\/figcaption><\/figure>\n\n\n\n<p>Et l\u2019invit\u00e9 devint le suspect de crimes de guerre et de d\u00e9portations\u2026 En \u00e9mettant un mandat d\u2019arr\u00eat&nbsp;<a href=\"https:\/\/www.jeuneafrique.com\/1356910\/politique\/poutine-anti-occidentaux-de-tous-les-pays-unissez-vous\/\">contre Vladimir Poutine,<\/a>&nbsp;la Cour p\u00e9nale internationale (CPI) a donn\u00e9 une tout autre dimension \u00e0 l\u2019\u00e9ventuelle venue du pr\u00e9sident russe \u00e0 Pretoria, \u00e0 l\u2019occasion&nbsp;<a href=\"https:\/\/www.jeuneafrique.com\/1368266\/economie\/lalgerie-peut-elle-devenir-membre-des-brics\/\">du sommet des Brics<\/a>&nbsp;(Br\u00e9sil, Russie, Inde, Chine et Afrique du Sud), du 22 au 24 ao\u00fbt. Signataire du statut de Rome depuis 1998, sous la pr\u00e9sidence&nbsp;<a href=\"https:\/\/www.jeuneafrique.com\/1266035\/politique\/bienvenue-dans-la-mandela-family\/\">de Nelson Mandela,<\/a>&nbsp;l\u2019Afrique du Sud a en effet l\u2019obligation de coop\u00e9rer avec la CPI et donc d\u2019arr\u00eater Vladimir Poutine s\u2019il venait \u00e0 se rendre dans le pays.<\/p>\n\n\n\n<blockquote class=\"wp-block-quote is-layout-flow wp-block-quote-is-layout-flow\">\n<p>L\u2019AFRIQUE DU SUD N\u2019A JAMAIS MONTR\u00c9 UN SOUTIEN IND\u00c9FECTIBLE \u00c0 LA CPI<\/p>\n<\/blockquote>\n\n\n\n<p>Depuis la r\u00e9v\u00e9lation du mandat d\u2019arr\u00eat, le 17 mars, le gouvernement sud-africain d\u00e9ploie des tr\u00e9sors d\u2019imagination pour donner l\u2019impression de respecter la CPI sans exclure d\u2019inviter Vladimir Poutine. \u00ab&nbsp;Nous sommes conscients de nos obligations&nbsp;\u00bb, a confirm\u00e9 Vincent Magwenya, le porte-parole de la pr\u00e9sidence, tout en refusant de \u00ab&nbsp;sp\u00e9culer&nbsp;\u00bb sur la venue ou non du pr\u00e9sident russe. \u00ab&nbsp;Nous attendons un avis juridique actualis\u00e9&nbsp;\u00bb, a temporis\u00e9 Naledi Pandor,&nbsp;la&nbsp;ministre des Relations internationales. Le sujet sera ensuite discut\u00e9 en conseil des ministres.\u00c0 LIRE<a href=\"https:\/\/www.jeuneafrique.com\/1325958\/politique\/russie-ideologues-marchands-darmes-riches-oligarques-qui-conseille-vladimir-poutine-sur-lafrique\/\">Vladimir Poutine et l\u2019Afrique&nbsp;: id\u00e9ologues, marchands d\u2019armes, riches oligarques\u2026 Qui conseille le pr\u00e9sident russe&nbsp;?<\/a><\/p>\n\n\n\n<p>Naledi Pandor se dit pr\u00e9occup\u00e9e par ce mandat d\u2019arr\u00eat et en profite pour \u00e9gratigner la CPI en l\u2019accusant de choisir ses cibles. \u00ab&nbsp;L\u2019Afrique du Sud n\u2019a jamais montr\u00e9 un soutien ind\u00e9fectible \u00e0 la CPI et je ne pense pas qu\u2019elle ab\u00eemerait une longue relation diplomatique avec un pays pour la satisfaire&nbsp;\u00bb, analyse le chercheur James Nyawo, sp\u00e9cialiste de la CPI et de ses relations avec l\u2019Afrique. En 2016,&nbsp;<a href=\"https:\/\/www.jeuneafrique.com\/1387701\/politique\/afrique-du-sud-jacob-zuma-se-dechaine\/\">Jacob Zuma, alors chef de l\u2019\u00c9tat,<\/a>&nbsp;avait d\u2019ailleurs entam\u00e9 un processus de sortie de la CPI avant que l\u2019actuel pr\u00e9sident,&nbsp;<a href=\"https:\/\/www.jeuneafrique.com\/1402390\/politique\/afrique-du-sud-reelu-a-la-tete-de-lanc-cyril-ramaphosa-plus-fort-que-jamais\/\">Cyril Ramaphosa,<\/a>&nbsp;ne fasse machine arri\u00e8re l\u2019ann\u00e9e suivante.<\/p>\n\n\n\n<h2 class=\"wp-block-heading\">Impunit\u00e9<\/h2>\n\n\n\n<p>Pretoria avait d\u00e9j\u00e0 go\u00fbt\u00e9 au courroux de la CPI lorsqu\u2019il avait accueilli l\u2019ancien dirigeant soudanais Omar el-B\u00e9chir en 2015. Ce dernier \u00e9tait venu assister \u00e0 un sommet de l\u2019Union africaine (UA). L\u2019Afrique du Sud avait soutenu qu\u2019El-B\u00e9chir b\u00e9n\u00e9ficiait de l\u2019immunit\u00e9 conf\u00e9r\u00e9e par un tel \u00e9v\u00e9nement et qu\u2019elle ne pouvait pas arr\u00eater le chef d\u2019un \u00c9tat non membre de la CPI, quand bien m\u00eame celle-ci&nbsp;<a href=\"https:\/\/www.jeuneafrique.com\/235937\/societe\/la-cpi-appelle-lafrique-du-sud-a-arreter-omar-el-bechir\/\">avait demand\u00e9 \u00e0 Pretoria \u00ab&nbsp;de ne m\u00e9nager aucun effort pour veiller \u00e0 l\u2019ex\u00e9cution des mandats d\u2019arr\u00eat&nbsp;\u00bb<\/a>. Sermonn\u00e9e et contredite lors d\u2019une audition sp\u00e9ciale devant la CPI en 2017,&nbsp;<a href=\"https:\/\/www.jeuneafrique.com\/427127\/societe\/cpi-narrive-t-a-arreter-omar-el-bechir\/\">l\u2019Afrique du Sud n\u2019avait toutefois pas eu \u00e0 en subir les cons\u00e9quences.<\/a><\/p>\n\n\n\n<p>La CPI se fera-t-elle plus s\u00e9v\u00e8re si la situation devait se reproduire ? \u00ab&nbsp;Si l\u2019Afrique du Sud ne respectait pas son obligation de coop\u00e9ration, la cour pourrait en informer l\u2019Assembl\u00e9e des \u00c9tats parties pour qu\u2019elle prenne la d\u00e9cision qu\u2019elle consid\u00e9rerait ad\u00e9quate&nbsp;\u00bb, fait savoir Fadi El Abdallah, le porte-parole de la CPI. En th\u00e9orie, l\u2019affaire pourrait remonter jusqu\u2019au Conseil de s\u00e9curit\u00e9 des Nations unies. Mais ce n\u2019est jamais all\u00e9 aussi loin, selon James Nyawo.<\/p>\n\n\n\n<blockquote class=\"wp-block-quote is-layout-flow wp-block-quote-is-layout-flow\">\n<p>LA CR\u00c9DIBILIT\u00c9 DE LA CPI EN SOUFFRIRAIT BEAUCOUP<\/p>\n<\/blockquote>\n\n\n\n<p>Si&nbsp;<a href=\"https:\/\/www.jeuneafrique.com\/mag\/848101\/politique\/sommet-russie-afrique-a-sotchi-vladimir-poutine-en-conquerant\/\">Vladimir Poutine<\/a>&nbsp;venait \u00e0 poser les pieds en Afrique du Sud, ce serait surtout \u00ab&nbsp;la cr\u00e9dibilit\u00e9 de la CPI qui en souffrirait beaucoup&nbsp;\u00bb, poursuit le chercheur. Selon lui, Pretoria subirait quelques pressions diplomatiques, mais c\u2019est d\u00e9j\u00e0 le cas depuis que l\u2019Afrique du Sud refuse de condamner l\u2019invasion russe de l\u2019Ukraine.&nbsp;\u00ab&nbsp;Pourtant,&nbsp;les relations avec l\u2019Union europ\u00e9enne [UE] se d\u00e9gradent, met en garde Peter Fabricius, journaliste sp\u00e9cialiste des relations internationales. Elles ne sont pas mauvaises mais l\u2019UE et les \u00c9tats-Unis sont de moins en moins tol\u00e9rants.&nbsp;\u00bb\u00c0 LIRE<a href=\"https:\/\/www.jeuneafrique.com\/1324987\/politique\/ukraine-russie-les-occidentaux-cherchent-le-soutien-de-lafrique-du-sud\/\">Ukraine-Russie&nbsp;: les Occidentaux cherchent le soutien de l\u2019Afrique du Sud<\/a><\/p>\n\n\n\n<p>Le gouvernement ne semble pas effray\u00e9 par le qu\u2019en-dira-t-on au sein des chancelleries. Mais peut-il risquer de se mettre \u00e0 dos l\u2019opinion publique ? L\u2019\u00e9pisode Omar el-B\u00e9chir \u00ab&nbsp;\u00e9tait tr\u00e8s embarrassant pour l\u2019ANC [Congr\u00e8s national africain, au pouvoir] parce que les tribunaux avaient conclu que l\u2019Afrique du Sud avait viol\u00e9 ses propres lois et les trait\u00e9s internationaux&nbsp;\u00bb, se souvient Peter Fabricius. Bis repetita ?<\/p>\n\n\n\n<h2 class=\"wp-block-heading\">Ind\u00e9sirable<\/h2>\n\n\n\n<p>Une partie de la presse redoute que l\u2019histoire se r\u00e9p\u00e8te et voit en Poutine un ind\u00e9sirable. \u00ab&nbsp;L\u2019invit\u00e9 des Brics dont on esp\u00e8re qu\u2019il transmettra ses excuses&nbsp;\u00bb, titre l\u2019hebdomadaire&nbsp;<em>Sunday Times.<\/em>&nbsp;\u00ab&nbsp;Si Poutine insiste pour venir, il y a toutes les chances pour que le sommet des Brics prenne les airs d\u2019un grand rassemblement anti-occidental&nbsp;\u00bb, s\u2019inqui\u00e8te l\u2019\u00e9ditorialiste. Quelques pages plus loin, le patron d\u2019une entreprise de conseil en commerce international redoute les prolongements de la diplomatie sud-africaine. \u00ab&nbsp;Si nous continuons \u00e0 renforcer notre relation avec la Russie, qui n\u2019est ni neutre, ni non-align\u00e9e, [\u2026] commercer avec ces pays [occidentaux] deviendra de plus en plus difficile&nbsp;\u00bb, alerte Donald MacKay, directeur de XA Global Trade Advisors.<\/p>\n\n\n\n<p>Comme depuis le d\u00e9but de la guerre en Ukraine, l\u2019Afrique du Sud avance sur le fil du rasoir\u2026 quitte \u00e0 se couper les pieds. Elle doit maintenant prendre ce qu\u2019elle juge \u00eatre la moins pire des d\u00e9cisions. \u00ab&nbsp;Ramaphosa a la lourde t\u00e2che d\u2019appeler Poutine et de lui dire de rester \u00e9loign\u00e9&nbsp;\u00bb, avance l\u2019\u00e9ditorialiste Sam Mkokeli dans le&nbsp;<em>Sunday Times.<\/em><\/p>\n\n\n\n<p>Ce ne serait pas la premi\u00e8re fois que Pretoria passe des coups de fil d\u00e9sagr\u00e9ables. \u00ab&nbsp;L\u2019Afrique du Sud avait essay\u00e9 \u00e0 plusieurs reprises de demander \u00e0 Omar el-B\u00e9chir de ne pas venir, pendant la Coupe du monde en 2010 ou pendant les obs\u00e8ques de Nelson Mandela&nbsp;\u00bb, se rappelle l\u2019universitaire James Nyawo. Peu voyageur depuis le d\u00e9but du conflit, Vladimir Poutine pourrait aussi participer au sommet en visioconf\u00e9rence. Le visage \u00e0 Pretoria, les pieds \u00e0 Moscou, et hors de port\u00e9e de&nbsp;la&nbsp;CPI.<\/p>\n<div style=\"text-align:center\" class=\"wps-pgfw-pdf-generate-icon__wrapper-frontend\">\n\t\t<a href=\"https:\/\/congokin.blog?action=genpdf&amp;id=11752\" class=\"pgfw-single-pdf-download-button\" ><img src=\"https:\/\/congokin.blog\/wp-content\/plugins\/pdf-generator-for-wp\/admin\/src\/images\/PDF_Tray.svg\" title=\"G\u00e9n\u00e9rer un PDF\" style=\"width:auto; height:45px;\"><\/a>\n\t\t<\/div>","protected":false},"excerpt":{"rendered":"<p>POLITIQUE Que se passerait-il si Vladimir Poutine venait \u00e0 Pretoria&nbsp;? Vis\u00e9 par un mandat d\u2019arr\u00eat \u00e9mis par la Cour p\u00e9nale internationale, le pr\u00e9sident russe assistera-t-il au sommet des Brics fin ao\u00fbt&nbsp;? Et comment r\u00e9agira l\u2019Afrique du Sud qui, selon le statut de Rome, aurait pour obligation de l\u2019arr\u00eater&nbsp;? 28 mars 2023 \u00e0 13:08 Par&nbsp;Romain Chanson&nbsp;&#8211; [&hellip;]<\/p>\n","protected":false},"author":9,"featured_media":0,"comment_status":"open","ping_status":"closed","sticky":false,"template":"","format":"standard","meta":{"footnotes":""},"categories":[3,7,8],"tags":[],"class_list":["post-11752","post","type-post","status-publish","format-standard","hentry","category-diplomatie","category-politique","category-societe"],"_links":{"self":[{"href":"https:\/\/congokin.blog\/index.php?rest_route=\/wp\/v2\/posts\/11752","targetHints":{"allow":["GET"]}}],"collection":[{"href":"https:\/\/congokin.blog\/index.php?rest_route=\/wp\/v2\/posts"}],"about":[{"href":"https:\/\/congokin.blog\/index.php?rest_route=\/wp\/v2\/types\/post"}],"author":[{"embeddable":true,"href":"https:\/\/congokin.blog\/index.php?rest_route=\/wp\/v2\/users\/9"}],"replies":[{"embeddable":true,"href":"https:\/\/congokin.blog\/index.php?rest_route=%2Fwp%2Fv2%2Fcomments&post=11752"}],"version-history":[{"count":1,"href":"https:\/\/congokin.blog\/index.php?rest_route=\/wp\/v2\/posts\/11752\/revisions"}],"predecessor-version":[{"id":11753,"href":"https:\/\/congokin.blog\/index.php?rest_route=\/wp\/v2\/posts\/11752\/revisions\/11753"}],"wp:attachment":[{"href":"https:\/\/congokin.blog\/index.php?rest_route=%2Fwp%2Fv2%2Fmedia&parent=11752"}],"wp:term":[{"taxonomy":"category","embeddable":true,"href":"https:\/\/congokin.blog\/index.php?rest_route=%2Fwp%2Fv2%2Fcategories&post=11752"},{"taxonomy":"post_tag","embeddable":true,"href":"https:\/\/congokin.blog\/index.php?rest_route=%2Fwp%2Fv2%2Ftags&post=11752"}],"curies":[{"name":"wp","href":"https:\/\/api.w.org\/{rel}","templated":true}]}}