{"id":11754,"date":"2023-03-28T14:42:02","date_gmt":"2023-03-28T14:42:02","guid":{"rendered":"https:\/\/congokin.blog\/?p=11754"},"modified":"2023-03-28T14:42:02","modified_gmt":"2023-03-28T14:42:02","slug":"lonu-salarme-dune-montee-abrupte-des-violences-dans-lest-de-la-rdc","status":"publish","type":"post","link":"https:\/\/congokin.blog\/?p=11754","title":{"rendered":"L\u2019ONU s\u2019alarme d\u2019une \u00ab\u00a0mont\u00e9e abrupte\u00a0\u00bb des violences dans l\u2019est de la RDC"},"content":{"rendered":"\n<h1 class=\"wp-block-heading\">L\u2019ONU s\u2019alarme d\u2019une \u00ab\u00a0mont\u00e9e abrupte\u00a0\u00bb des violences dans l\u2019est de la RDC<\/h1>\n\n\n\n<ul class=\"wp-block-list\">\n<li>Dans\u00a0R\u00e9publique d\u00e9mocratique du Congo<\/li>\n\n\n\n<li>28 mars 2023<\/li>\n\n\n\n<li>AFP<\/li>\n\n\n\n<li>198 Vues<\/li>\n<\/ul>\n\n\n\n<figure class=\"wp-block-image\"><a href=\"https:\/\/afrique.lalibre.be\/app\/uploads\/2023\/03\/resize-1-787x525-787x525.jpg\"><img decoding=\"async\" src=\"https:\/\/afrique.lalibre.be\/app\/uploads\/2023\/03\/resize-1-787x525-690x450.jpg\" alt=\"L\u2019ONU s\u2019alarme d\u2019une \u00ab\u00a0mont\u00e9e abrupte\u00a0\u00bb des violences dans l\u2019est de la RDC\" title=\"\"\/><\/a><\/figure>\n\n\n\n<h3 class=\"wp-block-heading\">L\u2019est de la R\u00e9publique d\u00e9mocratique du Congo a subi depuis d\u00e9cembre une \u00ab&nbsp;montr\u00e9e abrupte&nbsp;\u00bb de la violence, avec plus de 700 civils tu\u00e9s par des milices, s\u2019est alarm\u00e9 lundi le secr\u00e9taire g\u00e9n\u00e9ral de l\u2019ONU. \u00ab&nbsp;L\u2019\u00e9tat de la s\u00e9curit\u00e9 s\u2019est d\u00e9grad\u00e9 encore dans les trois provinces orientales de la R\u00e9publique d\u00e9mocratique du Congo (Ituri, Nord-Kivu et Sud-Kivu, ndlr) avec une mont\u00e9e abrupte de la violence perp\u00e9tr\u00e9e principalement par les Forces d\u00e9mocratiques alli\u00e9es (ADF), la Coop\u00e9rative pour le d\u00e9veloppement du Congo (Codeco) et le M23&nbsp;\u00bb, a d\u00e9crit Antonio Guterres dans son rapport trimestriel sur le pays.<\/h3>\n\n\n\n<p>L\u2019Ituri enregistre le bilan le plus lourd en raison d&rsquo;&nbsp;\u00bbune augmentation des tueries commises principalement par les ADF, le groupe Za\u00efre et la Codeco&nbsp;\u00bb. R\u00e9sultat, entre le 1er d\u00e9cembre et le 14 mars: 485 civils tu\u00e9s, dont au moins 82 femmes et 51 enfants, contre 114 civils tu\u00e9s lors des trois mois pr\u00e9c\u00e9dents.<\/p>\n\n\n\n<p>Dans les diff\u00e9rentes r\u00e9gions du Nord-Kivu, les attaques perp\u00e9tr\u00e9es principalement par les ADF, les groupes Ma\u00ef-Ma\u00ef et le M23 ont fait plus de 200 morts.<\/p>\n\n\n\n<p>Dans le Grand Nord de cette province en particulier, les ADF sont accus\u00e9es d\u2019avoir fait 187 morts civils, dont 69 femmes et 20 enfants, lors d\u2019attaques entre le 1er d\u00e9cembre et le 15 mars.<\/p>\n\n\n\n<p>Dans le Petit Nord, les combats ont continu\u00e9 entre l\u2019arm\u00e9e congolaise et le M23 qui a \u00ab&nbsp;\u00e9tendu ses zones de contr\u00f4le et d\u2019occupation&nbsp;\u00bb et fait 43 morts parmi les civils.<\/p>\n\n\n\n<p>Dans la province du Sud-Kivu, \u00ab&nbsp;des groupes arm\u00e9s \u00e9trangers et locaux ont continu\u00e9 \u00e0 commettre des violences contre des civils&nbsp;\u00bb, faisant 26 morts du 1er d\u00e9cembre au 31 janvier.<\/p>\n\n\n\n<p>Le secr\u00e9taire g\u00e9n\u00e9ral s\u2019inqui\u00e8te \u00e9galement des violations des droits humains dans le pays, principalement par les groupes arm\u00e9s. Ainsi, \u00ab&nbsp;au moins&nbsp;\u00bb 628 personnes ont fait l\u2019objet d\u2019ex\u00e9cutions extrajudiciaires ou sommaires (465 hommes, 111 femmes et 52 enfants), une \u00ab&nbsp;hausse importante&nbsp;\u00bb principalement li\u00e9e \u00e0 la multiplication des attaques meurtri\u00e8res de la Codeco, des ADF et du M23 au Nord-Kivu et en Ituri.<\/p>\n\n\n\n<p>Antonio Guterres s\u2019inqui\u00e8te \u00e9galement de l\u2019augmentation des \u00ab&nbsp;discours de haine&nbsp;\u00bb exacerb\u00e9s notamment par les violences du M23 et les tensions entre Kinshasa et Kigali.<\/p>\n\n\n\n<p>\u00ab&nbsp;Je suis \u00e9galement alarm\u00e9 par la mont\u00e9e des tensions entre la R\u00e9publique d\u00e9mocratique du Congo et le Rwanda&nbsp;\u00bb, a-t-il d\u00e9clar\u00e9, appelant les deux parties \u00e0 \u00ab&nbsp;r\u00e9gler leurs diff\u00e9rends par le dialogue&nbsp;\u00bb.<\/p>\n\n\n\n<p>D\u2019autre part, le porte-parole du secr\u00e9taire g\u00e9n\u00e9ral, St\u00e9phane Dujarric, a \u00e9voqu\u00e9 lundi devant la presse une \u00e9pid\u00e9mie de chol\u00e9ra au Nord-Kivu, avec 1.800 cas suspects ou confirm\u00e9s entre le 13 et le 19 mars, contre 1.000 la semaine pr\u00e9c\u00e9dente, et 6.200 depuis le d\u00e9but de l\u2019ann\u00e9e.<\/p>\n<div style=\"text-align:center\" class=\"wps-pgfw-pdf-generate-icon__wrapper-frontend\">\n\t\t<a href=\"https:\/\/congokin.blog?action=genpdf&amp;id=11754\" class=\"pgfw-single-pdf-download-button\" ><img src=\"https:\/\/congokin.blog\/wp-content\/plugins\/pdf-generator-for-wp\/admin\/src\/images\/PDF_Tray.svg\" title=\"G\u00e9n\u00e9rer un PDF\" style=\"width:auto; height:45px;\"><\/a>\n\t\t<\/div>","protected":false},"excerpt":{"rendered":"<p>L\u2019ONU s\u2019alarme d\u2019une \u00ab\u00a0mont\u00e9e abrupte\u00a0\u00bb des violences dans l\u2019est de la RDC L\u2019est de la R\u00e9publique d\u00e9mocratique du Congo a subi depuis d\u00e9cembre une \u00ab&nbsp;montr\u00e9e abrupte&nbsp;\u00bb de la violence, avec plus de 700 civils tu\u00e9s par des milices, s\u2019est alarm\u00e9 lundi le secr\u00e9taire g\u00e9n\u00e9ral de l\u2019ONU. \u00ab&nbsp;L\u2019\u00e9tat de la s\u00e9curit\u00e9 s\u2019est d\u00e9grad\u00e9 encore dans les [&hellip;]<\/p>\n","protected":false},"author":9,"featured_media":0,"comment_status":"open","ping_status":"closed","sticky":false,"template":"","format":"standard","meta":{"footnotes":""},"categories":[3,6,8],"tags":[],"class_list":["post-11754","post","type-post","status-publish","format-standard","hentry","category-diplomatie","category-justice","category-societe"],"_links":{"self":[{"href":"https:\/\/congokin.blog\/index.php?rest_route=\/wp\/v2\/posts\/11754","targetHints":{"allow":["GET"]}}],"collection":[{"href":"https:\/\/congokin.blog\/index.php?rest_route=\/wp\/v2\/posts"}],"about":[{"href":"https:\/\/congokin.blog\/index.php?rest_route=\/wp\/v2\/types\/post"}],"author":[{"embeddable":true,"href":"https:\/\/congokin.blog\/index.php?rest_route=\/wp\/v2\/users\/9"}],"replies":[{"embeddable":true,"href":"https:\/\/congokin.blog\/index.php?rest_route=%2Fwp%2Fv2%2Fcomments&post=11754"}],"version-history":[{"count":1,"href":"https:\/\/congokin.blog\/index.php?rest_route=\/wp\/v2\/posts\/11754\/revisions"}],"predecessor-version":[{"id":11755,"href":"https:\/\/congokin.blog\/index.php?rest_route=\/wp\/v2\/posts\/11754\/revisions\/11755"}],"wp:attachment":[{"href":"https:\/\/congokin.blog\/index.php?rest_route=%2Fwp%2Fv2%2Fmedia&parent=11754"}],"wp:term":[{"taxonomy":"category","embeddable":true,"href":"https:\/\/congokin.blog\/index.php?rest_route=%2Fwp%2Fv2%2Fcategories&post=11754"},{"taxonomy":"post_tag","embeddable":true,"href":"https:\/\/congokin.blog\/index.php?rest_route=%2Fwp%2Fv2%2Ftags&post=11754"}],"curies":[{"name":"wp","href":"https:\/\/api.w.org\/{rel}","templated":true}]}}