{"id":11756,"date":"2023-03-28T14:46:44","date_gmt":"2023-03-28T14:46:44","guid":{"rendered":"https:\/\/congokin.blog\/?p=11756"},"modified":"2023-03-28T14:46:44","modified_gmt":"2023-03-28T14:46:44","slug":"rdc-17-otages-executes-par-une-milice-communautaire-dans-le-nord-est","status":"publish","type":"post","link":"https:\/\/congokin.blog\/?p=11756","title":{"rendered":"RDC: 17 otages ex\u00e9cut\u00e9s par une milice communautaire dans le nord-est"},"content":{"rendered":"\n<h1 class=\"wp-block-heading\">RDC: 17 otages ex\u00e9cut\u00e9s par une milice communautaire dans le nord-est<\/h1>\n\n\n\n<ul class=\"wp-block-list\">\n<li>Dans\u00a0Soci\u00e9t\u00e9<\/li>\n\n\n\n<li>27 mars 2023<\/li>\n\n\n\n<li>AFP<\/li>\n\n\n\n<li>361 Vues<\/li>\n<\/ul>\n\n\n\n<figure class=\"wp-block-image\"><a href=\"https:\/\/afrique.lalibre.be\/app\/uploads\/2023\/03\/vis_0326202323500946-787x410.jpg\"><img decoding=\"async\" src=\"https:\/\/afrique.lalibre.be\/app\/uploads\/2023\/03\/vis_0326202323500946-690x450.jpg\" alt=\"RDC: 17 otages ex\u00e9cut\u00e9s par une milice communautaire dans le nord-est\" title=\"\"\/><\/a><\/figure>\n\n\n\n<h3 class=\"wp-block-heading\">Dix-sept personnes prises en otage la veille dans le nord-est de la R\u00e9publique d\u00e9mocratique du Congo ont \u00e9t\u00e9 ex\u00e9cut\u00e9es dimanche par la milice communautaire Codeco (Coop\u00e9rative pour le d\u00e9veloppement du Congo), a-t-on appris de sources locales. Samedi, au moins \u00ab&nbsp;dix-sept personnes avaient \u00e9t\u00e9 prises en otage par les miliciens de Codeco entre les villages Bambu et Kobu&nbsp;\u00bb, dans le territoire de Djugu, \u00e0 environ 45 km au nord de Bunia (province de l\u2019Ituri), a d\u00e9clar\u00e9 \u00e0 l\u2019AFP Banguneni Gbalande, chef de la communaut\u00e9 Akongo-Nyali o\u00f9 les faits se sont d\u00e9roul\u00e9s.&nbsp;<\/h3>\n\n\n\n<p>Ces personnes se trouvaient dans deux v\u00e9hicules allant de Bunia, capitale provinciale, vers la cit\u00e9 mini\u00e8re de Mongbwalu lorsque leur convoi est tomb\u00e9 dans une embuscade, a-t-il expliqu\u00e9.<\/p>\n\n\n\n<p>Dimanche, ces otages ont \u00e9t\u00e9 \u00ab&nbsp;ex\u00e9cut\u00e9s au village Pechi, bastion de Codeco&nbsp;\u00bb, a-t-il affirm\u00e9, indiquant avoir \u00e9t\u00e9 \u00ab&nbsp;alert\u00e9 par les familles de quelques victimes de Mongbwalu&nbsp;\u00bb.<\/p>\n\n\n\n<p>Les \u00ab&nbsp;otages sont morts, ils ont \u00e9t\u00e9 ex\u00e9cut\u00e9s par des miliciens Codeco&nbsp;\u00bb, a confirm\u00e9 \u00e0 l\u2019AFP Toko Kagbanese, un autre chef traditionnel local.<\/p>\n\n\n\n<p>Un habitant de Bambu a racont\u00e9 \u00e0 l\u2019AFP que la prise d\u2019otage avait eu lieu apr\u00e8s la mort de trois miliciens Codeco tomb\u00e9s dans une embuscade d\u2019une milice rivale dans cette localit\u00e9. Une femme enceinte se trouvait parmi les otages, a indiqu\u00e9 cette source qui n\u2019a pas souhait\u00e9 \u00eatre identifi\u00e9e pour des raisons de s\u00e9curit\u00e9.<\/p>\n\n\n\n<p>Depuis fin 2022, les morts se comptent par dizaines presque chaque semaine en Ituri, une province riche en or.<\/p>\n\n\n\n<p>Plus d\u2019une trentaine de personnes, dont de nombreuses femmes et des enfants, ont \u00e9t\u00e9 massacr\u00e9es le 18 mars dans plusieurs villages. Les miliciens Codeco ont \u00e9t\u00e9 accus\u00e9s de cette tuerie.<\/p>\n\n\n\n<p>La Codeco est une milice de plusieurs milliers d\u2019hommes qui affirme prot\u00e9ger la tribu Lendu face \u00e0 une tribu rivale, les Hema, d\u00e9fendus par une autre milice, les \u00ab&nbsp;Za\u00efre&nbsp;\u00bb.<\/p>\n\n\n\n<p>Apr\u00e8s une d\u00e9cennie d\u2019accalmie, le conflit meurtrier en Ituri entre Hema et Lendu a repris fin 2017, provoquant la fuite de plus d\u2019un million et demi de personnes et la mort de milliers de civils. Le pr\u00e9c\u00e9dent conflit entre milices communautaires avait fait des milliers de morts entre 1999 et 2003, jusqu\u2019\u00e0 l\u2019intervention d\u2019une force europ\u00e9enne, l\u2019op\u00e9ration Art\u00e9mis, sous commandement fran\u00e7ais.<\/p>\n<div style=\"text-align:center\" class=\"wps-pgfw-pdf-generate-icon__wrapper-frontend\">\n\t\t<a href=\"https:\/\/congokin.blog?action=genpdf&amp;id=11756\" class=\"pgfw-single-pdf-download-button\" ><img src=\"https:\/\/congokin.blog\/wp-content\/plugins\/pdf-generator-for-wp\/admin\/src\/images\/PDF_Tray.svg\" title=\"G\u00e9n\u00e9rer un PDF\" style=\"width:auto; height:45px;\"><\/a>\n\t\t<\/div>","protected":false},"excerpt":{"rendered":"<p>RDC: 17 otages ex\u00e9cut\u00e9s par une milice communautaire dans le nord-est Dix-sept personnes prises en otage la veille dans le nord-est de la R\u00e9publique d\u00e9mocratique du Congo ont \u00e9t\u00e9 ex\u00e9cut\u00e9es dimanche par la milice communautaire Codeco (Coop\u00e9rative pour le d\u00e9veloppement du Congo), a-t-on appris de sources locales. Samedi, au moins \u00ab&nbsp;dix-sept personnes avaient \u00e9t\u00e9 prises [&hellip;]<\/p>\n","protected":false},"author":9,"featured_media":0,"comment_status":"open","ping_status":"closed","sticky":false,"template":"","format":"standard","meta":{"footnotes":""},"categories":[6,8],"tags":[],"class_list":["post-11756","post","type-post","status-publish","format-standard","hentry","category-justice","category-societe"],"_links":{"self":[{"href":"https:\/\/congokin.blog\/index.php?rest_route=\/wp\/v2\/posts\/11756","targetHints":{"allow":["GET"]}}],"collection":[{"href":"https:\/\/congokin.blog\/index.php?rest_route=\/wp\/v2\/posts"}],"about":[{"href":"https:\/\/congokin.blog\/index.php?rest_route=\/wp\/v2\/types\/post"}],"author":[{"embeddable":true,"href":"https:\/\/congokin.blog\/index.php?rest_route=\/wp\/v2\/users\/9"}],"replies":[{"embeddable":true,"href":"https:\/\/congokin.blog\/index.php?rest_route=%2Fwp%2Fv2%2Fcomments&post=11756"}],"version-history":[{"count":1,"href":"https:\/\/congokin.blog\/index.php?rest_route=\/wp\/v2\/posts\/11756\/revisions"}],"predecessor-version":[{"id":11757,"href":"https:\/\/congokin.blog\/index.php?rest_route=\/wp\/v2\/posts\/11756\/revisions\/11757"}],"wp:attachment":[{"href":"https:\/\/congokin.blog\/index.php?rest_route=%2Fwp%2Fv2%2Fmedia&parent=11756"}],"wp:term":[{"taxonomy":"category","embeddable":true,"href":"https:\/\/congokin.blog\/index.php?rest_route=%2Fwp%2Fv2%2Fcategories&post=11756"},{"taxonomy":"post_tag","embeddable":true,"href":"https:\/\/congokin.blog\/index.php?rest_route=%2Fwp%2Fv2%2Ftags&post=11756"}],"curies":[{"name":"wp","href":"https:\/\/api.w.org\/{rel}","templated":true}]}}