{"id":11758,"date":"2023-03-28T14:51:09","date_gmt":"2023-03-28T14:51:09","guid":{"rendered":"https:\/\/congokin.blog\/?p=11758"},"modified":"2023-03-28T14:51:09","modified_gmt":"2023-03-28T14:51:09","slug":"le-rwanda-designe-un-nouvel-ambassadeur-en-belgique-vincent-karega","status":"publish","type":"post","link":"https:\/\/congokin.blog\/?p=11758","title":{"rendered":"Le Rwanda d\u00e9signe un nouvel ambassadeur en Belgique, Vincent Karega"},"content":{"rendered":"\n<h1 class=\"wp-block-heading\">Le Rwanda d\u00e9signe un nouvel ambassadeur en Belgique, Vincent Karega<\/h1>\n\n\n\n<ul class=\"wp-block-list\">\n<li>Dans\u00a0R\u00e9publique d\u00e9mocratique du Congo<\/li>\n\n\n\n<li>27 mars 2023<\/li>\n\n\n\n<li>Belga<\/li>\n\n\n\n<li>543 Vues<\/li>\n<\/ul>\n\n\n\n<figure class=\"wp-block-image\"><a href=\"https:\/\/afrique.lalibre.be\/app\/uploads\/2023\/03\/karega-787x525.jpg\"><img decoding=\"async\" src=\"https:\/\/afrique.lalibre.be\/app\/uploads\/2023\/03\/karega-690x450.jpg\" alt=\"Le Rwanda d\u00e9signe un nouvel ambassadeur en Belgique, Vincent Karega\" title=\"\"\/><\/a><\/figure>\n\n\n\n<h3 class=\"wp-block-heading\">Le pr\u00e9sident rwandais Paul Kagame a d\u00e9sign\u00e9 un nouvel ambassadeur en Belgique en la personne de Vincent Karega, qui avait occup\u00e9 la m\u00eame fonction en R\u00e9publique d\u00e9mocratique du Congo (RDC) avant d\u2019en \u00eatre expuls\u00e9 en octobre dernier, a-t-on appris dimanche de source officielle. M. Karega succ\u00e8dera \u00e0 Dieudonn\u00e9 Sebashongore \u2013 un docteur en chimie organique de l\u2019Universit\u00e9 catholique de Louvain (UCL) -, en poste depuis 2020 et \u00e9galement accr\u00e9dit\u00e9 au Luxembourg.<\/h3>\n\n\n\n<p>Sa nomination a \u00e9t\u00e9 annonc\u00e9e par un communiqu\u00e9 du Premier ministre rwandais Edouard Ngirente dat\u00e9 du 24 mars et dont l\u2019agence Belga a obtenu une copie. M. Karega fait partie d\u2019une cohorte de onze ambassadeurs et hauts commissaires d\u00e9sign\u00e9s par M. Kagame, tout comme un nouveau ministre de la Jeunesse, le Dr. Abdallah Utumatwishima, qui remplace &nbsp;Rosemary Mbabazi, et plusieurs hauts fonctionnaires.<\/p>\n\n\n\n<p>Karega est un ancien ambassadeur du Rwanda en Afrique du Sud o\u00f9 il avait d\u00fb faire face en 2014 aux accusations r\u00e9p\u00e9t\u00e9es de Pretoria, qui affirmait que des diplomates rwandais \u00e9taient impliqu\u00e9s dans des attaques contre des opposants rwandais r\u00e9fugi\u00e9s dans le pays. Il avait pr\u00e9c\u00e9demment \u00e9t\u00e9 ministre d\u2019\u00c9tat, ministre de l\u2019Investissement et de l\u2019Industrie au sein du gouvernement de Kigali, avant d\u2019h\u00e9riter en 2008 du d\u00e9partement de l\u2019environnement et de l\u2019exploitation mini\u00e8re aupr\u00e8s du ministre des Ressources naturelles.<\/p>\n\n\n\n<p>Il \u00e9tait ensuite devenu ambassadeur du Rwanda \u00e0 Kinshasa en juillet 2020, s\u2019attirant rapidement les foudres des organisations citoyennes congolaise Lucha (Lutte pour le changement) et Filimbi &nbsp;(\u00ab&nbsp;coup de sifflet&nbsp;\u00bb en swahili) &nbsp;ainsi que d\u2019une partie de la classe politique qui accusaient le diplomate rwandais de \u00ab&nbsp;r\u00e9visionnisme&nbsp;\u00bb apr\u00e8s un tweet controvers\u00e9 sur l\u2019histoire douloureuse des relations entre les deux pays.<\/p>\n\n\n\n<p>Apr\u00e8s des mois de tension et d\u2019accusations d&rsquo;&nbsp;\u00bbagression&nbsp;\u00bb, le gouvernement congolais avait d\u00e9cid\u00e9 le 30 octobre d\u2019expulser M. Karega, sur fond d\u2019accusations de soutien rwandais \u00e0 la r\u00e9bellion du M23 (Mouvement du 23 Mars), une ancienne r\u00e9bellion tutsi qui a repris les armes fin 2021 et qui occupe des pans entiers de la province du Nord-Kivu (est), voisine du Rwanda.<\/p>\n\n\n\n<p>Il est d\u00e9sormais \u00ab&nbsp;ambassadeur d\u00e9sign\u00e9&nbsp;\u00bb en Belgique, une fonction qu\u2019il prendra apr\u00e8s avoir pr\u00e9sent\u00e9 \u2013 \u00e0 une date qui reste \u00e0 pr\u00e9ciser \u2013 ses lettres de cr\u00e9ances au roi Philippe. A Bruxelles, il sera \u00e0 la t\u00eate de la plus grande \u00e9quipe diplomatique rwandaise en Europe.<\/p>\n<div style=\"text-align:center\" class=\"wps-pgfw-pdf-generate-icon__wrapper-frontend\">\n\t\t<a href=\"https:\/\/congokin.blog?action=genpdf&amp;id=11758\" class=\"pgfw-single-pdf-download-button\" ><img src=\"https:\/\/congokin.blog\/wp-content\/plugins\/pdf-generator-for-wp\/admin\/src\/images\/PDF_Tray.svg\" title=\"G\u00e9n\u00e9rer un PDF\" style=\"width:auto; height:45px;\"><\/a>\n\t\t<\/div>","protected":false},"excerpt":{"rendered":"<p>Le Rwanda d\u00e9signe un nouvel ambassadeur en Belgique, Vincent Karega Le pr\u00e9sident rwandais Paul Kagame a d\u00e9sign\u00e9 un nouvel ambassadeur en Belgique en la personne de Vincent Karega, qui avait occup\u00e9 la m\u00eame fonction en R\u00e9publique d\u00e9mocratique du Congo (RDC) avant d\u2019en \u00eatre expuls\u00e9 en octobre dernier, a-t-on appris dimanche de source officielle. M. Karega [&hellip;]<\/p>\n","protected":false},"author":9,"featured_media":0,"comment_status":"open","ping_status":"closed","sticky":false,"template":"","format":"standard","meta":{"footnotes":""},"categories":[3,8],"tags":[],"class_list":["post-11758","post","type-post","status-publish","format-standard","hentry","category-diplomatie","category-societe"],"_links":{"self":[{"href":"https:\/\/congokin.blog\/index.php?rest_route=\/wp\/v2\/posts\/11758","targetHints":{"allow":["GET"]}}],"collection":[{"href":"https:\/\/congokin.blog\/index.php?rest_route=\/wp\/v2\/posts"}],"about":[{"href":"https:\/\/congokin.blog\/index.php?rest_route=\/wp\/v2\/types\/post"}],"author":[{"embeddable":true,"href":"https:\/\/congokin.blog\/index.php?rest_route=\/wp\/v2\/users\/9"}],"replies":[{"embeddable":true,"href":"https:\/\/congokin.blog\/index.php?rest_route=%2Fwp%2Fv2%2Fcomments&post=11758"}],"version-history":[{"count":1,"href":"https:\/\/congokin.blog\/index.php?rest_route=\/wp\/v2\/posts\/11758\/revisions"}],"predecessor-version":[{"id":11759,"href":"https:\/\/congokin.blog\/index.php?rest_route=\/wp\/v2\/posts\/11758\/revisions\/11759"}],"wp:attachment":[{"href":"https:\/\/congokin.blog\/index.php?rest_route=%2Fwp%2Fv2%2Fmedia&parent=11758"}],"wp:term":[{"taxonomy":"category","embeddable":true,"href":"https:\/\/congokin.blog\/index.php?rest_route=%2Fwp%2Fv2%2Fcategories&post=11758"},{"taxonomy":"post_tag","embeddable":true,"href":"https:\/\/congokin.blog\/index.php?rest_route=%2Fwp%2Fv2%2Ftags&post=11758"}],"curies":[{"name":"wp","href":"https:\/\/api.w.org\/{rel}","templated":true}]}}