{"id":11764,"date":"2023-03-30T13:12:45","date_gmt":"2023-03-30T13:12:45","guid":{"rendered":"https:\/\/congokin.blog\/?p=11764"},"modified":"2023-03-30T13:12:45","modified_gmt":"2023-03-30T13:12:45","slug":"le-conseil-de-securite-de-lonu-reclame-le-demantelement-des-milices-en-rdc","status":"publish","type":"post","link":"https:\/\/congokin.blog\/?p=11764","title":{"rendered":"Le Conseil de s\u00e9curit\u00e9 de l\u2019ONU r\u00e9clame le d\u00e9mant\u00e8lement des milices en\u00a0RDC"},"content":{"rendered":"\n<h1 class=\"wp-block-heading\">Le Conseil de s\u00e9curit\u00e9 de l\u2019ONU r\u00e9clame le d\u00e9mant\u00e8lement des milices en\u00a0RDC<\/h1>\n\n\n\n<ul class=\"wp-block-list\">\n<li>Dans\u00a0R\u00e9publique d\u00e9mocratique du Congo<\/li>\n\n\n\n<li>30 mars 2023<\/li>\n\n\n\n<li>Constance Fr\u00e8re<\/li>\n\n\n\n<li>211 Vues<\/li>\n<\/ul>\n\n\n\n<figure class=\"wp-block-image is-style-zoooom\"><a href=\"https:\/\/afrique.lalibre.be\/app\/uploads\/2023\/03\/727731_0-787x456.jpg\"><img decoding=\"async\" src=\"https:\/\/afrique.lalibre.be\/app\/uploads\/2023\/03\/727731_0-690x450.jpg\" alt=\"Le Conseil de s\u00e9curit\u00e9 de l\u2019ONU r\u00e9clame le d\u00e9mant\u00e8lement des milices en\u00a0RDC\" title=\"\"\/><\/a><\/figure>\n\n\n\n<h3 class=\"wp-block-heading\">Le Conseil de s\u00e9curit\u00e9 de l\u2019ONU a \u00ab&nbsp;fermement&nbsp;\u00bb condamn\u00e9 mercredi les violences des groupes arm\u00e9s en R\u00e9publique d\u00e9mocratique du Congo, exigeant qu\u2019ils soient \u00ab&nbsp;imm\u00e9diatement dissous&nbsp;\u00bb et qu\u2019ils d\u00e9posent les armes. \u00ab&nbsp;Le Conseil de s\u00e9curit\u00e9 condamne fermement la poursuite des violences et des violations des droits humains par tous les groupes arm\u00e9s, y compris les ex\u00e9cutions sommaires, la violence sexuelle et bas\u00e9e sur le genre, et le recrutement et l\u2019utilisation \u00e0 grande \u00e9chelle des enfants&nbsp;\u00bb, selon une d\u00e9claration de la pr\u00e9sidence adopt\u00e9e apr\u00e8s une visite d\u2019une d\u00e9l\u00e9gation du Conseil dans le pays mi-mars.<\/h3>\n\n\n\n<p>Il \u00ab&nbsp;exige que tous les membres des groupes arm\u00e9s soient imm\u00e9diatement et d\u00e9finitivement dissous, d\u00e9posent leurs armes&nbsp;\u00bb et \u00ab&nbsp;lib\u00e8rent les enfants&nbsp;\u00bb enr\u00f4l\u00e9s.<\/p>\n\n\n\n<p>Le Conseil s\u2019en prend notamment aux rebelles du M23 (Mouvement du 23 mars) dont les attaques ont augment\u00e9 ces derniers mois dans la province du Nord-Kivu.<\/p>\n\n\n\n<p>Il \u00ab&nbsp;exige&nbsp;\u00bb ainsi \u00ab&nbsp;le retrait imm\u00e9diat de tous les territoires&nbsp;\u00bb qu\u2019il occupe et r\u00e9clame \u00ab&nbsp;que toutes les parties ext\u00e9rieures cessent imm\u00e9diatement leur soutien au M23 sanctionn\u00e9 par le Conseil de s\u00e9curit\u00e9 et se retirent de&nbsp;RDC&nbsp;\u00bb.<\/p>\n\n\n\n<p>Le M23 est une ancienne r\u00e9bellion majoritairement tutsi, qui a repris les armes fin 2021 et, selon des experts de l\u2019ONU, est soutenue par le Rwanda. Plusieurs initiatives diplomatiques ne sont pas parvenues jusqu\u2019\u00e0 pr\u00e9sent \u00e0 d\u00e9samorcer le conflit.<\/p>\n\n\n\n<p>Le Conseil de s\u00e9curit\u00e9 souligne d\u2019autre part son \u00ab&nbsp;inqui\u00e9tude quant aux tensions entre la&nbsp;RDC&nbsp;et le Rwanda et \u00e0 cet \u00e9gard, appelle au calme et au dialogue entre les deux pays pour promouvoir la paix dans la r\u00e9gion&nbsp;\u00bb.<\/p>\n\n\n\n<p>De mani\u00e8re g\u00e9n\u00e9rale, il s\u2019alarme de la \u00ab&nbsp;crise humanitaire&nbsp;\u00bb dans le pays.<\/p>\n\n\n\n<p>La cheffe de la mission de l\u2019ONU en&nbsp;RDC&nbsp;(Monusco) Bintou Keita a elle aussi soulign\u00e9 mercredi lors de la r\u00e9union du Conseil que \u00ab&nbsp;les besoins humanitaires, d\u00e9j\u00e0 immenses en&nbsp;RDC, continuent d\u2019augmenter&nbsp;\u00bb.<\/p>\n\n\n\n<p>\u00ab&nbsp;Cette crise humanitaire reste l\u2019une des plus n\u00e9glig\u00e9es au monde&nbsp;\u00bb, a-t-elle d\u00e9plor\u00e9, appelant \u00e0 financer le plan humanitaire 2023 pour la&nbsp;RDC&nbsp;de 2,25 milliards de dollars.<\/p>\n<div style=\"text-align:center\" class=\"wps-pgfw-pdf-generate-icon__wrapper-frontend\">\n\t\t<a href=\"https:\/\/congokin.blog?action=genpdf&amp;id=11764\" class=\"pgfw-single-pdf-download-button\" ><img src=\"https:\/\/congokin.blog\/wp-content\/plugins\/pdf-generator-for-wp\/admin\/src\/images\/PDF_Tray.svg\" title=\"G\u00e9n\u00e9rer un PDF\" style=\"width:auto; height:45px;\"><\/a>\n\t\t<\/div>","protected":false},"excerpt":{"rendered":"<p>Le Conseil de s\u00e9curit\u00e9 de l\u2019ONU r\u00e9clame le d\u00e9mant\u00e8lement des milices en\u00a0RDC Le Conseil de s\u00e9curit\u00e9 de l\u2019ONU a \u00ab&nbsp;fermement&nbsp;\u00bb condamn\u00e9 mercredi les violences des groupes arm\u00e9s en R\u00e9publique d\u00e9mocratique du Congo, exigeant qu\u2019ils soient \u00ab&nbsp;imm\u00e9diatement dissous&nbsp;\u00bb et qu\u2019ils d\u00e9posent les armes. \u00ab&nbsp;Le Conseil de s\u00e9curit\u00e9 condamne fermement la poursuite des violences et des violations [&hellip;]<\/p>\n","protected":false},"author":8,"featured_media":0,"comment_status":"open","ping_status":"closed","sticky":false,"template":"","format":"standard","meta":{"footnotes":""},"categories":[7,8],"tags":[],"class_list":["post-11764","post","type-post","status-publish","format-standard","hentry","category-politique","category-societe"],"_links":{"self":[{"href":"https:\/\/congokin.blog\/index.php?rest_route=\/wp\/v2\/posts\/11764","targetHints":{"allow":["GET"]}}],"collection":[{"href":"https:\/\/congokin.blog\/index.php?rest_route=\/wp\/v2\/posts"}],"about":[{"href":"https:\/\/congokin.blog\/index.php?rest_route=\/wp\/v2\/types\/post"}],"author":[{"embeddable":true,"href":"https:\/\/congokin.blog\/index.php?rest_route=\/wp\/v2\/users\/8"}],"replies":[{"embeddable":true,"href":"https:\/\/congokin.blog\/index.php?rest_route=%2Fwp%2Fv2%2Fcomments&post=11764"}],"version-history":[{"count":1,"href":"https:\/\/congokin.blog\/index.php?rest_route=\/wp\/v2\/posts\/11764\/revisions"}],"predecessor-version":[{"id":11765,"href":"https:\/\/congokin.blog\/index.php?rest_route=\/wp\/v2\/posts\/11764\/revisions\/11765"}],"wp:attachment":[{"href":"https:\/\/congokin.blog\/index.php?rest_route=%2Fwp%2Fv2%2Fmedia&parent=11764"}],"wp:term":[{"taxonomy":"category","embeddable":true,"href":"https:\/\/congokin.blog\/index.php?rest_route=%2Fwp%2Fv2%2Fcategories&post=11764"},{"taxonomy":"post_tag","embeddable":true,"href":"https:\/\/congokin.blog\/index.php?rest_route=%2Fwp%2Fv2%2Ftags&post=11764"}],"curies":[{"name":"wp","href":"https:\/\/api.w.org\/{rel}","templated":true}]}}