{"id":11769,"date":"2023-03-30T13:46:19","date_gmt":"2023-03-30T13:46:19","guid":{"rendered":"https:\/\/congokin.blog\/?p=11769"},"modified":"2023-03-30T13:48:28","modified_gmt":"2023-03-30T13:48:28","slug":"11769","status":"publish","type":"post","link":"https:\/\/congokin.blog\/?p=11769","title":{"rendered":"Les USA blanchissent le Rwanda au Conseil de S\u00e9curis\u00e9 concernant le M23\ufffc"},"content":{"rendered":"\n<h1 class=\"wp-block-heading\">Les USA blanchissent  le Rwanda au Conseil de S\u00e9curis\u00e9  concernant le M23<\/h1>\n\n\n\n<p><\/p>\n\n\n\n<h1 class=\"wp-block-heading\"><br>ONU : Les USA blanchissent  le Rwanda au Conseil de S\u00e9curis\u00e9  concernant le M23<\/h1>\n\n\n\n<p><\/p>\n\n\n\n<p>Image<\/p>\n\n\n\n<figure class=\"wp-block-image is-style-zoooom\"><img decoding=\"async\" src=\"https:\/\/7sur7.cd\/sites\/default\/files\/styles\/article_2022\/public\/2023-03\/2923A2BB-ECD2-4244-A6C8-C08FD2F00F51.jpeg?itok=aDa_frcF\" alt=\"Droits tiers \"\/><\/figure>\n\n\n\n<h2 class=\"wp-block-heading\"><strong>Les \u00c9tats-Unis d&rsquo;Am\u00e9rique ont, au cours de la r\u00e9union du Conseil de s\u00e9curit\u00e9 de l&rsquo;ONU du mercredi 29 mars 2023, r\u00e9it\u00e9r\u00e9 leur appel au Rwanda \u00e0 mettre fin \u00e0 son soutien au mouvement terroriste M23 qui s\u00e8me terreur et d\u00e9solation dans l&rsquo;Est de la R\u00e9publique d\u00e9mocratique du Congo.<\/strong><\/h2>\n\n\n\n<p>Par ailleurs, les USA ont exhort\u00e9 le Conseil de s\u00e9curit\u00e9 \u00e0 examiner comment ce type de soutien va \u00e0 l&rsquo;encontre des sanctions impos\u00e9es au M23.&nbsp;<\/p>\n\n\n\n<blockquote class=\"wp-block-quote is-layout-flow wp-block-quote-is-layout-flow\">\n<p>\u00ab\u00a0<em>Les USA r\u00e9it\u00e8rent leur appel au Rwanda pour qu&rsquo;il mette fin \u00e0 son soutien au M23 sanctionn\u00e9 par l&rsquo;ONU et exhortent les membres du Conseil \u00e0 examiner comment ce type de soutien va \u00e0 l&rsquo;encontre des r\u00e9gimes de sanctions existants<\/em>\u00ab\u00a0, a dit Robert Wood, repr\u00e9sentant permanent adjoint des USA \u00e0 l&rsquo;ONU.&nbsp;<\/p>\n<\/blockquote>\n\n\n\n<p>Le pays de Joe Biden a aussi rappel\u00e9 au Conseil de s\u00e9curit\u00e9 de l&rsquo;ONU l&rsquo;importance de garantir l&rsquo;int\u00e9grit\u00e9 territoriale des \u00c9tats membres.&nbsp;<\/p>\n\n\n\n<blockquote class=\"wp-block-quote is-layout-flow wp-block-quote-is-layout-flow\">\n<p class=\"has-luminous-vivid-amber-background-color has-background\">\u00ab\u00a0<em>Nous rappelons \u00e0 tous les \u00c9tats l&rsquo;importance de l&rsquo;int\u00e9grit\u00e9 territoriale des \u00c9tats en tant que l&rsquo;un des principes fondateurs de la Charte des Nations-Unies, quelque chose que ce Conseil s&rsquo;efforce de prot\u00e9ger. Cela ne veut pas dire que le Rwanda est seul responsable du conflit. Au contraire, les actions du M23 et du Rwanda ont aggrav\u00e9 une situation humanitaire et s\u00e9curitaire d\u00e9j\u00e0 pr\u00e9occupante<\/em>\u00ab\u00a0, a soutenu ce diplomate am\u00e9ricain.<\/p>\n<\/blockquote>\n\n\n\n<p>L&rsquo;appel des USA corrobore les accusations de la RDC contre le Rwanda dans la crise s\u00e9curitaire qui secoue sa partie Est. En effet, Kinshasa accuse Kigali de soutenir le M23 qui occupe ill\u00e9galement certaines entit\u00e9s du Nord-Kivu, cr\u00e9ant une crise s\u00e9curitaire et humanitaire dans cette partie du pays.&nbsp;<\/p>\n\n\n\n<p><strong>Prince Mayiro<\/strong><\/p>\n<div style=\"text-align:center\" class=\"wps-pgfw-pdf-generate-icon__wrapper-frontend\">\n\t\t<a href=\"https:\/\/congokin.blog?action=genpdf&amp;id=11769\" class=\"pgfw-single-pdf-download-button\" ><img src=\"https:\/\/congokin.blog\/wp-content\/plugins\/pdf-generator-for-wp\/admin\/src\/images\/PDF_Tray.svg\" title=\"G\u00e9n\u00e9rer un PDF\" style=\"width:auto; height:45px;\"><\/a>\n\t\t<\/div>","protected":false},"excerpt":{"rendered":"<p>Les USA blanchissent le Rwanda au Conseil de S\u00e9curis\u00e9 concernant le M23 ONU : Les USA blanchissent le Rwanda au Conseil de S\u00e9curis\u00e9 concernant le M23 Image Les \u00c9tats-Unis d&rsquo;Am\u00e9rique ont, au cours de la r\u00e9union du Conseil de s\u00e9curit\u00e9 de l&rsquo;ONU du mercredi 29 mars 2023, r\u00e9it\u00e9r\u00e9 leur appel au Rwanda \u00e0 mettre fin [&hellip;]<\/p>\n","protected":false},"author":8,"featured_media":0,"comment_status":"open","ping_status":"closed","sticky":false,"template":"","format":"standard","meta":{"footnotes":""},"categories":[3,6,8],"tags":[],"class_list":["post-11769","post","type-post","status-publish","format-standard","hentry","category-diplomatie","category-justice","category-societe"],"_links":{"self":[{"href":"https:\/\/congokin.blog\/index.php?rest_route=\/wp\/v2\/posts\/11769","targetHints":{"allow":["GET"]}}],"collection":[{"href":"https:\/\/congokin.blog\/index.php?rest_route=\/wp\/v2\/posts"}],"about":[{"href":"https:\/\/congokin.blog\/index.php?rest_route=\/wp\/v2\/types\/post"}],"author":[{"embeddable":true,"href":"https:\/\/congokin.blog\/index.php?rest_route=\/wp\/v2\/users\/8"}],"replies":[{"embeddable":true,"href":"https:\/\/congokin.blog\/index.php?rest_route=%2Fwp%2Fv2%2Fcomments&post=11769"}],"version-history":[{"count":2,"href":"https:\/\/congokin.blog\/index.php?rest_route=\/wp\/v2\/posts\/11769\/revisions"}],"predecessor-version":[{"id":11772,"href":"https:\/\/congokin.blog\/index.php?rest_route=\/wp\/v2\/posts\/11769\/revisions\/11772"}],"wp:attachment":[{"href":"https:\/\/congokin.blog\/index.php?rest_route=%2Fwp%2Fv2%2Fmedia&parent=11769"}],"wp:term":[{"taxonomy":"category","embeddable":true,"href":"https:\/\/congokin.blog\/index.php?rest_route=%2Fwp%2Fv2%2Fcategories&post=11769"},{"taxonomy":"post_tag","embeddable":true,"href":"https:\/\/congokin.blog\/index.php?rest_route=%2Fwp%2Fv2%2Ftags&post=11769"}],"curies":[{"name":"wp","href":"https:\/\/api.w.org\/{rel}","templated":true}]}}