{"id":11781,"date":"2023-03-31T14:28:22","date_gmt":"2023-03-31T14:28:22","guid":{"rendered":"https:\/\/congokin.blog\/?p=11781"},"modified":"2023-03-31T14:28:23","modified_gmt":"2023-03-31T14:28:23","slug":"rdc-kwamouth-la-situation-securitaire-est-grave-le-gouvernement-a-perdu-le-controle-du-fleuve-congo","status":"publish","type":"post","link":"https:\/\/congokin.blog\/?p=11781","title":{"rendered":"RDC\/Kwamouth : la situation s\u00e9curitaire est grave, le gouvernement a perdu le contr\u00f4le du fleuve Congo\u00a0"},"content":{"rendered":"\n<p><strong>RDC\/Kwamouth : \u00ab\u00a0la situation s\u00e9curitaire est grave, nous n&rsquo;avons plus le contr\u00f4le du fleuve Congo, on a assassin\u00e9 les marins, c\u2019est \u00e0 Kinshasa\u00a0\u00bb, s\u2019alarme Christophe Mboso&nbsp;<\/strong><\/p>\n\n\n\n<p>Vendredi 31 mars 2023 &#8211; 10:49<\/p>\n\n\n\n<p><\/p>\n\n\n\n<figure class=\"wp-block-image is-style-zoooom\"><img decoding=\"async\" src=\"https:\/\/actualite.cd\/sites\/default\/files\/styles\/800_400\/public\/2023-01\/fleuveee.jpeg?itok=jQRuyqKB\" alt=\"Photo d'illustration\"\/><\/figure>\n\n\n\n<p>Photo d&rsquo;illustration<\/p>\n\n\n\n<p>Il y a quelques semaines d\u00e9j\u00e0, le gouvernement de la R\u00e9publique a confirm\u00e9 la r\u00e9surgence des violences \u00e0 la suite du conflit communautaire entre les Teke et les Yaka dans l&rsquo;espace Grand Bandundu. Ceci se mat\u00e9rialise par l&rsquo;activisme des insurg\u00e9s qui se r\u00e9clament comme Yaka, avait dit Christophe Mboso lors de l\u2019ouverture de la session parlementaire de mars.<\/p>\n\n\n\n<p>Relire:&nbsp;<a href=\"https:\/\/actualite.cd\/2023\/03\/17\/rdc-une-milice-opere-kwamouth-et-maluku-kinshasa-dans-le-plateau-de-mateke-mboso\">RDC: Une milice op\u00e8re \u00e0 Kwamouth et \u00e0 Maluku \u00e0 Kinshasa dans le plateau de Mateke (Mboso)<\/a><\/p>\n\n\n\n<p>Au cours de la pl\u00e9ni\u00e8re de ce jeudi 30 mars, le pr\u00e9sident de l&rsquo;Assembl\u00e9e nationale est revenu sur la gravit\u00e9 de la situation et appelle \u00e0 l&rsquo;implication de tout le monde pour trouver des solutions \u00e0 cette question qui, d&rsquo;apr\u00e8s lui, a fait perdre aux autorit\u00e9s le contr\u00f4le du Fleuve Congo, limite entre la RDC et la R\u00e9publique du Congo.<\/p>\n\n\n\n<blockquote class=\"wp-block-quote is-layout-flow wp-block-quote-is-layout-flow\">\n<p>\u00ab\u00a0Je crois que l&rsquo;affaire Kwamouth, nous devons nous investir tous, l&rsquo;arm\u00e9e, la police, elles ne doivent pas travailler seules, elles doivent travailler avec notre concours mais seulement il y a des gens qui s&rsquo;improvisent un peu et g\u00eanent la situation. C&rsquo;est grave tout pr\u00e8s de la ville de Kinshasa, nous n&rsquo;avons plus le contr\u00f4le du fleuve Congo, les militaires, les marins on les a assassin\u00e9s comme \u00e7a des jeunes marins tous ont p\u00e9ri et c&rsquo;est \u00e0 Kinshasa Maluku\u00a0\u00bb, s\u2019est alarm\u00e9 Christophe Mboso.&nbsp;<\/p>\n<\/blockquote>\n\n\n\n<p>Il esp\u00e8re \u201cqu&rsquo;avec l&rsquo;arriv\u00e9e d&rsquo;un nouveau ministre \u00e0 la t\u00eate de la D\u00e9fense nationale [Jean Pierre Bemba] les choses vont changer\u201d.<\/p>\n\n\n\n<p>Apr\u00e8s l&rsquo;attaque d&rsquo;une embarcation sur le fleuve Congo, les marins de la R\u00e9publique du Congo se sont amass\u00e9s le long de la rive.<\/p>\n\n\n\n<p>Lire:&nbsp;<a href=\"https:\/\/actualite.cd\/2023\/03\/20\/rdc-les-embarcations-de-kwamouth-interdites-de-naviguer-sur-la-rive-du-congo-brazzaville\">RDC: les embarcations de Kwamouth interdites de naviguer sur la rive du Congo Brazzaville apr\u00e8s une attaque arm\u00e9e sur le fleuve Congo<\/a>&nbsp;<\/p>\n\n\n\n<p>La situation de Kwamouth et tout l\u2019espace Bandundu s\u2019ajoute \u00e0 un chapelet des probl\u00e8mes s\u00e9curitaires de l\u2019Est du pays o\u00f9 l\u2019int\u00e9grit\u00e9 territoriale est menac\u00e9e. Mboso parle de la gravit\u00e9 de la \u201csituation s\u00e9curitaire du pays en g\u00e9n\u00e9ral et plus particuli\u00e8rement du Nord-Kivu, de l&rsquo;Ituri et Sud Kivu, Nord Katanga, Kwamouth, Bagata et le plateau de Bateke, une partie de la ville de Kinshasa\u201d.<\/p>\n\n\n\n<p>A lire:&nbsp;<a href=\"https:\/\/actualite.cd\/2023\/03\/29\/rdc-la-resurgence-de-la-crise-securitaire-kwamouth-et-bagata-au-centre-des-echanges\">RDC: la r\u00e9surgence de la crise s\u00e9curitaire \u00e0 Kwamouth et Bagata au centre des \u00e9changes entre Denis Sassou et Fridolin Ambongo<\/a><\/p>\n\n\n\n<p>L&rsquo;ins\u00e9curit\u00e9 refait surface \u00e0 Kwamouth et Bagata ce mois de mars apr\u00e8s deux mois d\u2019accalmie. En un mois, les sources de la soci\u00e9t\u00e9 civile dans la r\u00e9gion parlent d\u2019une trentaine de personnes tu\u00e9es et plus d&rsquo;une centaine de disparus.&nbsp;<\/p>\n\n\n\n<p>Lire aussi:&nbsp;<a href=\"https:\/\/actualite.cd\/index.php\/2023\/03\/25\/rdc-plus-de-30-morts-et-100-disparus-kwamouth-depuis-debut-mars\">RDC: Plus de 30 morts et 100 disparus \u00e0 Kwamouth depuis d\u00e9but mars&nbsp;<\/a><\/p>\n\n\n\n<p><strong>Cl\u00e9ment MUAMBA<\/strong><\/p>\n<div style=\"text-align:center\" class=\"wps-pgfw-pdf-generate-icon__wrapper-frontend\">\n\t\t<a href=\"https:\/\/congokin.blog?action=genpdf&amp;id=11781\" class=\"pgfw-single-pdf-download-button\" ><img src=\"https:\/\/congokin.blog\/wp-content\/plugins\/pdf-generator-for-wp\/admin\/src\/images\/PDF_Tray.svg\" title=\"G\u00e9n\u00e9rer un PDF\" style=\"width:auto; height:45px;\"><\/a>\n\t\t<\/div>","protected":false},"excerpt":{"rendered":"<p>RDC\/Kwamouth : \u00ab\u00a0la situation s\u00e9curitaire est grave, nous n&rsquo;avons plus le contr\u00f4le du fleuve Congo, on a assassin\u00e9 les marins, c\u2019est \u00e0 Kinshasa\u00a0\u00bb, s\u2019alarme Christophe Mboso&nbsp; Vendredi 31 mars 2023 &#8211; 10:49 Photo d&rsquo;illustration Il y a quelques semaines d\u00e9j\u00e0, le gouvernement de la R\u00e9publique a confirm\u00e9 la r\u00e9surgence des violences \u00e0 la suite du [&hellip;]<\/p>\n","protected":false},"author":8,"featured_media":0,"comment_status":"open","ping_status":"closed","sticky":false,"template":"","format":"standard","meta":{"footnotes":""},"categories":[6,7,8],"tags":[],"class_list":["post-11781","post","type-post","status-publish","format-standard","hentry","category-justice","category-politique","category-societe"],"_links":{"self":[{"href":"https:\/\/congokin.blog\/index.php?rest_route=\/wp\/v2\/posts\/11781","targetHints":{"allow":["GET"]}}],"collection":[{"href":"https:\/\/congokin.blog\/index.php?rest_route=\/wp\/v2\/posts"}],"about":[{"href":"https:\/\/congokin.blog\/index.php?rest_route=\/wp\/v2\/types\/post"}],"author":[{"embeddable":true,"href":"https:\/\/congokin.blog\/index.php?rest_route=\/wp\/v2\/users\/8"}],"replies":[{"embeddable":true,"href":"https:\/\/congokin.blog\/index.php?rest_route=%2Fwp%2Fv2%2Fcomments&post=11781"}],"version-history":[{"count":1,"href":"https:\/\/congokin.blog\/index.php?rest_route=\/wp\/v2\/posts\/11781\/revisions"}],"predecessor-version":[{"id":11782,"href":"https:\/\/congokin.blog\/index.php?rest_route=\/wp\/v2\/posts\/11781\/revisions\/11782"}],"wp:attachment":[{"href":"https:\/\/congokin.blog\/index.php?rest_route=%2Fwp%2Fv2%2Fmedia&parent=11781"}],"wp:term":[{"taxonomy":"category","embeddable":true,"href":"https:\/\/congokin.blog\/index.php?rest_route=%2Fwp%2Fv2%2Fcategories&post=11781"},{"taxonomy":"post_tag","embeddable":true,"href":"https:\/\/congokin.blog\/index.php?rest_route=%2Fwp%2Fv2%2Ftags&post=11781"}],"curies":[{"name":"wp","href":"https:\/\/api.w.org\/{rel}","templated":true}]}}