{"id":11783,"date":"2023-03-31T14:36:18","date_gmt":"2023-03-31T14:36:18","guid":{"rendered":"https:\/\/congokin.blog\/?p=11783"},"modified":"2023-03-31T14:37:18","modified_gmt":"2023-03-31T14:37:18","slug":"rdc-letat-collabore-avec-les-milices-assassines","status":"publish","type":"post","link":"https:\/\/congokin.blog\/?p=11783","title":{"rendered":"RDC\u00a0: \u00ab\u00a0L\u2019\u00c9tat collabore avec les milices assassines\u201d"},"content":{"rendered":"\n<h1 class=\"wp-block-heading\">RDC\u00a0: \u00ab\u00a0L\u2019\u00c9tat collabore avec les milices assassines\u201d<\/h1>\n\n\n\n<ul class=\"wp-block-list\">\n<li>Dans\u00a0Soci\u00e9t\u00e9<\/li>\n\n\n\n<li>30 mars 2023<\/li>\n\n\n\n<li>Hubert Leclercq<\/li>\n\n\n\n<li>388 Vues<\/li>\n<\/ul>\n\n\n\n<figure class=\"wp-block-image is-style-zoooom\"><a href=\"https:\/\/afrique.lalibre.be\/app\/uploads\/2020\/03\/Capture_rdc_ituri_0.png\"><img decoding=\"async\" src=\"https:\/\/afrique.lalibre.be\/app\/uploads\/2020\/03\/Capture_rdc_ituri_0-690x433.png\" alt=\"RDC\u00a0: \u00ab\u00a0L\u2019\u00c9tat collabore avec les milices assassines\u201d\" title=\"\"\/><\/a><\/figure>\n\n\n\n<h3 class=\"wp-block-heading\">Plus de 500 civils ont \u00e9t\u00e9 tu\u00e9s en 4 mois dans la province de l\u2019Ituri qui est sous \u00e9tat de si\u00e8ge depuis deux ans.<\/h3>\n\n\n\n<p>Dix-sept otages civils ont \u00e9t\u00e9 ex\u00e9cut\u00e9s dimanche dernier par les miliciens de la Coop\u00e9rative de d\u00e9veloppement du Congo (CODECO). Leur convoi avait \u00e9t\u00e9 attaqu\u00e9 la veille par des hommes en armes alors qu\u2019il quittait Bunia, le chef-lieu de la province du Nord du Congo, n\u00e9e du d\u00e9coupage de la Province orientale. 24 heures apr\u00e8s l\u2019enl\u00e8vement, les otages ont \u00e9t\u00e9 ex\u00e9cut\u00e9s \u00e0 l\u2019arme blanche.<\/p>\n\n\n\n<blockquote class=\"wp-block-quote is-layout-flow wp-block-quote-is-layout-flow\">\n<p>RDC : F\u00e9lix Tshisekedi reconna\u00eet \u00ab\u00a0certaines complicit\u00e9s\u00a0\u00bb dans l\u2019Ituri (Vid\u00e9o)<\/p>\n<\/blockquote>\n\n\n\n<p>Depuis le d\u00e9but du mois de d\u00e9cembre, plus de 500 civils ont \u00e9t\u00e9 massacr\u00e9s dans cette province frontali\u00e8re de l\u2019Ouganda selon les chiffres annonc\u00e9s par le secr\u00e9taire g\u00e9n\u00e9ral des Nations unies Antonio Guterres. Pr\u00e8s de cent femmes et plus de 50 enfants se retrouvent parmi les victimes.<\/p>\n\n\n\n<p><em>\u00ab&nbsp;C\u2019est une barbarie sans nom et ces massacres sont incompr\u00e9hensibles quand on se souvient que la CODECO avait annonc\u00e9 qu\u2019elle d\u00e9posait les armes il y a pr\u00e8s d\u2019un an\u201d,&nbsp;<\/em>explique un membre de la soci\u00e9t\u00e9 civile de la province plac\u00e9e sous \u00e9tat de si\u00e8ge depuis le mois de mai 2021. \u201c<em>L\u2019\u00e9tat de si\u00e8ge n\u2019existe pas, ce sont des mots, il n\u2019y a pas de moyens mis \u00e0 la disposition des militaires\u201d<\/em>, explique de son c\u00f4t\u00e9 Dieudonn\u00e9 Lossa Dhekana, le coordonnateur provincial de la soci\u00e9t\u00e9 civile qui \u00e9voque la lassitude d\u2019une population qui vit dans la peur face aux massacres perp\u00e9tr\u00e9s par diff\u00e9rentes milices. \u201cOn parle de la CODECO, mais il y a aussi les Za\u00efre ou les ADF qui ont encore tu\u00e9 7 Pygm\u00e9es ce mardi. Nous allons publier tr\u00e8s prochainement les chiffres pour le premier trimestre, ils vont \u00eatre catastrophiques.\u201d<\/p>\n\n\n\n<p>Certains \u00e9pinglent le transf\u00e8rement de militaires de l\u2019arm\u00e9e officielle vers la province voisine du Nord-Kivu pour tenter d\u2019enrayer l\u2019avanc\u00e9e du M23. \u201c<em>Il n\u2019y a pas moins de militaires qu\u2019avant\u201d,&nbsp;<\/em>s\u2019insurge un commer\u00e7ant de Bunia. \u201c<em>Eux aussi, ils ont peur. La plupart ne sont pas ou tr\u00e8s peu pay\u00e9s, ils sont d\u00e9sarm\u00e9s et, quand ils ont une arme ils doivent compter leurs munitions\u201d<\/em>.<\/p>\n\n\n\n<h3 class=\"wp-block-heading\">Gestion des territoires<\/h3>\n\n\n\n<p><em>\u00ab&nbsp;Le convoi des dix-sept personnes ex\u00e9cut\u00e9es le week-end dernier a \u00e9t\u00e9 attaqu\u00e9 \u00e0 proximit\u00e9 d\u2019une position des hommes tenue par les militaires congolais. Mais ils ne sont pas intervenus. Peut-\u00eatre n\u2019en ont-ils pas eu le temps. Ils manquent de tout\u201d<\/em>, confirment un d\u00e9put\u00e9 national de l\u2019opposition qui accuse le pouvoir de passivit\u00e9, voire de \u201c<em>coop\u00e9rer\u201d&nbsp;<\/em>avec ces milices qui s\u00e9curiseraient notamment certains bureaux d\u2019enregistrement des \u00e9lecteurs dans la province. Une \u201ccoop\u00e9ration\u201d que confirme M. Lossa Dhekana. \u201c<em>Certains territoires sont totalement g\u00e9r\u00e9s par ces milices, comme sur le territoire de Djugu. Ce sont ces milices qui font la loi. Si vous voulez s\u00e9curiser un endroit, vous devez passer par elles. Il n\u2019y a pas que la CODECO, les ADF contr\u00f4lent aussi compl\u00e8tement certains territoires\u201d.<\/em><\/p>\n\n\n\n<blockquote class=\"wp-block-quote is-layout-flow wp-block-quote-is-layout-flow\">\n<p>RDC : La Monusco, un bouc \u00e9missaire au Nord-Kivu ?<\/p>\n<\/blockquote>\n\n\n\n<p>Tous les t\u00e9moignages, sans exception, parlent de ces zones compl\u00e8tement laiss\u00e9es \u00e0 l\u2019abandon par le pouvoir provincial et national. \u201c<em>Il n\u2019y a aucun militaire des forces arm\u00e9es congolaises dans ces zones\u201d<\/em>, continue le d\u00e9put\u00e9 qui avertit : \u201c<em>avec l\u2019approche du cycle \u00e9lectoral, les violences vont se multiplier. Les milices veulent s\u2019assurer des positions ou des \u00e9lus et ils n\u2019ont que la violence pour se faire entendre. Comme le gouvernement de Kinshasa a laiss\u00e9 pourrir la situation, \u00e7a va \u00eatre la surench\u00e8re et ce sont les populations civiles qui vont en \u00eatre les victimes\u201d<\/em><\/p>\n<div style=\"text-align:center\" class=\"wps-pgfw-pdf-generate-icon__wrapper-frontend\">\n\t\t<a href=\"https:\/\/congokin.blog?action=genpdf&amp;id=11783\" class=\"pgfw-single-pdf-download-button\" ><img src=\"https:\/\/congokin.blog\/wp-content\/plugins\/pdf-generator-for-wp\/admin\/src\/images\/PDF_Tray.svg\" title=\"G\u00e9n\u00e9rer un PDF\" style=\"width:auto; height:45px;\"><\/a>\n\t\t<\/div>","protected":false},"excerpt":{"rendered":"<p>RDC\u00a0: \u00ab\u00a0L\u2019\u00c9tat collabore avec les milices assassines\u201d Plus de 500 civils ont \u00e9t\u00e9 tu\u00e9s en 4 mois dans la province de l\u2019Ituri qui est sous \u00e9tat de si\u00e8ge depuis deux ans. Dix-sept otages civils ont \u00e9t\u00e9 ex\u00e9cut\u00e9s dimanche dernier par les miliciens de la Coop\u00e9rative de d\u00e9veloppement du Congo (CODECO). Leur convoi avait \u00e9t\u00e9 attaqu\u00e9 [&hellip;]<\/p>\n","protected":false},"author":8,"featured_media":0,"comment_status":"open","ping_status":"closed","sticky":false,"template":"","format":"standard","meta":{"footnotes":""},"categories":[7,8],"tags":[],"class_list":["post-11783","post","type-post","status-publish","format-standard","hentry","category-politique","category-societe"],"_links":{"self":[{"href":"https:\/\/congokin.blog\/index.php?rest_route=\/wp\/v2\/posts\/11783","targetHints":{"allow":["GET"]}}],"collection":[{"href":"https:\/\/congokin.blog\/index.php?rest_route=\/wp\/v2\/posts"}],"about":[{"href":"https:\/\/congokin.blog\/index.php?rest_route=\/wp\/v2\/types\/post"}],"author":[{"embeddable":true,"href":"https:\/\/congokin.blog\/index.php?rest_route=\/wp\/v2\/users\/8"}],"replies":[{"embeddable":true,"href":"https:\/\/congokin.blog\/index.php?rest_route=%2Fwp%2Fv2%2Fcomments&post=11783"}],"version-history":[{"count":2,"href":"https:\/\/congokin.blog\/index.php?rest_route=\/wp\/v2\/posts\/11783\/revisions"}],"predecessor-version":[{"id":11785,"href":"https:\/\/congokin.blog\/index.php?rest_route=\/wp\/v2\/posts\/11783\/revisions\/11785"}],"wp:attachment":[{"href":"https:\/\/congokin.blog\/index.php?rest_route=%2Fwp%2Fv2%2Fmedia&parent=11783"}],"wp:term":[{"taxonomy":"category","embeddable":true,"href":"https:\/\/congokin.blog\/index.php?rest_route=%2Fwp%2Fv2%2Fcategories&post=11783"},{"taxonomy":"post_tag","embeddable":true,"href":"https:\/\/congokin.blog\/index.php?rest_route=%2Fwp%2Fv2%2Ftags&post=11783"}],"curies":[{"name":"wp","href":"https:\/\/api.w.org\/{rel}","templated":true}]}}