{"id":11791,"date":"2023-03-31T17:56:54","date_gmt":"2023-03-31T17:56:54","guid":{"rendered":"https:\/\/congokin.blog\/?p=11791"},"modified":"2023-03-31T17:56:54","modified_gmt":"2023-03-31T17:56:54","slug":"la-rdc-sommee-de-fournir-un-rapport-sur-ses-efforts-de-gestion-des-armes-et-des-munitions-et-a-professionnaliser-ses-forces-de-securite","status":"publish","type":"post","link":"https:\/\/congokin.blog\/?p=11791","title":{"rendered":"La RDC  somm\u00e9e de  fournir un rapport sur ses efforts de gestion des armes et des munitions et \u00e0 professionnaliser ses forces de s\u00e9curit\u00e9"},"content":{"rendered":"\n<h1 class=\"wp-block-heading\">La RDC appel\u00e9e \u00e0 fournir un rapport confidentiel sur ses efforts de gestion des armes et des munitions et \u00e0 professionnaliser ses forces de s\u00e9curit\u00e9<\/h1>\n\n\n\n<p><img loading=\"lazy\" decoding=\"async\" height=\"32\" width=\"32\" srcset=\"https:\/\/www.politico.cd\/wp-content\/litespeed\/avatar\/e9271a1a672972b431a3cb07554891e1.jpg?ver=1680241884 2x\" src=\"https:\/\/www.politico.cd\/wp-content\/litespeed\/avatar\/e4c495867c0b68e2cbba1466e29f08f8.jpg?ver=1680241884\" alt=\"R\u00e9daction Kinshasa\">By\u00a0R\u00e9daction Kinshasa31 mars 2023 \u00e0 16:33<\/p>\n\n\n\n<figure class=\"wp-block-image is-style-zoooom\"><a href=\"https:\/\/i0.wp.com\/www.politico.cd\/wp-content\/uploads\/2023\/03\/WhatsApp-Image-2023-03-31-a-15.47.14.jpg?fit=739%2C415&amp;ssl=1\"><img decoding=\"async\" src=\"https:\/\/i0.wp.com\/www.politico.cd\/wp-content\/uploads\/2023\/03\/WhatsApp-Image-2023-03-31-a-15.47.14.jpg?fit=739%2C415&amp;ssl=1\" alt=\"\" title=\"La RDC appel\u00e9e \u00e0 fournir un rapport confidentiel sur ses efforts de gestion des armes et des munitions et \u00e0 professionnaliser ses forces de s\u00e9curit\u00e9\"\/><\/a><\/figure>\n\n\n\n<p>PARTAGER<\/p>\n\n\n\n<p><a href=\"https:\/\/www.facebook.com\/sharer.php?u=https%3A%2F%2Fwww.politico.cd%2Fla-rdc-a-la-une%2F2023%2F03%2F31%2Fla-rdc-appelee-a-fournir-un-rapport-confidentiel-sur-ses-efforts-de-gestion-des-armes-et-des-munitions-et-a-professionnaliser-ses-forces-de-securite.html%2F130976%2F\" target=\"_blank\" rel=\"noreferrer noopener\"><\/a><a href=\"https:\/\/twitter.com\/intent\/tweet?url=https%3A%2F%2Fwww.politico.cd%2Fla-rdc-a-la-une%2F2023%2F03%2F31%2Fla-rdc-appelee-a-fournir-un-rapport-confidentiel-sur-ses-efforts-de-gestion-des-armes-et-des-munitions-et-a-professionnaliser-ses-forces-de-securite.html%2F130976%2F&amp;text=La%20RDC%20appel%C3%A9e%20%C3%A0%20fournir%20un%20rapport%20confidentiel%20sur%20ses%20efforts%20de%20gestion%20des%20armes%20et%20des%20munitions%20et%20%C3%A0%20professionnaliser%20ses%20forces%20de%20s%C3%A9curit%C3%A9\" target=\"_blank\" rel=\"noreferrer noopener\"><\/a><a href=\"https:\/\/wa.me\/?text=La%20RDC%20appel%C3%A9e%20%C3%A0%20fournir%20un%20rapport%20confidentiel%20sur%20ses%20efforts%20de%20gestion%20des%20armes%20et%20des%20munitions%20et%20%C3%A0%20professionnaliser%20ses%20forces%20de%20s%C3%A9curit%C3%A9%20https%3A%2F%2Fwww.politico.cd%2Fla-rdc-a-la-une%2F2023%2F03%2F31%2Fla-rdc-appelee-a-fournir-un-rapport-confidentiel-sur-ses-efforts-de-gestion-des-armes-et-des-munitions-et-a-professionnaliser-ses-forces-de-securite.html%2F130976%2F\" target=\"_blank\" rel=\"noreferrer noopener\"><\/a><a href=\"mailto:?subject=La%20RDC%20appel%C3%A9e%20%C3%A0%20fournir%20un%20rapport%20confidentiel%20sur%20ses%20efforts%20de%20gestion%20des%20armes%20et%20des%20munitions%20et%20%C3%A0%20professionnaliser%20ses%20forces%20de%20s%C3%A9curit%C3%A9&amp;body=https%3A%2F%2Fwww.politico.cd%2Fla-rdc-a-la-une%2F2023%2F03%2F31%2Fla-rdc-appelee-a-fournir-un-rapport-confidentiel-sur-ses-efforts-de-gestion-des-armes-et-des-munitions-et-a-professionnaliser-ses-forces-de-securite.html%2F130976%2F\" target=\"_blank\" rel=\"noreferrer noopener\"><\/a><a href=\"https:\/\/www.linkedin.com\/shareArticle?mini=true&amp;url=https%3A%2F%2Fwww.politico.cd%2Fla-rdc-a-la-une%2F2023%2F03%2F31%2Fla-rdc-appelee-a-fournir-un-rapport-confidentiel-sur-ses-efforts-de-gestion-des-armes-et-des-munitions-et-a-professionnaliser-ses-forces-de-securite.html%2F130976%2F\" target=\"_blank\" rel=\"noreferrer noopener\"><\/a><\/p>\n\n\n\n<p>A la r\u00e9union du Conseil de S\u00e9curit\u00e9 tenue mercredi 29 autour de la forte d\u00e9gradation de la situation s\u00e9curitaire et humanitaire dans l\u2019Est de la R\u00e9publique d\u00e9mocratique du Congo, les \u00c9tats-Unis d\u2019Am\u00e9rique ont rappel\u00e9 au gouvernement congolais qu\u2019il lui a \u00e9t\u00e9 demand\u00e9 un rapport confidentiel sur les efforts de gestion des armes et des munitions \u00e0 la suite de l\u2019assouplissement des sanctions par le Conseil en d\u00e9cembre de l\u2019ann\u00e9e derni\u00e8re.<\/p>\n\n\n\n<p>Selon le Repr\u00e9sentant des USA \u00e0 l\u2019ONU, Robert Wood, ce rapport fournira des informations pr\u00e9cieuses sur les capacit\u00e9s du gouvernement de la RDC et permettra \u00e0 la communaut\u00e9 internationale de contribuer \u00e0 la pr\u00e9vention du trafic et du d\u00e9tournement des armes l\u00e9g\u00e8res.<\/p>\n\n\n\n<p>PUBLICIT\u00c9<\/p>\n\n\n\n<p>Institu\u00e9 en 2008 pour emp\u00eacher la divagation des armes \u00e0 travers les groupes arm\u00e9s, le syst\u00e8me de notification a \u00e9t\u00e9 totalement lev\u00e9 le 20 d\u00e9cembre de l\u2019ann\u00e9e derni\u00e8re.<\/p>\n\n\n\n<p>Une r\u00e9solution d\u00e9cr\u00e9tant l\u2019embargo sur les armes en RDC avait \u00e9t\u00e9 adopt\u00e9e en 2000. En 2008, le Conseil de s\u00e9curit\u00e9 avait d\u00e9cid\u00e9 d\u2019appliquer cet embargo exclusivement aux groupes arm\u00e9s, tandis que les fournisseurs du gouvernement \u00e9taient soumis \u00e0 un r\u00e9gime de notification au Comit\u00e9 de surveillance de l\u2019ONU. \u2028\u2028Une nouvelle r\u00e9solution adopt\u00e9e en juillet dernier a prolong\u00e9 pour un an ce r\u00e9gime, en ramenant l\u2019obligation de notification \u00e0 seulement 5 types d\u2019armes, notamment les mortiers, lance-grenades, \u00ab syst\u00e8mes portables de d\u00e9fense antia\u00e9rienne (MANPADS) syst\u00e8mes de missiles guid\u00e9s antichars \u00bb.<\/p>\n\n\n\n<p>\u00ab En adoptant cette r\u00e9solution, les Nations unies nous alertent sur l\u2019urgence d\u2019am\u00e9liorer le syst\u00e8me national de contr\u00f4le de la circulation des armes dans le pays \u00bb, expliquait un fonctionnaire onusien \u00e0 POLITICO.CD.<\/p>\n\n\n\n<p>Le gouvernement congolais qualifiait cette d\u00e9cision du Conseil de s\u00e9curit\u00e9 d\u2019une injustice inadmissible.<\/p>\n\n\n\n<h2 class=\"wp-block-heading\" id=\"h-le-rwanda-doit-mettre-fin-a-son-soutien-au-m23\"><strong>Le Rwanda doit mettre fin \u00e0 son soutien au M23<\/strong><\/h2>\n\n\n\n<p>Dans un autre registre, les USA ont salu\u00e9 l\u2019initiative et l\u2019engagement des partenaires r\u00e9gionaux, en particulier ceux qui participent au processus de Nairobi dirig\u00e9 par la Communaut\u00e9 de l\u2019Afrique de l\u2019Est (EAC) et au processus de Luanda, et reconnu les progr\u00e8s \u00ab modestes \u00bb accomplis \u00e0 ce jour dans la mise en \u0153uvre des engagements convenus dans les communiqu\u00e9s pr\u00e9c\u00e9dents. Aussi a-t-il appel\u00e9 toutes les parties \u00e0 agir rapidement pour respecter pleinement ces engagements.<\/p>\n\n\n\n<p>Dans la m\u00eame perspective, le d\u00e9l\u00e9gu\u00e9 des USA a r\u00e9it\u00e9r\u00e9 l\u2019appel de Washington au Rwanda pour qu\u2019il mette fin \u00e0 son soutien au M23, exhortant les membres du Conseil \u00e0 examiner comment ce type de soutien va \u00e0 l\u2019encontre des r\u00e9gimes de sanctions existants.<\/p>\n\n\n\n<p>\u00ab Cela ne veut pas dire que le Rwanda est le seul responsable du conflit. Au contraire, les actions du M23 et du Rwanda ont aggrav\u00e9 une situation humanitaire et s\u00e9curitaire d\u00e9j\u00e0 pr\u00e9occupante \u00bb, a nuanc\u00e9 le repr\u00e9sentant.<\/p>\n\n\n\n<p>Peu avant de clore son intervention, l\u2019ambassadeur des USA au Conseil de s\u00e9curit\u00e9 des Nations Unies a r\u00e9it\u00e9r\u00e9 l\u2019appel de son pays au gouvernement de la R\u00e9publique d\u00e9mocratique du Congo pour qu\u2019il professionnalise enti\u00e8rement ses forces de s\u00e9curit\u00e9 et mette imm\u00e9diatement fin \u00e0 sa coop\u00e9ration avec les groupes arm\u00e9s.&nbsp;<\/p>\n\n\n\n<h2 class=\"wp-block-heading\"><strong>Carmel&nbsp;NDEO<\/strong><\/h2>\n<div style=\"text-align:center\" class=\"wps-pgfw-pdf-generate-icon__wrapper-frontend\">\n\t\t<a href=\"https:\/\/congokin.blog?action=genpdf&amp;id=11791\" class=\"pgfw-single-pdf-download-button\" ><img src=\"https:\/\/congokin.blog\/wp-content\/plugins\/pdf-generator-for-wp\/admin\/src\/images\/PDF_Tray.svg\" title=\"G\u00e9n\u00e9rer un PDF\" style=\"width:auto; height:45px;\"><\/a>\n\t\t<\/div>","protected":false},"excerpt":{"rendered":"<p>La RDC appel\u00e9e \u00e0 fournir un rapport confidentiel sur ses efforts de gestion des armes et des munitions et \u00e0 professionnaliser ses forces de s\u00e9curit\u00e9 By\u00a0R\u00e9daction Kinshasa31 mars 2023 \u00e0 16:33 PARTAGER A la r\u00e9union du Conseil de S\u00e9curit\u00e9 tenue mercredi 29 autour de la forte d\u00e9gradation de la situation s\u00e9curitaire et humanitaire dans l\u2019Est [&hellip;]<\/p>\n","protected":false},"author":8,"featured_media":0,"comment_status":"open","ping_status":"closed","sticky":false,"template":"","format":"standard","meta":{"footnotes":""},"categories":[3,7,8],"tags":[],"class_list":["post-11791","post","type-post","status-publish","format-standard","hentry","category-diplomatie","category-politique","category-societe"],"_links":{"self":[{"href":"https:\/\/congokin.blog\/index.php?rest_route=\/wp\/v2\/posts\/11791","targetHints":{"allow":["GET"]}}],"collection":[{"href":"https:\/\/congokin.blog\/index.php?rest_route=\/wp\/v2\/posts"}],"about":[{"href":"https:\/\/congokin.blog\/index.php?rest_route=\/wp\/v2\/types\/post"}],"author":[{"embeddable":true,"href":"https:\/\/congokin.blog\/index.php?rest_route=\/wp\/v2\/users\/8"}],"replies":[{"embeddable":true,"href":"https:\/\/congokin.blog\/index.php?rest_route=%2Fwp%2Fv2%2Fcomments&post=11791"}],"version-history":[{"count":1,"href":"https:\/\/congokin.blog\/index.php?rest_route=\/wp\/v2\/posts\/11791\/revisions"}],"predecessor-version":[{"id":11792,"href":"https:\/\/congokin.blog\/index.php?rest_route=\/wp\/v2\/posts\/11791\/revisions\/11792"}],"wp:attachment":[{"href":"https:\/\/congokin.blog\/index.php?rest_route=%2Fwp%2Fv2%2Fmedia&parent=11791"}],"wp:term":[{"taxonomy":"category","embeddable":true,"href":"https:\/\/congokin.blog\/index.php?rest_route=%2Fwp%2Fv2%2Fcategories&post=11791"},{"taxonomy":"post_tag","embeddable":true,"href":"https:\/\/congokin.blog\/index.php?rest_route=%2Fwp%2Fv2%2Ftags&post=11791"}],"curies":[{"name":"wp","href":"https:\/\/api.w.org\/{rel}","templated":true}]}}