{"id":11797,"date":"2023-04-01T06:27:21","date_gmt":"2023-04-01T06:27:21","guid":{"rendered":"https:\/\/congokin.blog\/?p=11797"},"modified":"2023-04-01T06:28:56","modified_gmt":"2023-04-01T06:28:56","slug":"face-au-m23-des-soldats-ougandais-se-deploient-dans-lest-de-la-rdc","status":"publish","type":"post","link":"https:\/\/congokin.blog\/?p=11797","title":{"rendered":"Face au M23, des soldats ougandais se d\u00e9ploient dans l\u2019est de la RDC"},"content":{"rendered":"\n<p>POLITIQUE<\/p>\n\n\n\n<h1 class=\"wp-block-heading\">Face au M23, des soldats ougandais se d\u00e9ploient dans l\u2019est de la RDC<\/h1>\n\n\n\n<h2 class=\"wp-block-heading\">Apr\u00e8s les K\u00e9nyans et les Burundais, les soldats ougandais de la force r\u00e9gionale est-africaine d\u00e9ploy\u00e9e face aux rebelles du M23 ont commenc\u00e9 \u00e0 arriver vendredi dans l\u2019est de la RDC, o\u00f9 la situation demeure explosive.<\/h2>\n\n\n\n<p>31 mars 2023 \u00e0 20:22<\/p>\n\n\n\n<p>Par&nbsp;<em>Jeune Afrique<\/em><\/p>\n\n\n\n<p>Mis \u00e0 jour le 31 mars 2023 \u00e0 20:22<\/p>\n\n\n\n<figure class=\"wp-block-image size-large\"><img loading=\"lazy\" decoding=\"async\" width=\"1024\" height=\"512\" src=\"https:\/\/congokin.blog\/wp-content\/uploads\/2023\/04\/image-1024x512.png\" alt=\"\" class=\"wp-image-11799\" srcset=\"https:\/\/congokin.blog\/wp-content\/uploads\/2023\/04\/image-1024x512.png 1024w, https:\/\/congokin.blog\/wp-content\/uploads\/2023\/04\/image-300x150.png 300w, https:\/\/congokin.blog\/wp-content\/uploads\/2023\/04\/image-768x384.png 768w, https:\/\/congokin.blog\/wp-content\/uploads\/2023\/04\/image.png 1256w\" sizes=\"auto, (max-width: 1024px) 100vw, 1024px\" \/><\/figure>\n\n\n\n<p>Ce nouveau contingent d\u00e9ploy\u00e9 sous la banni\u00e8re de la Communaut\u00e9 des \u00c9tats d\u2019Afrique de l\u2019Est (EAC) est entr\u00e9 en RDC par le poste-fronti\u00e8re de Bunagana, un important carrefour commercial dont la r\u00e9bellion s\u2019\u00e9tait empar\u00e9e en juin 2022.\u00c0 LIRE<a href=\"https:\/\/www.jeuneafrique.com\/1428816\/politique\/en-rdc-les-combats-avec-le-m23-ont-repris\/\">En RDC, les combats avec le M23 ont repris<\/a><\/p>\n\n\n\n<p>\u00ab&nbsp;Les Ougandais viennent d\u2019arriver chez nous, \u00e0 Bunagana, ils viennent de passer avec des chars, des v\u00e9hicules\u2026 Ils sont tr\u00e8s nombreux&nbsp;\u00bb, a d\u00e9clar\u00e9 par t\u00e9l\u00e9phone une habitante de la ville, situ\u00e9e \u00e0 environ 70 km au nord-est de Goma, chef-lieu de la province du Nord-Kivu. Le commandant k\u00e9nyan de la force de l\u2019EAC, le g\u00e9n\u00e9ral Jeff Nyagah, a pr\u00e9cis\u00e9 \u00e0 Goma que ce contingent ougandais comptait 1 000 hommes. \u00ab&nbsp;Ils sont entr\u00e9s ce matin&nbsp;\u00bb, a-t-il d\u00e9clar\u00e9, ajoutant qu\u2019ils devraient atteindre&nbsp;\u00e0&nbsp;terme un effectif de 2 000 hommes.<\/p>\n\n\n\n<blockquote class=\"wp-block-quote is-layout-flow wp-block-quote-is-layout-flow\">\n<p>LE RETRAIT DU M23 VA \u00caTRE S\u00c9QUENTIEL<\/p>\n<\/blockquote>\n\n\n\n<p>La mission des soldats ougandais n\u2019est pas pour l\u2019instant de \u00ab&nbsp;combattre&nbsp;\u00bb le M23, a soulign\u00e9 jeudi le pr\u00e9sident ougandais Yoweri Museveni, mais d\u2019occuper, en tant que \u00ab&nbsp;force neutre&nbsp;\u00bb, des \u00ab&nbsp;positions remises par le M23 \u00e0 la force de l\u2019EAC&nbsp;\u00bb.<\/p>\n\n\n\n<h2 class=\"wp-block-heading\">\u00c9ch\u00e9ance et cessez-le-feu non respect\u00e9s<\/h2>\n\n\n\n<p>Ce d\u00e9ploiement, initialement pr\u00e9vu mercredi, puis jeudi, et de nouveau report\u00e9 apr\u00e8s des discussions entre l\u2019EAC et le M23, intervient alors que le 30 mars aurait d\u00fb marquer la fin du retrait \u00ab&nbsp;de tous les groupes arm\u00e9s&nbsp;\u00bb de l\u2019est de la RDC, selon un calendrier adopt\u00e9 mi-f\u00e9vrier \u00e0 Addis-Abeba par des chefs d\u2019\u00c9tat de l\u2019EAC. Une \u00e9ch\u00e9ance qui n\u2019a pas \u00e9t\u00e9 respect\u00e9e.<\/p>\n\n\n\n<p>\u00ab&nbsp;Le retrait du M23 va \u00eatre s\u00e9quentiel&nbsp;\u00bb, a d\u00e9clar\u00e9 le g\u00e9n\u00e9ral Nyagah, alors que, selon des t\u00e9moins, les rebelles sont encore dans Bunagana. \u00ab&nbsp;Le M23 est encore l\u00e0&nbsp;\u00bb, a affirm\u00e9 un autre habitant. \u00ab&nbsp;Nous attendons qu\u2019il se retire, c\u2019est alors que nous pourrons dire qu\u2019il y a une \u00e9volution\u2026&nbsp;\u00bb, a-t-il ajout\u00e9.\u00c0 LIRE<a href=\"https:\/\/www.jeuneafrique.com\/1425310\/politique\/dans-lest-de-la-rdc-a-30-km-de-goma-le-m23-gagne-du-terrain\/\">Dans l\u2019est de la RDC, \u00e0 30 km de Goma, le M23 gagne du terrain<\/a><\/p>\n\n\n\n<p>Le M23 a annonc\u00e9 son retrait de certaines localit\u00e9s, mais ces annonces ont \u00e9t\u00e9 qualifi\u00e9es de \u00ab&nbsp;diversion&nbsp;\u00bb par l\u2019arm\u00e9e congolaise. Un cessez-le-feu aurait par ailleurs d\u00fb entrer en vigueur le 7 mars mais, encore une fois, n\u2019a pas non plus \u00e9t\u00e9 respect\u00e9.<\/p>\n\n\n\n<p>Il n\u2019y a pas eu r\u00e9cemment de combats d\u2019ampleur entre l\u2019arm\u00e9e congolaise (les FARDC) et les rebelles, mais des affrontements sont r\u00e9guli\u00e8rement signal\u00e9s, impliquant le plus&nbsp;souvent&nbsp;des groupes arm\u00e9s s\u2019\u00e9rigeant en \u00ab&nbsp;patriotes&nbsp;\u00bb face au M23.<\/p>\n\n\n\n<h2 class=\"wp-block-heading\">Mont\u00e9e en puissance des FARDC<\/h2>\n\n\n\n<p>Les soldats ougandais doivent se d\u00e9ployer dans plusieurs localit\u00e9s du territoire de Rutshuru. L\u00e0, depuis la fin de 2022, sont positionn\u00e9s des soldats k\u00e9nyans de la force de l\u2019EAC, qui se sont vite vu reprocher par la population de ne pas contraindre les rebelles \u00e0 se retirer mais plut\u00f4t de cohabiter avec eux. \u00c0 leur arriv\u00e9e, les Congolais avaient compris que leur mandat devait \u00eatre \u00ab&nbsp;offensif&nbsp;\u00bb, ce qui n\u2019a pas \u00e9t\u00e9 le cas.<\/p>\n\n\n\n<blockquote class=\"wp-block-quote is-layout-flow wp-block-quote-is-layout-flow\">\n<p>LA T\u00c2CHE EST IMMENSE. AUSSI IMMENSE QUE NOTRE HUMILIATION EN TANT QUE NATION<\/p>\n<\/blockquote>\n\n\n\n<p>Des troupes burundaises de l\u2019EAC sont de leur c\u00f4t\u00e9 d\u00e9ploy\u00e9es dans le territoire voisin de Masisi. Un contingent sud-soudanais est \u00e9galement pr\u00e9vu mais n\u2019est pas encore arriv\u00e9.<\/p>\n\n\n\n<p>D\u2019autres soldats ougandais sont d\u00e9j\u00e0 pr\u00e9sents dans l\u2019est de la RDC, depuis la fin de 2021, mais pas dans le cadre de l\u2019EAC. Ils m\u00e8nent, plus au nord, des op\u00e9rations avec l\u2019arm\u00e9e congolaise contre des rebelles d\u2019origine ougandaise, les ADF (Forces d\u00e9mocratiques alli\u00e9es).\u00c0 LIRE<a href=\"https:\/\/www.jeuneafrique.com\/1418885\/politique\/malgre-le-m23-et-les-adf-le-difficile-recensement-des-electeurs-dans-lest-de-la-rdc-a-demarre\/\">Malgr\u00e9 le M23 et les ADF, le difficile recensement des \u00e9lecteurs dans l\u2019est de la RDC a d\u00e9marr\u00e9<\/a><\/p>\n\n\n\n<p>La semaine derni\u00e8re, Jean-Pierre Bemba a \u00e9t\u00e9 nomm\u00e9 ministre de la D\u00e9fense de RDC. \u00ab&nbsp;La t\u00e2che est immense&nbsp;\u00bb, a-t-il d\u00e9clar\u00e9 en prenant ses fonctions, aussi immense que \u00ab&nbsp;notre humiliation en tant que nation&nbsp;\u00bb. Il s\u2019est notamment assign\u00e9 comme mission \u00ab&nbsp;la mont\u00e9e en puissance des FARDC&nbsp;\u00bb qui, par manque d\u2019organisation, de moyens, de professionnalisme, selon des experts, se sont montr\u00e9es incapables jusqu\u2019\u00e0 pr\u00e9sent de stopper&nbsp;l\u2019avanc\u00e9e&nbsp;rebelle.<\/p>\n\n\n\n<p><strong>(Avec AFP)<\/strong><\/p>\n<div style=\"text-align:center\" class=\"wps-pgfw-pdf-generate-icon__wrapper-frontend\">\n\t\t<a href=\"https:\/\/congokin.blog?action=genpdf&amp;id=11797\" class=\"pgfw-single-pdf-download-button\" ><img src=\"https:\/\/congokin.blog\/wp-content\/plugins\/pdf-generator-for-wp\/admin\/src\/images\/PDF_Tray.svg\" title=\"G\u00e9n\u00e9rer un PDF\" style=\"width:auto; height:45px;\"><\/a>\n\t\t<\/div>","protected":false},"excerpt":{"rendered":"<p>POLITIQUE Face au M23, des soldats ougandais se d\u00e9ploient dans l\u2019est de la RDC Apr\u00e8s les K\u00e9nyans et les Burundais, les soldats ougandais de la force r\u00e9gionale est-africaine d\u00e9ploy\u00e9e face aux rebelles du M23 ont commenc\u00e9 \u00e0 arriver vendredi dans l\u2019est de la RDC, o\u00f9 la situation demeure explosive. 31 mars 2023 \u00e0 20:22 Par&nbsp;Jeune [&hellip;]<\/p>\n","protected":false},"author":9,"featured_media":0,"comment_status":"open","ping_status":"closed","sticky":false,"template":"","format":"standard","meta":{"footnotes":""},"categories":[6,7,8],"tags":[],"class_list":["post-11797","post","type-post","status-publish","format-standard","hentry","category-justice","category-politique","category-societe"],"_links":{"self":[{"href":"https:\/\/congokin.blog\/index.php?rest_route=\/wp\/v2\/posts\/11797","targetHints":{"allow":["GET"]}}],"collection":[{"href":"https:\/\/congokin.blog\/index.php?rest_route=\/wp\/v2\/posts"}],"about":[{"href":"https:\/\/congokin.blog\/index.php?rest_route=\/wp\/v2\/types\/post"}],"author":[{"embeddable":true,"href":"https:\/\/congokin.blog\/index.php?rest_route=\/wp\/v2\/users\/9"}],"replies":[{"embeddable":true,"href":"https:\/\/congokin.blog\/index.php?rest_route=%2Fwp%2Fv2%2Fcomments&post=11797"}],"version-history":[{"count":3,"href":"https:\/\/congokin.blog\/index.php?rest_route=\/wp\/v2\/posts\/11797\/revisions"}],"predecessor-version":[{"id":11801,"href":"https:\/\/congokin.blog\/index.php?rest_route=\/wp\/v2\/posts\/11797\/revisions\/11801"}],"wp:attachment":[{"href":"https:\/\/congokin.blog\/index.php?rest_route=%2Fwp%2Fv2%2Fmedia&parent=11797"}],"wp:term":[{"taxonomy":"category","embeddable":true,"href":"https:\/\/congokin.blog\/index.php?rest_route=%2Fwp%2Fv2%2Fcategories&post=11797"},{"taxonomy":"post_tag","embeddable":true,"href":"https:\/\/congokin.blog\/index.php?rest_route=%2Fwp%2Fv2%2Ftags&post=11797"}],"curies":[{"name":"wp","href":"https:\/\/api.w.org\/{rel}","templated":true}]}}