{"id":11802,"date":"2023-04-01T06:36:27","date_gmt":"2023-04-01T06:36:27","guid":{"rendered":"https:\/\/congokin.blog\/?p=11802"},"modified":"2023-04-01T06:36:27","modified_gmt":"2023-04-01T06:36:27","slug":"21-ans-du-pprd-kabila-invite-les-membres-de-son-parti-a-demeurer-confiants-et-resilients-quant-a-la-lutte-pour-la-souverainete-de-la-rdc","status":"publish","type":"post","link":"https:\/\/congokin.blog\/?p=11802","title":{"rendered":"21 ans du PPRD : Kabila invite les membres de son Parti \u00e0 demeurer confiants et r\u00e9silients quant \u00e0 la lutte pour la souverainet\u00e9 de la RDC \u00a0"},"content":{"rendered":"\n<h1 class=\"wp-block-heading\">21 ans du PPRD : Kabila invite les membres de son Parti \u00e0 demeurer confiants et r\u00e9silients quant \u00e0 la lutte pour la souverainet\u00e9 de la RDC &nbsp;<\/h1>\n\n\n\n<p><\/p>\n\n\n\n<p>Image<\/p>\n\n\n\n<figure class=\"wp-block-image\"><img decoding=\"async\" src=\"https:\/\/7sur7.cd\/sites\/default\/files\/styles\/article_2022\/public\/2023-03\/58D736F8-2F3F-4D5B-A747-AD72677F25B2.jpeg?itok=vBCJtQXo\" alt=\"Droits tiers \"\/><\/figure>\n\n\n\n<h2 class=\"wp-block-heading\"><strong>Joseph Kabila bat le rappel des troupes en appelant les membres de son Parti politique \u00e0 demeurer confiants et r\u00e9silients quant \u00e0 la lutte pour la souverainet\u00e9 de la RDC.&nbsp;<\/strong><\/h2>\n\n\n\n<p>Ce message de l&rsquo;ancien pr\u00e9sident de la R\u00e9publique est relay\u00e9 par le rapporteur de sa formation politique, Patrick Nkanga, \u00e0 travers un communiqu\u00e9 publi\u00e9 ce vendredi 31 mars 2022 \u00e0 l&rsquo;occasion du 21\u00e8 anniversaire du PPRD.<\/p>\n\n\n\n<blockquote class=\"wp-block-quote is-layout-flow wp-block-quote-is-layout-flow\">\n<p>\u00ab&nbsp;<em>Le camarade pr\u00e9sident national souhaite un heureux anniversaire \u00e0 tous les camarades du parti pr\u00e9sents dans les diff\u00e9rentes f\u00e9d\u00e9rations sur l\u2019\u00e9tendue nationale, en invitant tout un chacun \u00e0 demeurer confiant et r\u00e9silient quant \u00e0 la lutte que nous menons ensemble pour la souverainet\u00e9 de notre m\u00e8re-patrie au point de faire d\u2019elle une puissance positive au c\u0153ur de l\u2019Afrique<\/em>&nbsp;\u00bb, lit-on dans ce communiqu\u00e9.&nbsp;<\/p>\n<\/blockquote>\n\n\n\n<p>Quoi qu&rsquo;\u00e9tant dans l&rsquo;opposition, P. Nkanga affirme que la formation politique dont le leader est Joseph Kabila \u00ab demeure fort, avec des militants de conviction, diss\u00e9min\u00e9s \u00e0 travers la R\u00e9publique, pr\u00eats \u00e0 poursuivre p\u00e9rennement le combat sur plusieurs fronts pour l&rsquo;\u00e9mergence du Congo, de g\u00e9n\u00e9ration en g\u00e9n\u00e9ration, se passant le flambeau comme dans une course de relais \u00bb.&nbsp;<\/p>\n\n\n\n<p>S&rsquo;exprimant sur les enjeux politiques de l&rsquo;heure, il r\u00e9it\u00e8re la position de son parti politique sur le processus \u00e9lectoral qui est totalement vici\u00e9, de nature \u00e0 conduire le pays vers une situation de chaos g\u00e9n\u00e9ralis\u00e9e.<\/p>\n\n\n\n<blockquote class=\"wp-block-quote is-layout-flow wp-block-quote-is-layout-flow\">\n<p>\u00ab&nbsp;<em>La position de notre sur le processus \u00e9lectoral Parti est patriotique. Elle est prise dans l&rsquo;int\u00e9r\u00eat de tous nos concitoyens sans distinction aucune, afin que nous ayons des \u00e9lections libres, transparentes, cr\u00e9dibles et inclusives telles que pr\u00e9vues constitutionnellement. Ceci dans l&rsquo;unique et pr\u00e9cieux souci de pr\u00e9server les acquis d\u00e9mocratiques dont nous avons \u00e9t\u00e9 les pionniers, au travers le leadership de notre camarade pr\u00e9sident national. Que nos militants, cadres, sympathisants ainsi que l&rsquo;ensemble de nos concitoyens voient en cela un acte de loyaut\u00e9 \u00e0 l&rsquo;\u00e9gard de notre engagement collectif pour la sauvegarde de notre d\u00e9mocratie<\/em>&nbsp;\u00bb, indique P. Nkanga.<\/p>\n<\/blockquote>\n\n\n\n<p>Le Parti cher \u00e0 J. Kabila constate, par le biais de son rapporteur politique, que la situation sociale s&rsquo;est d\u00e9grad\u00e9e dans des proportions inqui\u00e9tantes et la situation s\u00e9curitaire s&rsquo;est davantage d\u00e9t\u00e9rior\u00e9e.&nbsp;<\/p>\n\n\n\n<p>Il est \u00e0 noter que le PPRD vit le jour le 31 mars 2002. Il fut cr\u00e9\u00e9 par l\u2019ancien pr\u00e9sident de la R\u00e9publique, J. Kabila.<\/p>\n\n\n\n<p><strong>Merveil Molo<\/strong><\/p>\n<div style=\"text-align:center\" class=\"wps-pgfw-pdf-generate-icon__wrapper-frontend\">\n\t\t<a href=\"https:\/\/congokin.blog?action=genpdf&amp;id=11802\" class=\"pgfw-single-pdf-download-button\" ><img src=\"https:\/\/congokin.blog\/wp-content\/plugins\/pdf-generator-for-wp\/admin\/src\/images\/PDF_Tray.svg\" title=\"G\u00e9n\u00e9rer un PDF\" style=\"width:auto; height:45px;\"><\/a>\n\t\t<\/div>","protected":false},"excerpt":{"rendered":"<p>21 ans du PPRD : Kabila invite les membres de son Parti \u00e0 demeurer confiants et r\u00e9silients quant \u00e0 la lutte pour la souverainet\u00e9 de la RDC &nbsp; Image Joseph Kabila bat le rappel des troupes en appelant les membres de son Parti politique \u00e0 demeurer confiants et r\u00e9silients quant \u00e0 la lutte pour la [&hellip;]<\/p>\n","protected":false},"author":9,"featured_media":0,"comment_status":"open","ping_status":"closed","sticky":false,"template":"","format":"standard","meta":{"footnotes":""},"categories":[7,8],"tags":[],"class_list":["post-11802","post","type-post","status-publish","format-standard","hentry","category-politique","category-societe"],"_links":{"self":[{"href":"https:\/\/congokin.blog\/index.php?rest_route=\/wp\/v2\/posts\/11802","targetHints":{"allow":["GET"]}}],"collection":[{"href":"https:\/\/congokin.blog\/index.php?rest_route=\/wp\/v2\/posts"}],"about":[{"href":"https:\/\/congokin.blog\/index.php?rest_route=\/wp\/v2\/types\/post"}],"author":[{"embeddable":true,"href":"https:\/\/congokin.blog\/index.php?rest_route=\/wp\/v2\/users\/9"}],"replies":[{"embeddable":true,"href":"https:\/\/congokin.blog\/index.php?rest_route=%2Fwp%2Fv2%2Fcomments&post=11802"}],"version-history":[{"count":1,"href":"https:\/\/congokin.blog\/index.php?rest_route=\/wp\/v2\/posts\/11802\/revisions"}],"predecessor-version":[{"id":11803,"href":"https:\/\/congokin.blog\/index.php?rest_route=\/wp\/v2\/posts\/11802\/revisions\/11803"}],"wp:attachment":[{"href":"https:\/\/congokin.blog\/index.php?rest_route=%2Fwp%2Fv2%2Fmedia&parent=11802"}],"wp:term":[{"taxonomy":"category","embeddable":true,"href":"https:\/\/congokin.blog\/index.php?rest_route=%2Fwp%2Fv2%2Fcategories&post=11802"},{"taxonomy":"post_tag","embeddable":true,"href":"https:\/\/congokin.blog\/index.php?rest_route=%2Fwp%2Fv2%2Ftags&post=11802"}],"curies":[{"name":"wp","href":"https:\/\/api.w.org\/{rel}","templated":true}]}}