{"id":11804,"date":"2023-04-01T06:50:51","date_gmt":"2023-04-01T06:50:51","guid":{"rendered":"https:\/\/congokin.blog\/?p=11804"},"modified":"2023-04-01T06:50:51","modified_gmt":"2023-04-01T06:50:51","slug":"agression-rwandaise-washington-snobe-la-rdc","status":"publish","type":"post","link":"https:\/\/congokin.blog\/?p=11804","title":{"rendered":"Agression rwandaise : Washington snobe la RDC"},"content":{"rendered":"\n<h1 class=\"wp-block-heading\">Agression rwandaise : Washington snobe la RDC<\/h1>\n\n\n\n<p>31.03.2023<\/p>\n\n\n\n<p><a href=\"https:\/\/www.mediacongo.net\/articles-actualite-0_.html\"><\/a><\/p>\n\n\n\n<p>Ajouter aux favoris<\/p>\n\n\n\n<figure class=\"wp-block-image\"><img decoding=\"async\" src=\"https:\/\/www.mediacongo.net\/cache\/robert_wood_23_jpeg_711_473_1.jpeg\" alt=\"-\"\/><\/figure>\n\n\n\n<p>Robert Wood<\/p>\n\n\n\n<p><strong>A la faveur de la derni\u00e8re Assembl\u00e9e g\u00e9n\u00e9rale du Conseil de s\u00e9curit\u00e9 de l\u2019ONU, il y a lieu de comprendre que la cause de la RDC est encore loin de pr\u00e9occuper les \u00c9tats \u2013 Unis. Pour preuve, les d\u00e9clarations de l\u2019ambassadeur am\u00e9ricain aupr\u00e8s de l\u2019Onu, r\u00e9percut\u00e9es ces deux jours \u00e0 large \u00e9cho.<\/strong><\/p>\n\n\n\n<p>Sans un mot sur les catastrophes entra\u00een\u00e9es par l\u2019arm\u00e9e rwandaise sous couvert du M23 \u00e0 l\u2019Est, Robert Wood laisse entendre qu\u2019 \u201d il est devenu tr\u00e8s clair que le niveau de d\u00e9sinformation et de rh\u00e9torique haineuse \u00e0 l\u2019\u00e9gard du Rwanda, des groupes minoritaires et de la Monusco, met de plus en plus en danger les civils et les soldats de la paix\u201d.<\/p>\n\n\n\n<p>Abstraction faite \u00e0 tout l\u2019argumentaire d\u00e9velopp\u00e9 \u00e0 tous les niveaux par Kinshasa contre la pr\u00e9sence des Fdlr dans les rangs des FARDC, il parle comme un officiel rwandais. Cette all\u00e9gation en dit long : \u201d comme nous l\u2019avons dit \u00e0 maintes reprises, nous r\u00e9it\u00e9rons notre appel au gouvernement de la RDC pour qu\u2019il professionnalise ses forces de s\u00e9curit\u00e9 et mettre imm\u00e9diatement fin \u00e0 sa coop\u00e9ration avec les groupes arm\u00e9s\u201d.<\/p>\n\n\n\n<p>Ces deux extraits ne tiennent pas compte des \u00e9claircissements fournis par l\u2019ambassadeur de la RDC aupr\u00e8s de l\u2019Onu. Georges Nzongola n\u2019a reconnu aucune collaboration de Kinshasa avec les groupes arm\u00e9s. Les efforts de professionnalisation des forces de s\u00e9curit\u00e9 sont bien en cours. Sans cela, les forces \u00e9trang\u00e8res auraient all\u00e8grement march\u00e9 sur Goma et Bukavu o\u00f9 elles se pavanent depuis l\u2019av\u00e8nement du Fpr.<\/p>\n\n\n\n<p>La diplomatie de la RDC a encore du chemin \u00e0 faire avec un pays qui, pourtant, lui reconna\u00eet \u00eatre en partenariat privil\u00e9gi\u00e9.<\/p>\n\n\n\n<p>Washington n\u2019a pas \u00e0 se r\u00e9f\u00e9rer \u00e0 une mission du Conseil de S\u00e9curit\u00e9 de l\u2019ONU ayant s\u00e9journ\u00e9 derni\u00e8rement en RDC, pour avoir une bonne id\u00e9e sur la pr\u00e9occupante situation de l\u2019Est. Gr\u00e2ce aux donn\u00e9es bien actualis\u00e9es, recueillies pour une \u00e9quipe de forces sp\u00e9ciales US, le gouvernement am\u00e9ricain n\u2019a pas besoin d\u2019un quelconque dessin sur les affrontements commandit\u00e9s dans cette partie orientale.<\/p>\n\n\n\n<p>C\u2019est le chaud et le froid au niveau des g\u00e9ants plan\u00e9taires, une attitude donnant des ailes \u00e0 Kagame qui d\u00e9fie ainsi tout le monde. Ce triomphalisme risque de s\u2019\u00e9courter, au regard de la volont\u00e9 affich\u00e9e par plusieurs Congolais contre cette occupation ill\u00e9gale. La complicit\u00e9 interne longtemps b\u00e9n\u00e9fici\u00e9e s\u2019amenuise de plus en plus.<\/p>\n\n\n\n<p><strong>MKM<br>La Temp\u00eate des Tropiques \/ MCP, via mediacongo.net<\/strong><\/p>\n<div style=\"text-align:center\" class=\"wps-pgfw-pdf-generate-icon__wrapper-frontend\">\n\t\t<a href=\"https:\/\/congokin.blog?action=genpdf&amp;id=11804\" class=\"pgfw-single-pdf-download-button\" ><img src=\"https:\/\/congokin.blog\/wp-content\/plugins\/pdf-generator-for-wp\/admin\/src\/images\/PDF_Tray.svg\" title=\"G\u00e9n\u00e9rer un PDF\" style=\"width:auto; height:45px;\"><\/a>\n\t\t<\/div>","protected":false},"excerpt":{"rendered":"<p>Agression rwandaise : Washington snobe la RDC 31.03.2023 Ajouter aux favoris Robert Wood A la faveur de la derni\u00e8re Assembl\u00e9e g\u00e9n\u00e9rale du Conseil de s\u00e9curit\u00e9 de l\u2019ONU, il y a lieu de comprendre que la cause de la RDC est encore loin de pr\u00e9occuper les \u00c9tats \u2013 Unis. Pour preuve, les d\u00e9clarations de l\u2019ambassadeur am\u00e9ricain [&hellip;]<\/p>\n","protected":false},"author":9,"featured_media":0,"comment_status":"open","ping_status":"closed","sticky":false,"template":"","format":"standard","meta":{"footnotes":""},"categories":[3,7,8],"tags":[],"class_list":["post-11804","post","type-post","status-publish","format-standard","hentry","category-diplomatie","category-politique","category-societe"],"_links":{"self":[{"href":"https:\/\/congokin.blog\/index.php?rest_route=\/wp\/v2\/posts\/11804","targetHints":{"allow":["GET"]}}],"collection":[{"href":"https:\/\/congokin.blog\/index.php?rest_route=\/wp\/v2\/posts"}],"about":[{"href":"https:\/\/congokin.blog\/index.php?rest_route=\/wp\/v2\/types\/post"}],"author":[{"embeddable":true,"href":"https:\/\/congokin.blog\/index.php?rest_route=\/wp\/v2\/users\/9"}],"replies":[{"embeddable":true,"href":"https:\/\/congokin.blog\/index.php?rest_route=%2Fwp%2Fv2%2Fcomments&post=11804"}],"version-history":[{"count":1,"href":"https:\/\/congokin.blog\/index.php?rest_route=\/wp\/v2\/posts\/11804\/revisions"}],"predecessor-version":[{"id":11805,"href":"https:\/\/congokin.blog\/index.php?rest_route=\/wp\/v2\/posts\/11804\/revisions\/11805"}],"wp:attachment":[{"href":"https:\/\/congokin.blog\/index.php?rest_route=%2Fwp%2Fv2%2Fmedia&parent=11804"}],"wp:term":[{"taxonomy":"category","embeddable":true,"href":"https:\/\/congokin.blog\/index.php?rest_route=%2Fwp%2Fv2%2Fcategories&post=11804"},{"taxonomy":"post_tag","embeddable":true,"href":"https:\/\/congokin.blog\/index.php?rest_route=%2Fwp%2Fv2%2Ftags&post=11804"}],"curies":[{"name":"wp","href":"https:\/\/api.w.org\/{rel}","templated":true}]}}