{"id":11807,"date":"2023-04-02T06:24:33","date_gmt":"2023-04-02T06:24:33","guid":{"rendered":"https:\/\/congokin.blog\/?p=11807"},"modified":"2023-04-02T06:24:33","modified_gmt":"2023-04-02T06:24:33","slug":"donatien-nshole-la-loi-tshiani-est-une-bombe","status":"publish","type":"post","link":"https:\/\/congokin.blog\/?p=11807","title":{"rendered":"Donatien Nshole\u00a0: \u00ab\u00a0La loi Tshiani est une bombe\u00a0\u00bb"},"content":{"rendered":"\n<p>POLITIQUE<\/p>\n\n\n\n<h1 class=\"wp-block-heading\">Donatien Nshole&nbsp;: \u00ab&nbsp;La loi Tshiani est une bombe&nbsp;\u00bb<\/h1>\n\n\n\n<h2 class=\"wp-block-heading\">Secr\u00e9taire g\u00e9n\u00e9ral de la Conf\u00e9rence \u00e9piscopale nationale du Congo (Cenco), Mgr\u00a0Donatien\u00a0Nshole juge dangereuse la proposition de loi visant \u00e0 r\u00e9server certaines fonctions aux Congolais n\u00e9s de p\u00e8re ou de m\u00e8re congolai<\/h2>\n\n\n\n<p>31 mars 2023 \u00e0 19:09<\/p>\n\n\n\n<p>Par\u00a0Stanis Bujakera Tshiamala\u00a0&#8211; \u00e0 Kinshasa<\/p>\n\n\n\n<p>Mis \u00e0 jour le 31 mars 2023 \u00e0 19:09<\/p>\n\n\n\n<figure class=\"wp-block-image\"><img decoding=\"async\" src=\"https:\/\/prod.cdn-medias.jeuneafrique.com\/cdn-cgi\/image\/q=100,f=auto,metadata=none,width=1256,height=628\/https:\/\/prod.cdn-medias.jeuneafrique.com\/medias\/2023\/03\/31\/jad20230331-ass-rdc-itw-donatien-nshole-1256x628-1680277477.jpg\" alt=\"\"\/><figcaption class=\"wp-element-caption\">Mgr Donatien Nshole, le secr\u00e9taire g\u00e9n\u00e9ral de la Cenco, \u00e0 Kinshasa, le 10 janvier 2019. \u00a9 J\u00e9r\u00f4me Delay\/AP\/SIPA<\/figcaption><\/figure>\n\n\n\n<p>En 2018 d\u00e9j\u00e0, il avait fait montre d\u2019une grande vigilance lors des \u00e9lections g\u00e9n\u00e9rales, n\u2019h\u00e9sitant pas \u00e0 dire tout haut des v\u00e9rit\u00e9s qu\u2019une partie de la classe politique aurait volontiers tues. Cette ann\u00e9e \u00e0 nouveau,&nbsp;<a href=\"https:\/\/www.jeuneafrique.com\/696693\/politique\/presidentielle-en-rdc-labbe-donatien-nshole-la-voix-de-leglise\/\">c\u2019est au secr\u00e9taire g\u00e9n\u00e9ral de la Conf\u00e9rence \u00e9piscopale nationale du Congo (Cenco)<\/a>&nbsp;qu\u2019il reviendra de dire, au nom de l\u2019\u00c9glise, si les scrutins de d\u00e9cembre&nbsp;2023 auront \u00e9t\u00e9 sinc\u00e8res ou frauduleux.<\/p>\n\n\n\n<p>La responsabilit\u00e9 est lourde.&nbsp;<a href=\"https:\/\/www.jeuneafrique.com\/1074121\/politique\/rdc-donation-nshole-cenco-lalternance-de-2018-ne-donne-pas-les-resultats-escomptes\/\">Mgr Donatien Nshole<\/a>&nbsp;le sait, et, d\u00e9j\u00e0, s\u2019inqui\u00e8te des dysfonctionnements du processus \u00e9lectoral et des retards qui s\u2019accumulent. Il redoute, aussi, les effets d\u00e9l\u00e9t\u00e8res de man\u0153uvres politiques visant \u00e0 \u00e9carter de potentiels rivaux du pr\u00e9sident sortant, F\u00e9lix Tshisekedi. Il s\u2019en est ouvert \u00e0&nbsp;<em>Jeune Afrique,<\/em>&nbsp;dans son bureau du Centre interdioc\u00e9sain, \u00e0 Kinshasa.\u00c0 LIRE<a href=\"https:\/\/www.jeuneafrique.com\/1429300\/politique\/en-rdc-la-loi-tshiani-se-reinvite-dans-le-debat\/\">En RDC, la loi Tshiani se r\u00e9invite dans le d\u00e9bat<\/a><\/p>\n\n\n\n<p><strong>Jeune Afrique&nbsp;: Contre toute attente, la proposition de loi (dite \u00ab&nbsp;loi Tshiani&nbsp;\u00bb), qui r\u00e9serverait certaines fonctions aux Congolais n\u00e9s de p\u00e8re ou de m\u00e8re Congolais, a \u00e9t\u00e9 inscrite \u00e0 l\u2019ordre du jour de l\u2019Assembl\u00e9e nationale. L\u2019\u00c9glise le regrette-t-elle&nbsp;?<\/strong><\/p>\n\n\n\n<p><strong>Donatien Nshole&nbsp;:<\/strong>&nbsp;Notre position est connue. Souvenez-vous qu\u2019en juin 2021 tous les \u00e9v\u00eaques congolais ont appel\u00e9 \u00e0 la coh\u00e9sion nationale et formul\u00e9 une recommandation tr\u00e8s claire \u00e0 l\u2019adresse du Parlement : il ne faut pas voter de lois discriminatoires. Nous sommes unis par le m\u00eame sort, et, que nous soyons des Congolais d\u2019origine ou d\u2019adoption, nous sommes tous des fils et des filles de la RDC.<\/p>\n\n\n\n<p><a href=\"https:\/\/www.jeuneafrique.com\/1431427\/politique\/en-rdc-quand-lassemblee-nationale-jugeait-la-loi-tshiani-inappropriee\/\">Ce texte est dangereux.<\/a>&nbsp;Il menace la paix sociale. J\u2019ajoute que, dans le contexte qui est le n\u00f4tre, il nous faut renforcer la coh\u00e9sion de notre pays face au risque de balkanisation de l\u2019Est. D\u00e9fendre ce genre de projet de loi en ce moment&nbsp;serait&nbsp;irresponsable. Enfin, il est contestable sur le plan juridique. En 2021, la commission d\u2019\u00e9tude de l\u2019Assembl\u00e9e nationale l\u2019avait en effet rejet\u00e9 au motif qu\u2019il n\u2019\u00e9tait pas compatible avec plusieurs articles de la Constitution.<\/p>\n\n\n\n<p><strong><a href=\"https:\/\/www.jeuneafrique.com\/1212758\/politique\/loi-tshiani-en-rdc-pourquoi-felix-tshisekedi-temporise\/\">Son initiateur, No\u00ebl Tshiani,<\/a>&nbsp;dit vouloir prot\u00e9ger la RDC d\u2019une infiltration \u00e9trang\u00e8re qui serait source d\u2019ins\u00e9curit\u00e9 et de d\u00e9stabilisation\u2026&nbsp;<\/strong><\/p>\n\n\n\n<p>Depuis quand le fait d\u2019\u00eatre Congolais de p\u00e8re et de m\u00e8re signifie-t-il que l\u2019on est forc\u00e9ment fid\u00e8le \u00e0 la nation ? \u00c0 l\u2019inverse, prenez une personnalit\u00e9 comme le colonel Mamadou Ndala [qui s\u2019est notamment illustr\u00e9, en 2013, face aux rebelles du M23 lorsqu\u2019ils assi\u00e9geaient la ville de Goma]. Sa bravoure est reconnue au niveau national, il a vers\u00e9 son sang pour ce pays&nbsp;; pourtant, il n\u2019\u00e9tait pas Congolais de p\u00e8re et de m\u00e8re. Ne crachons pas sur de tels citoyens.<\/p>\n\n\n\n<p>Ce texte est politiquement contre-productif et aurait l\u2019effet d\u2019une bombe. Je ne veux pas croire que le Parlement pourrait agir avec autant de l\u00e9g\u00e8ret\u00e9 et sacrifier l\u2019unit\u00e9 nationale uniquement pour faire du mal \u00e0 tel ou tel.\u00c0 LIRE<a href=\"https:\/\/www.jeuneafrique.com\/1352288\/politique\/rdc-fridolin-ambongo-opposant-en-chef\/\">RDC : Fridolin Ambongo, opposant en chef<\/a><\/p>\n\n\n\n<p><strong>Il y a quelques jours, vous avez accompagn\u00e9 le cardinal Fridolin Ambongo chez Denis Sassou Nguesso. Quel \u00e9tait l\u2019objet de cette visite ?<\/strong><\/p>\n\n\n\n<p>L\u2019\u00c9glise catholique est tr\u00e8s pr\u00e9occup\u00e9e par la situation s\u00e9curitaire en RDC, et il en va de m\u00eame pour le Congo-Brazzaville, qui est notre voisin imm\u00e9diat et qui est lui aussi concern\u00e9, f\u00fbt-ce indirectement,&nbsp;<a href=\"https:\/\/www.jeuneafrique.com\/1382059\/politique\/rdc-les-violences-dans-le-mai-ndombe-et-lombre-dune-main-noire\/\">par ce qu\u2019il se passe par exemple \u00e0 Kwamouth<\/a>&nbsp;[chef-lieu de la province frontali\u00e8re du Ma\u00ef-Ndombe, en proie \u00e0 des affrontements inter-ethniques depuis juin 2022]. Vous savez qu\u2019il y a des individus qui poursuivent les T\u00e9k\u00e9s, et que le roi des T\u00e9k\u00e9s est \u00e0 Ngab\u00e9, au Congo-Brazzaville. Il s\u2019agit du m\u00eame peuple. On pourrait tr\u00e8s bien apprendre un jour que des T\u00e9k\u00e9s ont \u00e9t\u00e9 pourchass\u00e9s jusqu\u2019\u00e0 Brazzaville&nbsp;!<\/p>\n\n\n\n<p>Par ailleurs, cette visite nous a donn\u00e9 l\u2019occasion de plaider en faveur de la paix dans l\u2019est de la RDC. Cette crise a une dimension r\u00e9gionale qu\u2019il ne faut pas n\u00e9gliger, et le pr\u00e9sident Sassou Nguesso a un r\u00f4le \u00e0 jouer [dans sa r\u00e9solution].<\/p>\n\n\n\n<p><strong>Avez-vous parl\u00e9 avec lui de la pr\u00e9sidentielle de d\u00e9cembre et du processus \u00e9lectoral&nbsp;?<\/strong><\/p>\n\n\n\n<p>Cela fait partie des sujets \u00e9voqu\u00e9s. C\u2019est un homme politique, et il \u00e9tait curieux de savoir comment nous voyions les choses. Nous lui avons r\u00e9pondu.<\/p>\n\n\n\n<p><strong>S\u2019agissant de la tenue de ce scrutin, la RDC est-elle sur la bonne voie&nbsp;?<\/strong><\/p>\n\n\n\n<p>Il y a quand m\u00eame des choses qu\u2019il faut s\u00e9rieusement corriger pour regagner la confiance des uns et des autres. Il serait irresponsable de continuer \u00e0 avancer en suivant un processus contest\u00e9 et en sachant que tout le monde est convaincu qu\u2019une grande tricherie est planifi\u00e9e.<\/p>\n\n\n\n<p>Par ailleurs, celui qui sortira vainqueur de ce scrutin sera honor\u00e9 d\u2019avoir \u00e9t\u00e9 \u00e9lu pr\u00e9sident dans de bonnes conditions. Le contraire serait un d\u00e9shonneur qu\u2019il porterait toute sa vie et que l\u2019Histoire retiendrait.\u00c0 LIRE<a href=\"https:\/\/www.jeuneafrique.com\/1427360\/politique\/rdc-denis-kadima-jai-hate-den-finir-avec-ces-elections\/\">RDC \u2013 Denis Kadima&nbsp;: \u00ab&nbsp;J\u2019ai h\u00e2te d\u2019en finir avec ces \u00e9lections&nbsp;\u00bb<\/a><\/p>\n\n\n\n<p><strong>Quels sont les signaux qui laissent pr\u00e9sager un manque de transparence&nbsp;?<\/strong><\/p>\n\n\n\n<p>Nous sommes pr\u00e9occup\u00e9s qu\u2019il y ait des centres d\u2019inscription qui n\u2019existent que sur le papier, que l\u2019on ait retrouv\u00e9 des kits \u00e9lectoraux un peu partout, y compris chez des particuliers. Tout cela est tr\u00e8s dangereux. Certes, la Ceni [Commission \u00e9lectorale nationale ind\u00e9pendante] a reconnu ces probl\u00e8mes, mais elle s\u2019est content\u00e9e de confier \u00e0 la justice la responsabilit\u00e9 d\u2019ouvrir des enqu\u00eates.<\/p>\n\n\n\n<p>Nous estimons, pour notre part, que la Ceni doit orienter&nbsp;le&nbsp;travail de la police et de la justice, parce qu\u2019elle sait o\u00f9 \u00e9taient cens\u00e9s se trouver ces kits, qui sont tous tra\u00e7ables. Nous avons \u00e9galement demand\u00e9 des proc\u00e8s publics pour rassurer les citoyens. Si la Ceni ne suit pas nos recommandations la situation sera compliqu\u00e9e.<\/p>\n\n\n\n<p><strong>Pensez-vous que le calendrier \u00e9lectoral sera respect\u00e9&nbsp;?&nbsp;&nbsp;<\/strong><\/p>\n\n\n\n<p>Que la Ceni soit optimiste est une bonne chose, mais d\u00e9j\u00e0, lorsque le chronogramme a \u00e9t\u00e9 publi\u00e9, nous avions pr\u00e9venu que le calendrier serait tr\u00e8s serr\u00e9, qu\u2019il restait beaucoup de choses \u00e0 faire en peu de temps. Nous avions dit que nous comprendrions une petite prolongation de quelques semaines, en cas de force majeure.\u00c0 LIRE<a href=\"https:\/\/www.jeuneafrique.com\/1428628\/politique\/en-rdc-la-presidentielle-et-la-crise-dans-lest-au-coeur-des-debats-parlementaires\/\">En RDC, la pr\u00e9sidentielle et la crise dans l\u2019Est au c\u0153ur des d\u00e9bats parlementaires<\/a><\/p>\n\n\n\n<p><strong>Cela signifie-t-il que l\u2019\u00c9glise&nbsp;<a href=\"https:\/\/www.jeuneafrique.com\/1409721\/politique\/et-si-le-glissement-etait-desormais-ineluctable-en-rdc\/\">accepterait un \u00ab&nbsp;glissement&nbsp;\u00bb de calendrier ?<\/a><\/strong><\/p>\n\n\n\n<p>Une prolongation de quelques semaines pour des raisons techniques et objectives peut arriver. Ce ne serait pas \u00e0 proprement parler un glissement \u2013&nbsp;terme qui a une connotation plus politique.<\/p>\n\n\n\n<p>Pour un motif technique et justifi\u00e9, j\u2019estime que l\u2019on peut un peu arrondir les angles. On ne va pas br\u00fbler le pays pour cela. En revanche, s\u2019il s\u2019agissait d\u2019une chose bien plus importante, qui serait due \u00e0 une mauvaise gestion de la Ceni, ce serait une autre histoire.<\/p>\n\n\n\n<p><strong>Comprenez-vous les griefs de l\u2019opposition ? Joseph Kabila, par exemple, boycotte le processus \u00e9lectoral et exige, comme Martin Fayulu, que la composition de la Ceni et de la Cour constitutionnelle soit revue, et que la loi \u00e9lectorale soit r\u00e9examin\u00e9e\u2026<\/strong><\/p>\n\n\n\n<p>Nous pouvons avoir une position, mais nous n\u2019avons pas \u00e0 dicter la dynamique politique.<\/p>\n\n\n\n<p><strong>Pourquoi l\u2019\u00c9glise semble-t-elle moins virulente \u00e0 l\u2019\u00e9gard&nbsp;<a href=\"https:\/\/www.jeuneafrique.com\/1385656\/politique\/rdc-a-quatorze-mois-des-elections-denis-kadima-peut-il-encore-eviter-un-glissement\/\">de Denis Kadima<\/a>&nbsp;qu\u2019elle ne l\u2019\u00e9tait \u00e0 l\u2019\u00e9gard de Corneille Nangaa, son pr\u00e9d\u00e9cesseur \u00e0 la t\u00eate de la Ceni&nbsp;?<\/strong><\/p>\n\n\n\n<p>Notre probl\u00e8me n\u2019est&nbsp;<a href=\"https:\/\/www.jeuneafrique.com\/1431666\/politique\/en-rdc-entre-denis-kadima-et-corneille-nangaa-le-torchon-brule\/\">ni Corneille Nangaa ni Denis Kadima<\/a>, c\u2019est la r\u00e9ussite du processus \u00e9lectoral. Il est vrai que nous avons d\u00e9savou\u00e9 la d\u00e9signation de Denis Kadima pour les raisons que vous connaissez, mais nous avons \u00e9volu\u00e9 et nous pensons que rien n\u2019est perdu. Nous avons d\u2019ailleurs approch\u00e9 Denis Kadima pour lui dire qu\u2019il \u00e9tait dans son int\u00e9r\u00eat de nous consid\u00e9rer comme des partenaires plut\u00f4t que comme des adversaires. Et s\u2019il peut nous prouver que nous avons eu tort de le suspecter [d\u2019\u00eatre proche de F\u00e9lix Tshisekedi], tant mieux.\u00c0 LIRE<a href=\"https:\/\/www.jeuneafrique.com\/1424041\/politique\/chez-felix-tshisekedi-la-cloture-brut-de-decoffrage-de-la-tournee-demmanuel-macron\/\">Chez F\u00e9lix Tshisekedi, la cl\u00f4ture \u00ab&nbsp;brut de d\u00e9coffrage&nbsp;\u00bb de la tourn\u00e9e d\u2019Emmanuel Macron<\/a><\/p>\n\n\n\n<p><strong>Dans le Nord-Kivu, des troupes \u00e9trang\u00e8res ont \u00e9t\u00e9 d\u00e9ploy\u00e9es&nbsp;<a href=\"https:\/\/www.jeuneafrique.com\/1415293\/politique\/retrait-du-m23-et-des-groupes-armes-de-rdc-leac-durcit-le-ton\/\">dans le cadre de l\u2019EAC [East African Community].<\/a>&nbsp;Qu\u2019en pensez-vous&nbsp;?<\/strong><\/p>\n\n\n\n<p>Ce sont nos forces arm\u00e9es qui devraient \u00eatre aux premi\u00e8res loges, et on devrait leur donner les moyens n\u00e9cessaires. Il est quand m\u00eame un peu humiliant que ce soient les arm\u00e9es de pays tiers qui viennent s\u00e9curiser des pans de notre territoire. On ne les rejette pas, on a besoin d\u2019elles. Mais ce doit absolument \u00eatre temporaire et de courte dur\u00e9e.<\/p>\n\n\n\n<p><strong>Le gouvernement devrait-il n\u00e9gocier avec les rebelles du M23&nbsp;?<\/strong><\/p>\n\n\n\n<p>Peut-\u00eatre qu\u2019une mani\u00e8re de r\u00e9soudre ce probl\u00e8me est de ne pas consid\u00e9rer que cette affaire n\u2019est pas seulement celle de nos gouvernants. La Cenco a, par exemple, propos\u00e9 un cadre de concertation. Si le M23 venait \u00e0 y participer, alors le gouvernement n\u2019aurait pas \u00e0 \u00eatre un interlocuteur direct.<\/p>\n\n\n\n<p><strong>Aujourd\u2019hui, non seulement les autorit\u00e9s congolaises mais des rapports de l\u2019ONU et des chancelleries \u00e9trang\u00e8res d\u00e9noncent l\u2019appui que le Rwanda fournit au M23. L\u2019\u00c9glise catholique est-elle sur la m\u00eame ligne&nbsp;?&nbsp;<\/strong><\/p>\n\n\n\n<p>Nous avons cit\u00e9 le Rwanda parmi les agresseurs, en effet. Le gouvernement l\u2019a dit clairement, et&nbsp;nous&nbsp;aussi.<\/p>\n<div style=\"text-align:center\" class=\"wps-pgfw-pdf-generate-icon__wrapper-frontend\">\n\t\t<a href=\"https:\/\/congokin.blog?action=genpdf&amp;id=11807\" class=\"pgfw-single-pdf-download-button\" ><img src=\"https:\/\/congokin.blog\/wp-content\/plugins\/pdf-generator-for-wp\/admin\/src\/images\/PDF_Tray.svg\" title=\"G\u00e9n\u00e9rer un PDF\" style=\"width:auto; height:45px;\"><\/a>\n\t\t<\/div>","protected":false},"excerpt":{"rendered":"<p>POLITIQUE Donatien Nshole&nbsp;: \u00ab&nbsp;La loi Tshiani est une bombe&nbsp;\u00bb Secr\u00e9taire g\u00e9n\u00e9ral de la Conf\u00e9rence \u00e9piscopale nationale du Congo (Cenco), Mgr\u00a0Donatien\u00a0Nshole juge dangereuse la proposition de loi visant \u00e0 r\u00e9server certaines fonctions aux Congolais n\u00e9s de p\u00e8re ou de m\u00e8re congolai 31 mars 2023 \u00e0 19:09 Par\u00a0Stanis Bujakera Tshiamala\u00a0&#8211; \u00e0 Kinshasa Mis \u00e0 jour le 31 [&hellip;]<\/p>\n","protected":false},"author":9,"featured_media":0,"comment_status":"open","ping_status":"closed","sticky":false,"template":"","format":"standard","meta":{"footnotes":""},"categories":[7,8],"tags":[],"class_list":["post-11807","post","type-post","status-publish","format-standard","hentry","category-politique","category-societe"],"_links":{"self":[{"href":"https:\/\/congokin.blog\/index.php?rest_route=\/wp\/v2\/posts\/11807","targetHints":{"allow":["GET"]}}],"collection":[{"href":"https:\/\/congokin.blog\/index.php?rest_route=\/wp\/v2\/posts"}],"about":[{"href":"https:\/\/congokin.blog\/index.php?rest_route=\/wp\/v2\/types\/post"}],"author":[{"embeddable":true,"href":"https:\/\/congokin.blog\/index.php?rest_route=\/wp\/v2\/users\/9"}],"replies":[{"embeddable":true,"href":"https:\/\/congokin.blog\/index.php?rest_route=%2Fwp%2Fv2%2Fcomments&post=11807"}],"version-history":[{"count":1,"href":"https:\/\/congokin.blog\/index.php?rest_route=\/wp\/v2\/posts\/11807\/revisions"}],"predecessor-version":[{"id":11808,"href":"https:\/\/congokin.blog\/index.php?rest_route=\/wp\/v2\/posts\/11807\/revisions\/11808"}],"wp:attachment":[{"href":"https:\/\/congokin.blog\/index.php?rest_route=%2Fwp%2Fv2%2Fmedia&parent=11807"}],"wp:term":[{"taxonomy":"category","embeddable":true,"href":"https:\/\/congokin.blog\/index.php?rest_route=%2Fwp%2Fv2%2Fcategories&post=11807"},{"taxonomy":"post_tag","embeddable":true,"href":"https:\/\/congokin.blog\/index.php?rest_route=%2Fwp%2Fv2%2Ftags&post=11807"}],"curies":[{"name":"wp","href":"https:\/\/api.w.org\/{rel}","templated":true}]}}