{"id":11809,"date":"2023-04-02T22:09:09","date_gmt":"2023-04-02T22:09:09","guid":{"rendered":"https:\/\/congokin.blog\/?p=11809"},"modified":"2023-04-02T22:10:29","modified_gmt":"2023-04-02T22:10:29","slug":"vital-kamerhe-affirme-que-son-destin-est-dun-jour-diriger-la-rdc","status":"publish","type":"post","link":"https:\/\/congokin.blog\/?p=11809","title":{"rendered":"Ambitions politiques\u00a0: Vital Kamerhe affirme que son destin est d\u2019un jour diriger\u00a0la RDC."},"content":{"rendered":"\n<p>POLITIQUE<\/p>\n\n\n\n<h1 class=\"wp-block-heading\">Le jour o\u00f9 Vital Kamerhe a \u00e9t\u00e9 emprisonn\u00e9 \u00e0 Makala<\/h1>\n\n\n\n<h2 class=\"wp-block-heading\">Le 8 avril 2020, en RDC, le directeur de cabinet de F\u00e9lix Tshisekedi \u00e9tait convoqu\u00e9 par un juge pour r\u00e9pondre de d\u00e9tournements de fonds. Le d\u00e9but d\u2019une longue \u00e9preuve qu\u2019il a racont\u00e9e \u00e0 Jeune Afrique, quelques semaines avant de revenir sur le devant de la sc\u00e8ne au poste de vice-Premier ministre charg\u00e9 de l\u2019\u00c9conomie.<\/h2>\n\n\n\n<p><\/p>\n\n\n\n<p>2 avril 2023 \u00e0 10:15<\/p>\n\n\n\n<p>Par&nbsp;<a href=\"https:\/\/www.jeuneafrique.com\/auteurs\/a.sylvestre-treiner\/\">Anna Sylvestre-Treiner<\/a>&nbsp;&#8211; \u00e0 Kinshasa<\/p>\n\n\n\n<p>Mis \u00e0 jour le 2 avril 2023 \u00e0 10:24<\/p>\n\n\n\n<figure class=\"wp-block-image\"><img decoding=\"async\" src=\"https:\/\/prod.cdn-medias.jeuneafrique.com\/cdn-cgi\/image\/q=100,f=auto,metadata=none,width=1256,height=628\/https:\/\/prod.cdn-medias.jeuneafrique.com\/medias\/2023\/03\/31\/jad20230331-ass-rdc-vital-kamerhe-prison-1256x628-1680280211.jpg\" alt=\"\"\/><figcaption class=\"wp-element-caption\">Vital Kamerhe, \u00e0 Gen\u00e8ve, le 11 novembre 2018. \u00a9 FABRICE COFFRINI\/AFP<\/figcaption><\/figure>\n\n\n\n<p>Ce jour-l\u00e0, j\u2019avais mis mon r\u00e9veil \u00e0 6 heures pour quitter t\u00f4t ma ferme de N\u2019Sele, qui est \u00e0 une trentaine de kilom\u00e8tres de Kinshasa. Deux jours auparavant, j\u2019avais refus\u00e9 de r\u00e9pondre \u00e0 la convocation du juge qui enqu\u00eatait sur mon implication pr\u00e9sum\u00e9e dans des d\u00e9tournements de fonds dans le cadre du programme dit \u00ab&nbsp;des 100 jours&nbsp;\u00bb. Mais cette fois, alors qu\u2019il me convoquait \u00e0 nouveau, j\u2019avais d\u00e9cid\u00e9 de me rendre \u00e0 son bureau. Je voulais partir discr\u00e8tement, sans r\u00e9veiller personne, mais mon fils Didier \u00e9tait debout. Il est donc venu avec moi.\u00c0 LIRE<a href=\"https:\/\/www.jeuneafrique.com\/1385941\/politique\/rdc-vital-kamerhe-peut-il-vraiment-etre-lallie-de-felix-tshisekedi\/\">RDC : Vital Kamerhe peut-il vraiment \u00eatre l\u2019alli\u00e9 de F\u00e9lix Tshisekedi ?<\/a><\/p>\n\n\n\n<p>J\u2019ai d\u00e9cid\u00e9 de passer d\u2019abord par mon domicile kinois. Je ne pouvais pas aller voir le juge en habit de fermier, il fallait que je sois bien habill\u00e9 :&nbsp;<a href=\"https:\/\/www.jeuneafrique.com\/dossiers\/affaire-vital-kamerhe-en-rdc-un-directeur-de-cabinet-face-a-la-justice\/\">j\u2019\u00e9tais tout de m\u00eame le directeur de cabinet du pr\u00e9sident<\/a>&nbsp;de ce pays ! J\u2019ai choisi un costume bleu de France.&nbsp;Chemise&nbsp;bleue, cravate bleue, belles chaussures. En fin de matin\u00e9e, je suis arriv\u00e9 au tribunal. Le juge \u00e9tait presque \u00e9tonn\u00e9 de me voir : \u00ab Mais vous \u00eates l\u00e0 ? \u00bb<\/p>\n\n\n\n<h2 class=\"wp-block-heading\">Un coup de t\u00e9l\u00e9phone<\/h2>\n\n\n\n<p>\u00c0 13 heures, l\u2019audition a commenc\u00e9. Pendant six heures et demie, on m\u2019a questionn\u00e9&nbsp;<a href=\"https:\/\/www.jeuneafrique.com\/997744\/politique\/affaire-kamerhe-le-proces-de-100-jours-met-en-lumiere-une-veritable-guerre-des-clans\/\">sur le Programme des 100 jours<\/a>,&nbsp;<a href=\"https:\/\/www.jeuneafrique.com\/997744\/politique\/affaire-kamerhe-le-proces-de-100-jours-met-en-lumiere-une-veritable-guerre-des-clans\/\">sur les maisons pr\u00e9fabriqu\u00e9es qui n\u2019avaient pas \u00e9t\u00e9 construites,<\/a>&nbsp;sur l\u2019argent soi-disant d\u00e9tourn\u00e9\u2026 Sur chaque point, j\u2019avais des r\u00e9ponses et des preuves de mon innocence : je n\u2019\u00e9tais coupable de rien. J\u2019\u00e9tais serein.<\/p>\n\n\n\n<p>\u00c0 la fin de l\u2019audition, le juge a conclu : \u00ab Je vais donc vous dire au revoir. \u00bb Il \u00e9tait pr\u00eat \u00e0 me laisser partir et voulait juste passer un coup de t\u00e9l\u00e9phone. Lorsqu\u2019il est revenu, il a dit aux forces de l\u2019ordre qui \u00e9taient dans son bureau&nbsp;: \u00ab Conduisez-le \u00e0 la prison centrale. \u00bb J\u2019\u00e9tais abasourdi. J\u2019\u00e9tais le num\u00e9ro deux du pays et on me traitait comme un va-nu-pieds ! Je me suis dit que le monde \u00e9tait m\u00e9chant.\u00c0 LIRE<a href=\"https:\/\/www.jeuneafrique.com\/924907\/politique\/vital-kamerhe-en-prison-ce-quil-faut-retenir-de-laffaire\/\">Vital Kamerhe en prison : ce qu\u2019il faut retenir de l\u2019affaire<\/a><\/p>\n\n\n\n<p>J\u2019ai quitt\u00e9 le bureau du juge, et j\u2019ai tout de m\u00eame eu droit \u00e0 une petite faveur. Au lieu de me mettre dans un fourgon plein de prisonniers, ils m\u2019ont fait appeler une jolie jeep pour m\u2019emmener \u00e0 Makala. J\u2019y suis mont\u00e9 avec Pacific Kahasha, un de mes proches qui est aussi&nbsp;<a href=\"https:\/\/www.jeuneafrique.com\/1406847\/politique\/a-mupompa-en-rdc-on-aime-felix-tshisekedi-pour-leternite\/\">conseiller de F\u00e9lix Tshisekedi<\/a>, et mon fils Didier.<\/p>\n\n\n\n<p>Pacific a appel\u00e9 le pr\u00e9sident, qui \u00e9tait tr\u00e8s \u00e9tonn\u00e9 de ce qu\u2019il se passait. Mais il n\u2019interf\u00e8re pas dans les affaires judiciaires, c\u2019est tout \u00e0 son honneur. Avant ma convocation, nous avions eu une longue discussion sur les soup\u00e7ons qui pesaient sur ma personne. Je lui avais dit qu\u2019en s\u2019attaquant \u00e0 moi, c\u2019\u00e9tait en r\u00e9alit\u00e9 \u00e0 lui qu\u2019on voulait faire du&nbsp;mal.&nbsp;J\u2019ai eu raison, car si cette histoire n\u2019\u00e9tait pas arriv\u00e9e, nous aurions eu un tr\u00e8s bon bilan \u00e0 pr\u00e9senter \u00e0 la veille de la pr\u00e9sidentielle.<\/p>\n\n\n\n<h2 class=\"wp-block-heading\">Ma veste, ma ceinture et ma Rolex<\/h2>\n\n\n\n<p>Nous avons roul\u00e9 vers Makala. J\u2019ai enlev\u00e9 ma veste, ma ceinture et ma Rolex, que j\u2019ai confi\u00e9es \u00e0 mon fils en lui disant de prendre soin de sa m\u00e8re.&nbsp;<a href=\"https:\/\/www.jeuneafrique.com\/1005043\/politique\/rdc-ce-quil-faut-savoir-sur-hamida-chatur-lepouse-de-vital-kamerhe\/\">Ma femme, Hamida,<\/a>&nbsp;n\u2019y croyait pas. Je l\u2019ai eue au t\u00e9l\u00e9phone, elle disait : \u00ab Mais tu es l\u2019ami du pr\u00e9sident, tu es son colistier, tu es tout pour lui\u2026 \u00bb\u00c0 LIRE<a href=\"https:\/\/www.jeuneafrique.com\/1329789\/politique\/rdc-felix-tshisekedi-ou-la-solitude-du-pouvoir\/\">RDC : F\u00e9lix Tshisekedi ou la solitude du pouvoir<\/a><\/p>\n\n\n\n<p>\u00c0 20h56 exactement, je suis entr\u00e9 dans la prison, et \u00e0 21h23, apr\u00e8s avoir effectu\u00e9 les formalit\u00e9s, je suis arriv\u00e9 au pavillon 8. Les conditions \u00e9taient terribles. Nous \u00e9tions quarante dans des cellules pr\u00e9vues pour trois ou quatre. Il n\u2019y avait pas une fen\u00eatre, pas d\u2019a\u00e9ration. C\u2019\u00e9tait \u00e9pouvantable. Je suis all\u00e9 voir les sanitaires, il n\u2019y en n\u2019avait que trois, qui servaient \u00e0 la fois de douches et de latrines. Les prisonniers en ont r\u00e9serv\u00e9 une rien que pour moi tout le temps de mon s\u00e9jour. Je ne l\u2019oublierai jamais.<\/p>\n\n\n\n<blockquote class=\"wp-block-quote is-layout-flow wp-block-quote-is-layout-flow\">\n<p>J\u2019EN SUIS CONVAINCU, J\u2019AI UN DESTIN, ET MON DESTIN EST D\u2019UN JOUR DIRIGER CE PAYS<\/p>\n<\/blockquote>\n\n\n\n<p>Cela a \u00e9t\u00e9 le premier jour de neuf longs mois, avant que je ne sois remis en libert\u00e9 provisoire, puis acquitt\u00e9. C\u2019\u00e9tait dur mais je n\u2019ai jamais perdu la foi. J\u2019aurais pu appeler mes amis, des chefs d\u2019\u00c9tat du continent, des ministres en Europe, mais je ne l\u2019ai pas fait. En plusieurs d\u00e9cennies de vie politique, j\u2019avais d\u00e9j\u00e0 chut\u00e9 de nombreuses fois, mais je m\u2019\u00e9tais toujours relev\u00e9. J\u2019ai toujours su que je sortirais de Makala et que ma situation s\u2019am\u00e9liorerait. J\u2019en suis convaincu, j\u2019ai un destin, et mon destin est d\u2019un jour diriger&nbsp;ce&nbsp;pays.<\/p>\n<div style=\"text-align:center\" class=\"wps-pgfw-pdf-generate-icon__wrapper-frontend\">\n\t\t<a href=\"https:\/\/congokin.blog?action=genpdf&amp;id=11809\" class=\"pgfw-single-pdf-download-button\" ><img src=\"https:\/\/congokin.blog\/wp-content\/plugins\/pdf-generator-for-wp\/admin\/src\/images\/PDF_Tray.svg\" title=\"G\u00e9n\u00e9rer un PDF\" style=\"width:auto; height:45px;\"><\/a>\n\t\t<\/div>","protected":false},"excerpt":{"rendered":"<p>POLITIQUE Le jour o\u00f9 Vital Kamerhe a \u00e9t\u00e9 emprisonn\u00e9 \u00e0 Makala Le 8 avril 2020, en RDC, le directeur de cabinet de F\u00e9lix Tshisekedi \u00e9tait convoqu\u00e9 par un juge pour r\u00e9pondre de d\u00e9tournements de fonds. Le d\u00e9but d\u2019une longue \u00e9preuve qu\u2019il a racont\u00e9e \u00e0 Jeune Afrique, quelques semaines avant de revenir sur le devant de [&hellip;]<\/p>\n","protected":false},"author":9,"featured_media":0,"comment_status":"open","ping_status":"closed","sticky":false,"template":"","format":"standard","meta":{"footnotes":""},"categories":[7,8],"tags":[],"class_list":["post-11809","post","type-post","status-publish","format-standard","hentry","category-politique","category-societe"],"_links":{"self":[{"href":"https:\/\/congokin.blog\/index.php?rest_route=\/wp\/v2\/posts\/11809","targetHints":{"allow":["GET"]}}],"collection":[{"href":"https:\/\/congokin.blog\/index.php?rest_route=\/wp\/v2\/posts"}],"about":[{"href":"https:\/\/congokin.blog\/index.php?rest_route=\/wp\/v2\/types\/post"}],"author":[{"embeddable":true,"href":"https:\/\/congokin.blog\/index.php?rest_route=\/wp\/v2\/users\/9"}],"replies":[{"embeddable":true,"href":"https:\/\/congokin.blog\/index.php?rest_route=%2Fwp%2Fv2%2Fcomments&post=11809"}],"version-history":[{"count":2,"href":"https:\/\/congokin.blog\/index.php?rest_route=\/wp\/v2\/posts\/11809\/revisions"}],"predecessor-version":[{"id":11812,"href":"https:\/\/congokin.blog\/index.php?rest_route=\/wp\/v2\/posts\/11809\/revisions\/11812"}],"wp:attachment":[{"href":"https:\/\/congokin.blog\/index.php?rest_route=%2Fwp%2Fv2%2Fmedia&parent=11809"}],"wp:term":[{"taxonomy":"category","embeddable":true,"href":"https:\/\/congokin.blog\/index.php?rest_route=%2Fwp%2Fv2%2Fcategories&post=11809"},{"taxonomy":"post_tag","embeddable":true,"href":"https:\/\/congokin.blog\/index.php?rest_route=%2Fwp%2Fv2%2Ftags&post=11809"}],"curies":[{"name":"wp","href":"https:\/\/api.w.org\/{rel}","templated":true}]}}