{"id":11814,"date":"2023-04-03T15:11:08","date_gmt":"2023-04-03T15:11:08","guid":{"rendered":"https:\/\/congokin.blog\/?p=11814"},"modified":"2023-04-03T15:11:08","modified_gmt":"2023-04-03T15:11:08","slug":"affaire-gertler-a-washington","status":"publish","type":"post","link":"https:\/\/congokin.blog\/?p=11814","title":{"rendered":"Affaire Gertler \u00e0 Washington\ufffc"},"content":{"rendered":"\n<h1 class=\"wp-block-heading\"><em>La lutte contre la corruption et les richesses mini\u00e8res du Congo prend un tournant \u00e0 Washington<\/em><em><\/em><\/h1>\n\n\n\n<p>Dan Gertler, un milliardaire isra\u00e9lien, presse le pr\u00e9sident Biden de lever les sanctions qui lui ont \u00e9t\u00e9 impos\u00e9es pour des transactions aliment\u00e9es par des pots-de-vin dans ce pays africain appauvri.<\/p>\n\n\n\n<p>Dan Gertler, un diamantaire isra\u00e9lien, a trouv\u00e9 un alli\u00e9 surprenant dans sa qu\u00eate pour faire retirer son nom d\u2019une liste de sanctions am\u00e9ricaines : le pr\u00e9sident de la R\u00e9publique d\u00e9mocratique du Congo. Cr\u00e9dit&#8230; Simon Dawson\/Bloomberg<\/p>\n\n\n\n<figure class=\"wp-block-image size-full\"><img loading=\"lazy\" decoding=\"async\" width=\"937\" height=\"625\" src=\"https:\/\/congokin.blog\/wp-content\/uploads\/2023\/04\/image-1.png\" alt=\"\" class=\"wp-image-11815\" srcset=\"https:\/\/congokin.blog\/wp-content\/uploads\/2023\/04\/image-1.png 937w, https:\/\/congokin.blog\/wp-content\/uploads\/2023\/04\/image-1-300x200.png 300w, https:\/\/congokin.blog\/wp-content\/uploads\/2023\/04\/image-1-768x512.png 768w\" sizes=\"auto, (max-width: 937px) 100vw, 937px\" \/><\/figure>\n\n\n\n<figure class=\"wp-block-image size-full\"><img loading=\"lazy\" decoding=\"async\" width=\"469\" height=\"210\" src=\"https:\/\/congokin.blog\/wp-content\/uploads\/2023\/04\/image-2.png\" alt=\"\" class=\"wp-image-11816\" srcset=\"https:\/\/congokin.blog\/wp-content\/uploads\/2023\/04\/image-2.png 469w, https:\/\/congokin.blog\/wp-content\/uploads\/2023\/04\/image-2-300x134.png 300w\" sizes=\"auto, (max-width: 469px) 100vw, 469px\" \/><\/figure>\n\n\n\n<p><a href=\"https:\/\/www.nytimes.com\/by\/eric-lipton\"><\/a><a href=\"https:\/\/www.nytimes.com\/by\/dionne-searcey\"><\/a><\/p>\n\n\n\n<p><strong>Par <\/strong><a href=\"https:\/\/www.nytimes.com\/by\/eric-lipton\"><strong>Eric Lipton<\/strong><\/a><strong> et <\/strong><a href=\"https:\/\/www.nytimes.com\/by\/dionne-searcey\"><strong>Dionne Searcey<\/strong><\/a><strong><\/strong><\/p>\n\n\n\n<p>2 avril 2023<\/p>\n\n\n\n<p>WASHINGTON \u2013 Il y a cinq ans, les \u00c9tats-Unis ont accus\u00e9 un riche diamantaire isra\u00e9lien d\u2019avoir conclu des transactions mini\u00e8res et p\u00e9troli\u00e8res corrompues d\u2019une valeur de plus de 1 milliard de dollars en R\u00e9publique d\u00e9mocratique du Congo, affirmant qu\u2019elles sapaient la croissance \u00e9conomique et \u00ab l\u2019\u00e9tat de droit \u00bb dans ce pays africain appauvri.<\/p>\n\n\n\n<p>Aujourd\u2019hui, cet homme d\u2019affaires, Dan Gertler, a trouv\u00e9 un alli\u00e9 surprenant dans sa qu\u00eate pour faire retirer son nom d\u2019une liste de sanctions am\u00e9ricaines : le pr\u00e9sident F\u00e9lix Tshisekedi de la R\u00e9publique d\u00e9mocratique du Congo.<\/p>\n\n\n\n<p>Malgr\u00e9 les accusations am\u00e9ricaines selon lesquelles M. Gertler avait effectivement <a href=\"https:\/\/home.treasury.gov\/news\/press-releases\/sm0243\" target=\"_blank\" rel=\"noreferrer noopener\">pill\u00e9 le pays<\/a>, M. Tshisekedi est intervenu directement aupr\u00e8s du pr\u00e9sident Biden, demandant au d\u00e9partement du Tr\u00e9sor de revenir sur la punition, selon des documents obtenus par le New York Times.<\/p>\n\n\n\n<p>\u00ab&nbsp;La R\u00e9publique d\u00e9mocratique du Congo n\u2019a plus aucun grief contre M. Gertler et son groupe&nbsp;\u00bb, <a href=\"https:\/\/int.nyt.com\/data\/documenttools\/2022-05-drc-president-to-biden-re-gertler\/df0e6ab2940f16fc\/full.pdf\" target=\"_blank\" rel=\"noreferrer noopener\">a d\u00e9clar\u00e9 M. Tshisekedi dans une lettre<\/a>, non rendue publique auparavant, qu\u2019il a envoy\u00e9e \u00e0 M. Biden en mai.<\/p>\n\n\n\n<p>La fa\u00e7on dont M. Gertler a r\u00e9ussi \u00e0 enr\u00f4ler le pr\u00e9sident du Congo, que les responsables am\u00e9ricains <a href=\"https:\/\/cd.usembassy.gov\/us-drc-partner-to-combat-corruption-fight-impunity-and-improve-security-080321\/\" target=\"_blank\" rel=\"noreferrer noopener\">ont c\u00e9l\u00e9br\u00e9<\/a> pour ses efforts de lutte contre la corruption g\u00e9n\u00e9ralis\u00e9e depuis son entr\u00e9e en fonction en 2019, illustre la tentative d\u00e9termin\u00e9e de M. Gertler de lever une s\u00e9rie de sanctions qui interdisent aux entreprises ayant des liens avec les \u00c9tats-Unis de faire des affaires avec lui et g\u00e8lent l\u2019argent qu\u2019il a dans les banques internationales.<\/p>\n\n\n\n<p>Les efforts de lobbying de M. Tshisekedi sont intervenus apr\u00e8s que M. Gertler a accept\u00e9 de restituer au Congo des droits miniers et de forage p\u00e9trolier d\u2019une valeur estim\u00e9e \u00e0 2 milliards de dollars obtenus au cours des deux derni\u00e8res d\u00e9cennies. En \u00e9change, le gouvernement congolais a accept\u00e9 de payer 260 millions de dollars aux soci\u00e9t\u00e9s de M. Gertler et de l\u2019aider \u00e0 faire pression \u00e0 Washington pour que les sanctions soient r\u00e9voqu\u00e9es, <a href=\"https:\/\/int.nyt.com\/data\/documenttools\/2022-02-5548-ventora-development-sasu-mou-2022-english-google\/f09f75b8fa08eb8c\/full.pdf\" target=\"_blank\" rel=\"noreferrer noopener\">indique l\u2019accord avec M. Gertler.<\/a> &nbsp;Cette d\u00e9cision permettrait au Congo de revendre les droits miniers \u00e0 de nouveaux investisseurs.<\/p>\n\n\n\n<p>\u00ab Les termes de l\u2019accord sont sans pr\u00e9c\u00e9dent et, de toute \u00e9vidence, devraient \u00eatre accueillis positivement \u2013 m\u00eame par mes d\u00e9tracteurs \u00bb, a \u00e9crit M. Gertler <a href=\"https:\/\/int.nyt.com\/data\/documenttools\/2023-03-17-gertler-reply-to-ng-os-with-annex\/1ed84b0fd3eb2638\/full.pdf\" target=\"_blank\" rel=\"noreferrer noopener\">dans une lettre adress\u00e9e en mars<\/a> \u00e0 deux douzaines de groupes de d\u00e9fense des droits de l\u2019homme.<\/p>\n\n\n\n<p>Mais les militants des droits de l\u2019homme disent que l\u2019accord n\u2019est pas un bon accord pour le Congo et que M. Gertler a toujours le droit de percevoir potentiellement des dizaines de millions de dollars par an en redevances sur l\u2019extraction du cuivre et du cobalt dans le pays.<\/p>\n\n\n\n<p>\u00ab&nbsp;Loin de payer une cons\u00e9quence appropri\u00e9e pour ses actes, M. Gertler continuera \u00e0 percevoir en moyenne 200 000 dollars par jour en redevances de ces trois projets miniers tr\u00e8s lucratifs pendant au moins une autre d\u00e9cennie&nbsp;\u00bb, ont d\u00e9clar\u00e9 des groupes de d\u00e9fense des droits de l\u2019homme dans une <a href=\"https:\/\/int.nyt.com\/data\/documenttools\/2023-03-08-ngo-letter-to-usg-letter-gertler-march2023\/dd6404414e0277be\/full.pdf\" target=\"_blank\" rel=\"noreferrer noopener\">lettre envoy\u00e9e le mois dernier<\/a> au secr\u00e9taire &nbsp;d\u2019\u00c9tat Antony J. Blinken et \u00e0 la secr\u00e9taire au Tr\u00e9sor Janet L. Yellen. &nbsp;les exhortant \u00e0 laisser les sanctions en place.<\/p>\n\n\n\n<p>M. Gertler a refus\u00e9 de r\u00e9pondre officiellement aux questions \u00e9crites. Les responsables des d\u00e9partements d\u2019\u00c9tat et du Tr\u00e9sor et de la Maison Blanche ont \u00e9galement refus\u00e9 de commenter la p\u00e9tition en attente pour r\u00e9voquer les sanctions.<\/p>\n\n\n\n<p>Mais le d\u00e9partement d\u2019\u00c9tat a d\u00e9clar\u00e9 dans un communiqu\u00e9, se r\u00e9f\u00e9rant \u00e0 la R\u00e9publique d\u00e9mocratique du Congo, que les \u00c9tats-Unis \u00ab continueraient \u00e0 exhorter la RDC \u00e0 s\u2019attaquer \u00e0 la corruption et aux inefficacit\u00e9s r\u00e9glementaires qui affligent l\u2019environnement op\u00e9rationnel des entreprises afin d\u2019attirer des investissements \u00e9trangers plus responsables \u00bb.<\/p>\n\n\n\n<p>Les responsables congolais ont d\u00e9clar\u00e9 qu\u2019ils craignaient qu\u2019avec les sanctions pesant sur M. Gertler, le pays ne soit pas tout \u00e0 fait juridiquement autoris\u00e9 \u00e0 vendre les droits miniers qui lui appartenaient. La lev\u00e9e des sanctions pourrait les aider \u00e0 attirer les investisseurs internationaux, ont-ils fait valoir.<\/p>\n\n\n\n<p>Les choix qui s\u2019offrent \u00e0 M. Biden et \u00e0 ses collaborateurs refl\u00e8tent la complexit\u00e9 de longue date des relations des \u00c9tats-Unis avec la R\u00e9publique d\u00e9mocratique du Congo, qui est l\u2019un des pays les plus riches du monde en termes de richesse min\u00e9rale extraordinaire. Pourtant, c\u2019est aussi l\u2019un des plus pauvres, avec au moins <a href=\"https:\/\/www.worldbank.org\/en\/country\/drc\/overview\" target=\"_blank\" rel=\"noreferrer noopener\">60 pour cent<\/a> de la population vivant dans l\u2019extr\u00eame pauvret\u00e9.<\/p>\n\n\n\n<p>Image<\/p>\n\n\n\n<p>Le pr\u00e9sident F\u00e9lix Tshisekedi de la R\u00e9publique d\u00e9mocratique du Congo est intervenu directement aupr\u00e8s du pr\u00e9sident Biden, demandant au d\u00e9partement du Tr\u00e9sor de lever les sanctions contre M. Gertler. Cr\u00e9dit&#8230; Haiyun Jiang\/The New York Times<\/p>\n\n\n\n<figure class=\"wp-block-image size-full\"><img loading=\"lazy\" decoding=\"async\" width=\"937\" height=\"625\" src=\"https:\/\/congokin.blog\/wp-content\/uploads\/2023\/04\/image-3.png\" alt=\"\" class=\"wp-image-11817\" srcset=\"https:\/\/congokin.blog\/wp-content\/uploads\/2023\/04\/image-3.png 937w, https:\/\/congokin.blog\/wp-content\/uploads\/2023\/04\/image-3-300x200.png 300w, https:\/\/congokin.blog\/wp-content\/uploads\/2023\/04\/image-3-768x512.png 768w\" sizes=\"auto, (max-width: 937px) 100vw, 937px\" \/><\/figure>\n\n\n\n<p>Alors que les questions climatiques sont devenues une partie importante de l\u2019agenda de l\u2019administration Biden, les responsables am\u00e9ricains ont intensifi\u00e9 leur engagement avec le Congo, essayant de contester le r\u00f4le dominant de la Chine en tant qu\u2019investisseur \u00e9tranger dans le secteur minier au cours des derni\u00e8res d\u00e9cennies.<\/p>\n\n\n\n<p>Les hauts <a href=\"https:\/\/www.nytimes.com\/2022\/08\/10\/world\/africa\/blinken-congo-rainforests.html\">responsables du cabinet Biden<\/a> sont descendus au Congo, apportant des millions de dollars de subventions et d\u2019assistance technique pour <a href=\"https:\/\/www.dol.gov\/agencies\/ilab\/combatting-child-labor-democratic-republic-congos-cobalt-industry-cotecco\" target=\"_blank\" rel=\"noreferrer noopener\">faire respecter les lois du travail<\/a>. Les \u00c9tats-Unis <a href=\"https:\/\/www.state.gov\/the-united-states-releases-signed-memorandum-of-understanding-with-the-democratic-republic-of-congo-and-zambia-to-strengthen-electric-vehicle-battery-value-chain\/\" target=\"_blank\" rel=\"noreferrer noopener\">ont sign\u00e9 un accord<\/a> avec le Congo et la Zambie en d\u00e9cembre pour la cr\u00e9ation d\u2019une usine de batteries de v\u00e9hicules \u00e9lectriques, un d\u00e9veloppement notable pour un continent qui exporte habituellement des m\u00e9taux pour la transformation.<\/p>\n\n\n\n<p>Mais la corruption reste un probl\u00e8me au Congo \u2013 et une pr\u00e9occupation pour l\u2019administration Biden. Un audit effectu\u00e9 l\u2019ann\u00e9e derni\u00e8re a r\u00e9v\u00e9l\u00e9 des <a href=\"https:\/\/int.nyt.com\/data\/documenttools\/2022-06-audit-synthese-du-rapport-de-controle-gecamines-62b06291da19c\/fd1b15c0e1bb2c6e\/full.pdf#page=12\" target=\"_blank\" rel=\"noreferrer noopener\">centaines de millions de dollars de revenus<\/a> manquants per\u00e7us par la G\u00e9camines, la soci\u00e9t\u00e9 mini\u00e8re de cuivre et de cobalt contr\u00f4l\u00e9e par l\u2019\u00c9tat qui a conclu de multiples accords avec M. Gertler au fil des ans.<\/p>\n\n\n\n<p>Avec ses investissements miniers et sa philanthropie, M. Gertler est peut-\u00eatre l\u2019investisseur \u00e9tranger le plus c\u00e9l\u00e8bre au Congo, qu\u2019il a visit\u00e9 pour la premi\u00e8re fois en 1997, alors qu\u2019il avait 23 ans et vendait des diamants bruts. Quelques ann\u00e9es apr\u00e8s son arriv\u00e9e, il avait <a href=\"https:\/\/int.nyt.com\/data\/documenttools\/20010618-have-african-based-diamond-monopolies-been-effective\/5a63f4f9287704fa\/full.pdf#page=2\" target=\"_blank\" rel=\"noreferrer noopener\">n\u00e9goci\u00e9<\/a> le droit exclusif d\u2019exporter les diamants du pays.<\/p>\n\n\n\n<p>Le <a href=\"https:\/\/int.nyt.com\/data\/documenttools\/2023-03-08-ngo-letter-to-usg-letter-gertler-march2023\/dd6404414e0277be\/full.pdf#page=2\" target=\"_blank\" rel=\"noreferrer noopener\">gouvernement am\u00e9ricain a estim\u00e9<\/a> que la perte de revenus pour le Congo associ\u00e9e aux contrats de M. Gertler &nbsp;de 2010 <a href=\"https:\/\/home.treasury.gov\/news\/press-releases\/sm0243\" target=\"_blank\" rel=\"noreferrer noopener\">\u00e0 2012<\/a> \u00e9tait d\u2019environ 1,36 milliard de dollars, soit environ la moiti\u00e9 du budget total de la sant\u00e9 du pays au cours de cette p\u00e9riode.<\/p>\n\n\n\n<p>Alors que le d\u00e9partement du Tr\u00e9sor a <a href=\"https:\/\/home.treasury.gov\/news\/press-releases\/sm0417\" target=\"_blank\" rel=\"noreferrer noopener\">ajout\u00e9 de nouvelles sanctions<\/a> en 2018 aux entreprises associ\u00e9es \u00e0 M. Gertler \u2013 au-del\u00e0 de ce qu\u2019il avait initialement impos\u00e9 l\u2019ann\u00e9e pr\u00e9c\u00e9dente \u2013 il a d\u00e9clar\u00e9: \u00ab&nbsp;Un p\u00e9age financier sera impos\u00e9 aux individus et aux entreprises qui exploitent des personnes innocentes et des juridictions vuln\u00e9rables pour leur propre gain personnel&nbsp;\u00bb.<\/p>\n\n\n\n<p>M. Gertler a longtemps contest\u00e9 les all\u00e9gations, affirmant qu\u2019il n\u2019avait jamais vers\u00e9 de pots-de-vin et que ses investissements au Congo <a href=\"https:\/\/int.nyt.com\/data\/documenttools\/2023-03-17-gertler-reply-to-ng-os-with-annex\/1ed84b0fd3eb2638\/full.pdf#page=3\" target=\"_blank\" rel=\"noreferrer noopener\">fournissaient des milliards d\u2019imp\u00f4ts<\/a> et des milliers d\u2019emplois.<\/p>\n\n\n\n<p>M. Gertler avait d\u00e9j\u00e0 tent\u00e9 de faire lever les sanctions en 2019, sous l\u2019administration Trump. Il a embauch\u00e9 Alan Dershowitz, un alli\u00e9 du pr\u00e9sident, ainsi que Louis J. Freeh, l\u2019ancien directeur du FBI, et a r\u00e9ussi \u00e0 faire pression sur Steven T. Mnuchin, alors secr\u00e9taire au Tr\u00e9sor, pour <a href=\"https:\/\/int.nyt.com\/data\/documenttools\/2021-01-15-gerlter-ofac-license\/6fd5040b9e923e43\/full.pdf\" target=\"_blank\" rel=\"noreferrer noopener\">qu\u2019il abroge largement les sanctions,<\/a> comme <a href=\"https:\/\/www.nytimes.com\/2021\/02\/21\/us\/politics\/dan-gertler-sanctions.html\">l\u2019a rapport\u00e9 le New York Times<\/a> en 2021.<\/p>\n\n\n\n<p>Image<\/p>\n\n\n\n<p>La mine Kamoto Copper Company \u00e0 Kolwezi, en R\u00e9publique d\u00e9mocratique du Congo. Kamoto appartient en grande partie \u00e0 G\u00e9camines, une soci\u00e9t\u00e9 contr\u00f4l\u00e9e par l\u2019\u00c9tat qui a conclu de multiples accords avec M. Gertler au fil des ans. Cr\u00e9dit&#8230; Ashley Gilbertson pour le New York Times<\/p>\n\n\n\n<figure class=\"wp-block-image size-full\"><img loading=\"lazy\" decoding=\"async\" width=\"937\" height=\"625\" src=\"https:\/\/congokin.blog\/wp-content\/uploads\/2023\/04\/image-4.png\" alt=\"\" class=\"wp-image-11818\" srcset=\"https:\/\/congokin.blog\/wp-content\/uploads\/2023\/04\/image-4.png 937w, https:\/\/congokin.blog\/wp-content\/uploads\/2023\/04\/image-4-300x200.png 300w, https:\/\/congokin.blog\/wp-content\/uploads\/2023\/04\/image-4-768x512.png 768w\" sizes=\"auto, (max-width: 937px) 100vw, 937px\" \/><\/figure>\n\n\n\n<p>Mais l\u2019\u00e9quipe de M. Biden, quelques jours apr\u00e8s son investiture en 2021, a d\u00e9cid\u00e9 de r\u00e9tablir les sanctions. \u00ab&nbsp;La cr\u00e9dibilit\u00e9 des \u00c9tats-Unis a \u00e9t\u00e9 consid\u00e9rablement endommag\u00e9e&nbsp;\u00bb, a-t-il d\u00e9clar\u00e9, \u00ab&nbsp;tout comme la cr\u00e9dibilit\u00e9 du programme mondial de sanctions Magnitski&nbsp;\u00bb, faisant r\u00e9f\u00e9rence \u00e0 la loi sur les droits de l\u2019homme et la corruption en vertu de laquelle M. Gertler a \u00e9t\u00e9 puni, selon <a href=\"https:\/\/int.nyt.com\/data\/documenttools\/2022-01-gertler-foia-docs\/1bd65c05009a997b\/full.pdf\" target=\"_blank\" rel=\"noreferrer noopener\">des documents publi\u00e9s en vertu de la Loi sur la libert\u00e9 de l\u2019information<\/a>.<\/p>\n\n\n\n<p>Mais M. Gertler n\u2019a pas abandonn\u00e9.<\/p>\n\n\n\n<p>Son cabinet d\u2019avocats bas\u00e9 \u00e0 Washington, Arnold &amp; Porter, a soumis une nouvelle p\u00e9tition pour obtenir la lev\u00e9e des sanctions.<\/p>\n\n\n\n<p><a href=\"https:\/\/foiaproject.org\/case_detail\/?title=on&amp;style=foia&amp;case_id=32996\" target=\"_blank\" rel=\"noreferrer noopener\">Le Times a poursuivi le d\u00e9partement du Tr\u00e9sor<\/a> pour obtenir des copies de cette correspondance, entre autres courriels.<\/p>\n\n\n\n<p>Le pr\u00e9sident congolais, pour sa part, a averti que ne pas lever les sanctions pourrait avoir de lourdes cons\u00e9quences sur l\u2019acc\u00e8s aux ressources naturelles du pays.<\/p>\n\n\n\n<p>\u00ab Si les sanctions sont per\u00e7ues par les investisseurs \u00e9trangers comme une impasse \u00e0 la liquidation de leurs entit\u00e9s et \u00e0 la cessation de leurs activit\u00e9s, cette inqui\u00e9tude conduira s\u00fbrement \u00e0 la disparition des investissements directs \u00e9trangers au Congo \u00bb, a \u00e9crit M. Tshisekedi <a href=\"https:\/\/int.nyt.com\/data\/documenttools\/2022-05-drc-president-to-biden-re-gertler\/df0e6ab2940f16fc\/full.pdf\" target=\"_blank\" rel=\"noreferrer noopener\">dans sa lettre \u00e0 M. Biden.<\/a><\/p>\n\n\n\n<p>Ces derni\u00e8res semaines, la campagne de lobbying de M. Gertler s\u2019est \u00e9tendue aux groupes internationaux de d\u00e9fense des droits de l\u2019homme, qui ont vivement critiqu\u00e9 ses activit\u00e9s en RD Congo, leur demandant d\u2019approuver ses efforts pour que les autorit\u00e9s am\u00e9ricaines l\u00e8vent les sanctions.<\/p>\n\n\n\n<p>\u00ab Vous avez obtenu les changements souhait\u00e9s \u00bb, a \u00e9crit M. Gertler <a href=\"https:\/\/int.nyt.com\/data\/documenttools\/2023-02-07-dan-gertler-letter-redacted\/63d0ce2ea8d741e0\/full.pdf\" target=\"_blank\" rel=\"noreferrer noopener\">dans une lettre<\/a> adress\u00e9e aux groupes de d\u00e9fense des droits de l\u2019homme en f\u00e9vrier. \u00ab S\u2019opposer \u00e0 ce r\u00e8glement, c\u2019est dire que poursuivre mes souffrances est plus important que d\u2019am\u00e9liorer la vie du peuple congolais. \u00bb<\/p>\n\n\n\n<p>Plusieurs groupes de la soci\u00e9t\u00e9 civile bas\u00e9s en RD Congo, dont un connu sous le nom d\u2019Association congolaise pour l\u2019acc\u00e8s \u00e0 la justice, se sont \u00e9galement joints \u00e0 l\u2019effort en envoyant leurs propres lettres aux hauts responsables \u00e0 Washington les exhortant \u00e0 r\u00e9voquer les sanctions, arguant que l\u2019accord de r\u00e8glement profite aux citoyens congolais. \u00ab Nous, le peuple congolais, voulons ces avoirs maintenant, et b\u00e9n\u00e9ficier de ces biens maintenant ! \u00bb, disait <a href=\"https:\/\/int.nyt.com\/data\/documenttools\/2023-ng-os-supporting-gertler-effort-letters\/5d745de7dc85d481\/full.pdf\" target=\"_blank\" rel=\"noreferrer noopener\">l\u2019une des lettres envoy\u00e9es en mars<\/a> \u00e0 M. Blinken et Mme Yellen, qui \u00e9num\u00e9rait des centaines de signatures.<\/p>\n\n\n\n<p>Mais les groupes internationaux de d\u00e9fense des droits de l\u2019homme ont ripost\u00e9 avec <a href=\"https:\/\/int.nyt.com\/data\/documenttools\/2023-03-15-ngo-response-to-dan-gertler-15-03-23\/5737183217be00b3\/full.pdf\" target=\"_blank\" rel=\"noreferrer noopener\">des lettres \u00e0 M. Gertler<\/a> et au gouvernement am\u00e9ricain, affirmant qu\u2019il profitait toujours \u00e0 tort d\u2019accords corrompus en RD Congo, m\u00eame apr\u00e8s avoir promis de restituer les actifs que ses soci\u00e9t\u00e9s poss\u00e9daient.<\/p>\n\n\n\n<p>\u00ab&nbsp;Si Gertler r\u00e9ussit&nbsp;\u00bb, a d\u00e9clar\u00e9 Justyna Gudzowska, directrice de la politique financi\u00e8re illicite chez Sentry, un groupe de d\u00e9fense des droits de l\u2019homme, \u00ab&nbsp;cela deviendra le manuel pour d\u2019autres cibles de sanctions riches &#8211; y compris les oligarques russes &#8211; du monde entier.&nbsp;\u00bb<\/p>\n\n\n\n<p class=\"has-small-font-size\">Eric Lipton est un journaliste d\u2019investigation bas\u00e9 \u00e0 Washington. Trois fois laur\u00e9at du prix Pulitzer, il a travaill\u00e9 au Washington Post et au Hartford Courant.&nbsp;<a href=\"https:\/\/twitter.com\/EricLiptonNYT\" target=\"_blank\" rel=\"noreferrer noopener\">@<\/a><a href=\"https:\/\/twitter.com\/EricLiptonNYT\" target=\"_blank\" rel=\"noreferrer noopener\">EricLiptonNYT<\/a><\/p>\n\n\n\n<p class=\"has-small-font-size\">Dionne Searcey fait partie d\u2019une \u00e9quipe qui a remport\u00e9 le prix Pulitzer 2020 pour le reportage international et auteur du livre \u00ab <a href=\"https:\/\/www.penguinrandomhouse.com\/books\/557783\/in-pursuit-of-disobedient-women-by-dionne-searcey\/\">In Pursuit of Disobedient Women<\/a> \u00bb.&nbsp;&nbsp;<a href=\"https:\/\/twitter.com\/dionnesearcey\" target=\"_blank\" rel=\"noreferrer noopener\">@<\/a><a href=\"https:\/\/twitter.com\/dionnesearcey\" target=\"_blank\" rel=\"noreferrer noopener\">dionnesearcey<\/a> \u2022<a href=\"https:\/\/www.facebook.com\/dionne.searcey\" target=\"_blank\" rel=\"noreferrer noopener\"> Facebook<\/a><\/p>\n<div style=\"text-align:center\" class=\"wps-pgfw-pdf-generate-icon__wrapper-frontend\">\n\t\t<a href=\"https:\/\/congokin.blog?action=genpdf&amp;id=11814\" class=\"pgfw-single-pdf-download-button\" ><img src=\"https:\/\/congokin.blog\/wp-content\/plugins\/pdf-generator-for-wp\/admin\/src\/images\/PDF_Tray.svg\" title=\"G\u00e9n\u00e9rer un PDF\" style=\"width:auto; height:45px;\"><\/a>\n\t\t<\/div>","protected":false},"excerpt":{"rendered":"<p>La lutte contre la corruption et les richesses mini\u00e8res du Congo prend un tournant \u00e0 Washington Dan Gertler, un milliardaire isra\u00e9lien, presse le pr\u00e9sident Biden de lever les sanctions qui lui ont \u00e9t\u00e9 impos\u00e9es pour des transactions aliment\u00e9es par des pots-de-vin dans ce pays africain appauvri. Dan Gertler, un diamantaire isra\u00e9lien, a trouv\u00e9 un alli\u00e9 [&hellip;]<\/p>\n","protected":false},"author":9,"featured_media":0,"comment_status":"open","ping_status":"closed","sticky":false,"template":"","format":"standard","meta":{"footnotes":""},"categories":[5,6,8],"tags":[],"class_list":["post-11814","post","type-post","status-publish","format-standard","hentry","category-economie","category-justice","category-societe"],"_links":{"self":[{"href":"https:\/\/congokin.blog\/index.php?rest_route=\/wp\/v2\/posts\/11814","targetHints":{"allow":["GET"]}}],"collection":[{"href":"https:\/\/congokin.blog\/index.php?rest_route=\/wp\/v2\/posts"}],"about":[{"href":"https:\/\/congokin.blog\/index.php?rest_route=\/wp\/v2\/types\/post"}],"author":[{"embeddable":true,"href":"https:\/\/congokin.blog\/index.php?rest_route=\/wp\/v2\/users\/9"}],"replies":[{"embeddable":true,"href":"https:\/\/congokin.blog\/index.php?rest_route=%2Fwp%2Fv2%2Fcomments&post=11814"}],"version-history":[{"count":1,"href":"https:\/\/congokin.blog\/index.php?rest_route=\/wp\/v2\/posts\/11814\/revisions"}],"predecessor-version":[{"id":11819,"href":"https:\/\/congokin.blog\/index.php?rest_route=\/wp\/v2\/posts\/11814\/revisions\/11819"}],"wp:attachment":[{"href":"https:\/\/congokin.blog\/index.php?rest_route=%2Fwp%2Fv2%2Fmedia&parent=11814"}],"wp:term":[{"taxonomy":"category","embeddable":true,"href":"https:\/\/congokin.blog\/index.php?rest_route=%2Fwp%2Fv2%2Fcategories&post=11814"},{"taxonomy":"post_tag","embeddable":true,"href":"https:\/\/congokin.blog\/index.php?rest_route=%2Fwp%2Fv2%2Ftags&post=11814"}],"curies":[{"name":"wp","href":"https:\/\/api.w.org\/{rel}","templated":true}]}}