{"id":11822,"date":"2023-04-04T00:44:30","date_gmt":"2023-04-04T00:44:30","guid":{"rendered":"https:\/\/congokin.blog\/?p=11822"},"modified":"2023-04-04T00:44:30","modified_gmt":"2023-04-04T00:44:30","slug":"le-pprd-simpose-joseph-kabila-a-la-presidentielle-de-2023","status":"publish","type":"post","link":"https:\/\/congokin.blog\/?p=11822","title":{"rendered":"Le PPRD s\u2019impose Joseph Kabila \u00e0 la pr\u00e9sidentielle de 2023"},"content":{"rendered":"\n<p><a href=\"https:\/\/laprosperiteonline.net\/category\/politique\/\">POLITIQUE<\/a><\/p>\n\n\n\n<h1 class=\"wp-block-heading\"><strong>Enjeux \u00e9lectoraux&nbsp;: Le PPRD s\u2019impose Joseph Kabila \u00e0 la pr\u00e9sidentielle de 2023<\/strong><\/h1>\n\n\n\n<p>Publi\u00e9 par&nbsp;<a href=\"https:\/\/laprosperiteonline.net\/author\/lapros\/\">La Prosp\u00e9rit\u00e9<\/a>&nbsp;mars 29, 2023&nbsp;0 commentaire<\/p>\n\n\n\n<figure class=\"wp-block-image\"><a href=\"https:\/\/laprosperiteonline.net\/wp-content\/uploads\/2023\/03\/josep.png\"><img decoding=\"async\" src=\"https:\/\/laprosperiteonline.net\/wp-content\/uploads\/2023\/03\/josep-1170x877.png\" alt=\"\" title=\"josep\"\/><\/a><\/figure>\n\n\n\n<p><strong>PARTAGER<\/strong>&nbsp;<strong><em>0<\/em><\/strong><a href=\"https:\/\/laprosperiteonline.net\/enjeux-electoraux-le-pprd-simpose-joseph-kabila-a-la-presidentielle-de-2023\/#\"><\/a><a target=\"_blank\" rel=\"noreferrer noopener\" href=\"https:\/\/www.facebook.com\/sharer\/sharer.php?u=https:\/\/laprosperiteonline.net\/enjeux-electoraux-le-pprd-simpose-joseph-kabila-a-la-presidentielle-de-2023\/\"><\/a><a target=\"_blank\" rel=\"noreferrer noopener\" href=\"https:\/\/twitter.com\/intent\/tweet?text=Check%20out%20this%20article:%20%3Cstrong%3EEnjeux%20%C3%A9lectoraux%26nbsp%3B%3A%20Le%20PPRD%20s%E2%80%99impose%20Joseph%20Kabila%20%C3%A0%20la%20pr%C3%A9sidentielle%20de%202023%3C%2Fstrong%3E%20-%20https:\/\/laprosperiteonline.net\/enjeux-electoraux-le-pprd-simpose-joseph-kabila-a-la-presidentielle-de-2023\/\"><\/a><a target=\"_blank\" rel=\"noreferrer noopener\" href=\"https:\/\/www.linkedin.com\/shareArticle?mini=true&amp;url=https%3A%2F%2Flaprosperiteonline.net%2Fenjeux-electoraux-le-pprd-simpose-joseph-kabila-a-la-presidentielle-de-2023%2F&amp;title=%3Cstrong%3EEnjeux%20%C3%A9lectoraux%26nbsp%3B%3A%20Le%20PPRD%20s%E2%80%99impose%20Joseph%20Kabila%20%C3%A0%20la%20pr%C3%A9sidentielle%20de%202023%3C%2Fstrong%3E\"><\/a><a target=\"_blank\" rel=\"noreferrer noopener\" href=\"https:\/\/api.whatsapp.com\/send?text=%3Cstrong%3EEnjeux%20%C3%A9lectoraux%26nbsp%3B%3A%20Le%20PPRD%20s%E2%80%99impose%20Joseph%20Kabila%20%C3%A0%20la%20pr%C3%A9sidentielle%20de%202023%3C%2Fstrong%3E%20%0A%0A%20https%3A%2F%2Flaprosperiteonline.net%2Fenjeux-electoraux-le-pprd-simpose-joseph-kabila-a-la-presidentielle-de-2023%2F\"><\/a><a target=\"_blank\" rel=\"noreferrer noopener\" href=\"mailto:?subject=strongEnjeux%20%C3%A9lectoraux%C2%A0:%20Le%20PPRD%20s%E2%80%99impose%20Joseph%20Kabila%20%C3%A0%20la%20pr%C3%A9sidentielle%20de%202023\/strong&amp;BODY=https:\/\/laprosperiteonline.net\/enjeux-electoraux-le-pprd-simpose-joseph-kabila-a-la-presidentielle-de-2023\/\"><\/a><\/p>\n\n\n\n<figure class=\"wp-block-image\"><img decoding=\"async\" src=\"https:\/\/laprosperiteonline.net\/wp-content\/uploads\/2023\/03\/image-91.png\" alt=\"\" class=\"wp-image-20734\"\/><\/figure>\n\n\n\n<p>Le Parti du peuple pour la reconstruction et la d\u00e9mocratie (PPRD) n\u2019est nullement \u00e9branl\u00e9 apr\u00e8s les nombreuses d\u00e9fections dans ses rangs. Le PPRD avait appel\u00e9 ses membres \u00e0 boycotter le processus \u00e9lectoral en cours. Certains de ses cadres n\u2019ont cependant pas ob\u00e9i au mot d\u2019ordre et ont rejoint l\u2019Union sacr\u00e9e.<\/p>\n\n\n\n<p>Contre toute attente, le secr\u00e9taire permanent adjoint de cet ancien parti de la majorit\u00e9 pr\u00e9sidentielle, Ferdinand Kambere, a annonc\u00e9 hier, mardi 28 mars, que Joseph Kabila est le candidat du PPRD et du FCC \u00e0 la pr\u00e9sidentielle de 2023.<\/p>\n\n\n\n<p>Pour ce haut cadre du PPRD, \u00ab&nbsp;Joseph Kabila est encore jeune, il a une vision pour la RDC et a un agenda costaud. Son exp\u00e9rience, son carnet d\u2019adresses\u2026 militent en faveur de sa candidature. Nous, en tant que parti et formation politique, notre leader reste Joseph Kabila. C\u2019est le candidat du PPRD ou du FCC&nbsp;\u00bb. Ce, avant d\u2019insister que ces \u00e9lections devront se tenir sans la configuration du bureau actuel de la Commission \u00e9lectorale nationale ind\u00e9pendante (CENI).<\/p>\n\n\n\n<p>Et de poursuivre que Denis Kadima et son \u00e9quipe devront \u00eatre pr\u00e9alablement remplac\u00e9s par des personnes issues du consensus, en vue d\u2019avoir des \u00e9lections claires, d\u00e9mocratiques, transparentes, cr\u00e9dibles et apais\u00e9es.<\/p>\n\n\n\n<p>R\u00e9pondant \u00e0 d\u2019autres questions sur cette annonce, Ferdinand Kambere s\u2019est dit fier de leur bilan au sommet du pays en fustigeant en tant qu\u2019opposant la mani\u00e8re dont est dirig\u00e9 le processus \u00e9lectoral en cours. &nbsp;\u00bb Ce qui est mis comme processus \u00e9lectoral b\u00e2cl\u00e9, il devrait \u00eatre revu si nous voulons les \u00e9lections transparentes, d\u00e9mocratiques et pacifiques. La transparence passe par une neutralit\u00e9 de la CENI&nbsp;\u00bb.<\/p>\n\n\n\n<p>Le PPRD, a-t-il martel\u00e9, d\u00e9nonce la mani\u00e8re dont la Commission \u00c9lectorale Nationale Ind\u00e9pendante que pilote Denis Kadima avait \u00e9t\u00e9 mise en place. \u00ab&nbsp;Cette CENI est comme une centrale d\u2019un parti politique qui jouit cependant des avantages du pouvoir&nbsp;\u00bb.<\/p>\n\n\n\n<p><strong>L\u2019unique sortie de Kabila<\/strong><\/p>\n\n\n\n<p>L\u2019ancien pr\u00e9sident Joseph Kabila qui a g\u00e9r\u00e9 la RDC de 2001 \u00e0 2018, soit pendant 18 ans, ne s\u2019est jamais exprim\u00e9 de mani\u00e8re officielle. L\u2019unique fois qu\u2019il s\u2019est fait voir officiellement en public fut sa rentr\u00e9e lors de la rentr\u00e9e parlementaire de septembre 2020. Il devenait ainsi le premier ancien chef de l\u2019\u00c9tat de la R\u00e9publique d\u00e9mocratique du Congo \u00e0 si\u00e9ger au s\u00e9nat apr\u00e8s avoir quitt\u00e9 la pr\u00e9sidence.<\/p>\n\n\n\n<p>Il a c\u00e9d\u00e9 le tablier le 24 janvier 2019 \u00e0 49 d\u2019\u00e2ge. La constitution congolaise accorde aux anciens pr\u00e9sidents le statut de s\u00e9nateur \u00e0 vie. Autorit\u00e9 morale de la plateforme politique Front commun pour le Congo (FCC), rest\u00e9 en coulisse une figure centrale et influente de la vie politique congolaise.<strong>Emma Muntu<\/strong><\/p>\n<div style=\"text-align:center\" class=\"wps-pgfw-pdf-generate-icon__wrapper-frontend\">\n\t\t<a href=\"https:\/\/congokin.blog?action=genpdf&amp;id=11822\" class=\"pgfw-single-pdf-download-button\" ><img src=\"https:\/\/congokin.blog\/wp-content\/plugins\/pdf-generator-for-wp\/admin\/src\/images\/PDF_Tray.svg\" title=\"G\u00e9n\u00e9rer un PDF\" style=\"width:auto; height:45px;\"><\/a>\n\t\t<\/div>","protected":false},"excerpt":{"rendered":"<p>POLITIQUE Enjeux \u00e9lectoraux&nbsp;: Le PPRD s\u2019impose Joseph Kabila \u00e0 la pr\u00e9sidentielle de 2023 Publi\u00e9 par&nbsp;La Prosp\u00e9rit\u00e9&nbsp;mars 29, 2023&nbsp;0 commentaire PARTAGER&nbsp;0 Le Parti du peuple pour la reconstruction et la d\u00e9mocratie (PPRD) n\u2019est nullement \u00e9branl\u00e9 apr\u00e8s les nombreuses d\u00e9fections dans ses rangs. Le PPRD avait appel\u00e9 ses membres \u00e0 boycotter le processus \u00e9lectoral en cours. Certains [&hellip;]<\/p>\n","protected":false},"author":9,"featured_media":0,"comment_status":"open","ping_status":"closed","sticky":false,"template":"","format":"standard","meta":{"footnotes":""},"categories":[7,8],"tags":[],"class_list":["post-11822","post","type-post","status-publish","format-standard","hentry","category-politique","category-societe"],"_links":{"self":[{"href":"https:\/\/congokin.blog\/index.php?rest_route=\/wp\/v2\/posts\/11822","targetHints":{"allow":["GET"]}}],"collection":[{"href":"https:\/\/congokin.blog\/index.php?rest_route=\/wp\/v2\/posts"}],"about":[{"href":"https:\/\/congokin.blog\/index.php?rest_route=\/wp\/v2\/types\/post"}],"author":[{"embeddable":true,"href":"https:\/\/congokin.blog\/index.php?rest_route=\/wp\/v2\/users\/9"}],"replies":[{"embeddable":true,"href":"https:\/\/congokin.blog\/index.php?rest_route=%2Fwp%2Fv2%2Fcomments&post=11822"}],"version-history":[{"count":1,"href":"https:\/\/congokin.blog\/index.php?rest_route=\/wp\/v2\/posts\/11822\/revisions"}],"predecessor-version":[{"id":11823,"href":"https:\/\/congokin.blog\/index.php?rest_route=\/wp\/v2\/posts\/11822\/revisions\/11823"}],"wp:attachment":[{"href":"https:\/\/congokin.blog\/index.php?rest_route=%2Fwp%2Fv2%2Fmedia&parent=11822"}],"wp:term":[{"taxonomy":"category","embeddable":true,"href":"https:\/\/congokin.blog\/index.php?rest_route=%2Fwp%2Fv2%2Fcategories&post=11822"},{"taxonomy":"post_tag","embeddable":true,"href":"https:\/\/congokin.blog\/index.php?rest_route=%2Fwp%2Fv2%2Ftags&post=11822"}],"curies":[{"name":"wp","href":"https:\/\/api.w.org\/{rel}","templated":true}]}}