{"id":11858,"date":"2023-04-06T00:08:24","date_gmt":"2023-04-06T00:08:24","guid":{"rendered":"https:\/\/congokin.blog\/?p=11858"},"modified":"2023-04-06T00:08:25","modified_gmt":"2023-04-06T00:08:25","slug":"en-rdc-lex-chef-de-guerre-jean-pierre-bemba-devient-ministre-de-la-defense","status":"publish","type":"post","link":"https:\/\/congokin.blog\/?p=11858","title":{"rendered":"En RDC, l\u2019ex-chef de guerre Jean-Pierre Bemba devient ministre de la d\u00e9fense"},"content":{"rendered":"\n<h1 class=\"wp-block-heading\">En RDC, l\u2019ex-chef de guerre Jean-Pierre Bemba devient ministre de la d\u00e9fense<\/h1>\n\n\n\n<p>Condamn\u00e9 en&nbsp;2016&nbsp;pour \u00ab&nbsp;crimes de guerre&nbsp;\u00bb et \u00ab&nbsp;crimes contre l\u2019humanit\u00e9&nbsp;\u00bb par la Cour p\u00e9nale internationale, Jean-Pierre Bemba a \u00e9t\u00e9 acquitt\u00e9 en&nbsp;2018&nbsp;en appel. Sa nomination au gouvernement de RDC est une surprise.<\/p>\n\n\n\n<p id=\"js-authors-trigger\">Par <a href=\"\/signataires\/patient-ligodi\/\">Patient Ligodi<\/a>(Kinshasa, correspondance) et <a href=\"\/signataires\/christophe-chatelot\/\">Christophe Ch\u00e2telot<\/a> Publi\u00e9 hier \u00e0 02h14, modifi\u00e9 hier \u00e0 08h43<\/p>\n\n\n\n<figure class=\"wp-block-image is-style-zoooom\"><img decoding=\"async\" src=\"https:\/\/img.lemde.fr\/2023\/04\/04\/0\/0\/4098\/2520\/664\/0\/75\/0\/33cc179_1680621309548-2019-06-23t144815z-1552432400-rc166c0e3520-rtrmadp-3-congo-politics.JPG\" alt=\"Jean-Pierre Bemba salue ses partisans \u00e0 son arriv\u00e9e \u00e0 l\u2019a\u00e9roport international de N\u2019djili, \u00e0 Kinshasa, le 23 juin 2019.\"\/><figcaption class=\"wp-element-caption\">Jean-Pierre Bemba salue ses partisans \u00e0 son arriv\u00e9e \u00e0 l\u2019a\u00e9roport international de N\u2019djili, \u00e0 Kinshasa, le 23 juin 2019. KENNY KATOMBE \/ REUTERS<\/figcaption><\/figure>\n\n\n\n<p>A huit mois de l\u2019\u00e9lection pr\u00e9sidentielle en R\u00e9publique d\u00e9mocratique du Congo (RDC), le chef de l\u2019Etat, F\u00e9lix Tshisekedi, candidat \u00e0 sa succession, se met en ordre de bataille. Le remaniement minist\u00e9riel annonc\u00e9 dans la nuit du 23 au 24&nbsp;mars se lit au travers de ce prisme \u00e9lectoral. Certes, Jean-Michel Sama Lukonde reste premier ministre. Mais la nouvelle \u00e9quipe s\u2019enrichit du retour sur le devant de la sc\u00e8ne de plusieurs poids lourds de la politique congolaise aux carri\u00e8res tumultueuses, dont certains ont \u00e9t\u00e9 poursuivis par des juridictions nationales ou internationales.<\/p>\n\n\n\n<p>Ainsi en est-il du nouveau vice-premier ministre et ministre de la d\u00e9fense, Jean-Pierre Bemba, c\u00e9l\u00e8bre en RDC mais dont la nomination a constitu\u00e9 une surprise tant il semblait marginalis\u00e9 politiquement r\u00e9cemment. <em>\u00ab&nbsp;Est-ce qu\u2019on peut dire que la page d\u2019un homme politique est d\u00e9finitivement tourn\u00e9e&nbsp;? J\u2019en sais quelque chose\u2026&nbsp;\u00bb<\/em>, d\u00e9clarait-il allusivement dans un entretien accord\u00e9, en&nbsp;2022, \u00e0 la cha\u00eene fran\u00e7aise France 24. Quatre ans auparavant, il tournait encore en rond dans une cellule de la Cour p\u00e9nale internationale (CPI) de la&nbsp;Haye, o\u00f9 il aura pass\u00e9 dix ans (2008-2018) de sa vie. Jusqu\u2019\u00e0 ce que <a href=\"https:\/\/www.lemonde.fr\/international\/article\/2018\/06\/08\/l-ex-vice-president-congolais-jean-pierre-bemba-acquitte-des-crimes-de-guerre-et-crimes-contre-l-humanite-en-centrafrique-par-la-cpi_5311909_3210.html\">les juges internationaux l\u2019acquittent en appel<\/a>.<\/p>\n\n\n\n<p>Ce fils de Jeannot Bemba Saolona, un puissant homme d\u2019affaires congolais qui fut le patron des patrons de RDC, avait \u00e9t\u00e9 condamn\u00e9 en premi\u00e8re instance par la CPI \u00e0 dix-huit ans d\u2019emprisonnement pour des \u00ab&nbsp;crimes de guerre&nbsp;\u00bb et des \u00ab&nbsp;crimes contre l\u2019humanit\u00e9&nbsp;\u00bb commis par ses troupes en R\u00e9publique centrafricaine en&nbsp;2002. A l\u2019\u00e9poque, Jean-Pierre Bemba \u00e9tait \u00e0 la t\u00eate d\u2019une organisation politico-militaire, le Mouvement de lib\u00e9ration du Congo (MLC), soutenue et arm\u00e9e par l\u2019Ouganda. Il combattait alors le pr\u00e9sident congolais Laurent-D\u00e9sir\u00e9 Kabila (1997-2001), contr\u00f4lait un fief s\u2019\u00e9tendant entre le nord et l\u2019est du pays.<\/p>\n\n\n\n<h2 class=\"wp-block-heading\">\u00ab&nbsp;J\u2019ai appris \u00e0 \u00eatre plus patient&nbsp;\u00bb<\/h2>\n\n\n\n<p>Lorsque Joseph Kabila prend la succession de son p\u00e8re, en&nbsp;2001, Jean-Pierre Bemba troque sa casquette de chef de guerre pour un costume de vice-pr\u00e9sident de la R\u00e9publique \u00e0 la faveur de n\u00e9gociations de partage du pouvoir. Mais Kabila et Bemba se d\u00e9testent. En&nbsp;2006, leur rivalit\u00e9 dans les urnes tourne en faveur de Joseph Kabila. Les deux camps s\u2019affrontent dans Kinshasa. Jean-Pierre Bemba doit s\u2019exiler. Inculp\u00e9 par la CPI, il est arr\u00eat\u00e9.<\/p>\n\n\n\n<p>Quand il rentre en RDC en&nbsp;2018, cet animal politique tente de rattraper le temps perdu. Dans la foul\u00e9e, il annonce sa candidature \u00e0 la pr\u00e9sidentielle pr\u00e9vue quelques mois plus tard. La foule immense venue l\u2019accueillir \u00e0 l\u2019a\u00e9roport de N\u2019djili le conforte dans son ambition, mais sa candidature est finalement rejet\u00e9e. <em>\u00ab&nbsp;J\u2019ai appris \u00e0 \u00eatre plus patient, le temps vous y contraint&nbsp;\u00bb<\/em>, disait-il \u00e0 sa sortie de prison, tout en rappelant son <em>\u00ab&nbsp;exp\u00e9rience dans la gestion et la s\u00e9curisation des territoires&nbsp;\u00bb<\/em>. Lire aussi : <a href=\"https:\/\/www.lemonde.fr\/afrique\/article\/2019\/03\/12\/le-congolais-jean-pierre-bemba-presente-sa-facture-a-la-cour-penale-internationale_5434787_3212.html\">Le Congolais Jean-Pierre Bemba pr\u00e9sente sa facture \u00e0 la Cour p\u00e9nale internationale<\/a><\/p>\n\n\n\n<p>D\u2019abord dans l\u2019opposition, il rallie la majorit\u00e9 de F\u00e9lix Tshisekedi fin 2020. Cet homme imposant et charismatique n\u2019a eu de cesse d\u2019\u00e9viter la lumi\u00e8re ces derni\u00e8res ann\u00e9es. Il conseille le pr\u00e9sident congolais, mais reste discret et n\u2019h\u00e9site pas \u00e0 critiquer en coulisses certains des choix du pr\u00e9sident, dont la gestion de la crise dans l\u2019Est.<\/p>\n\n\n\n<p>Voici d\u00e9sormais Jean-Pierre Bemba face \u00e0 ses responsabilit\u00e9s. Il a un temps laiss\u00e9 planer le doute sur sa candidature \u00e0 la pr\u00e9sidentielle, dont la date a \u00e9t\u00e9 fix\u00e9e au 20&nbsp;d\u00e9cembre&nbsp;2023, mais a accept\u00e9 de se saisir, dans l\u2019imm\u00e9diat, du dossier le plus complexe du pays. Une <em>\u00ab&nbsp;campagne \u00e9lectorale co\u00fbte cher et l\u2019ancien chef de guerre doit se reconstituer un tr\u00e9sor&nbsp;\u00bb<\/em>, glisse un observateur \u00e0 Kinshasa. Lire aussi : <a href=\"https:\/\/www.lemonde.fr\/afrique\/article\/2023\/04\/04\/rdc-les-forces-ougandaises-prennent-le-controle-de-bunagana-apres-le-depart-du-m23_6168179_3212.html\">RDC&nbsp;: les forces ougandaises prennent le contr\u00f4le de Bunagana apr\u00e8s le d\u00e9part du M23<\/a><\/p>\n\n\n\n<h2 class=\"wp-block-heading\">Un risque politique<\/h2>\n\n\n\n<p>Depuis la nouvelle offensive du&nbsp;<a href=\"https:\/\/www.lemonde.fr\/afrique\/article\/2023\/03\/14\/en-rdc-l-impossible-cessez-le-feu-souligne-l-impasse-diplomatique_6165427_3212.html\">Mouvement du 23&nbsp;mars<\/a> (M23) en novembre&nbsp;2021, la crise dans l\u2019est de la RDC est au c\u0153ur des tensions nationales et r\u00e9gionales. Pour tenter d\u2019apaiser la situation, Bemba pourra compter sur son influence sur une partie de l\u2019arm\u00e9e et sur sa r\u00e9putation de tacticien. Il a aussi des r\u00e9seaux r\u00e9gionaux, du pr\u00e9sident ougandais, Yoweri Museveni, \u00e0 Uhuru Kenyatta, l\u2019ancien pr\u00e9sident k\u00e9nyan, m\u00e9diateur en RDC. Mais en repassant en premi\u00e8re ligne, Jean-Pierre Bemba prend un risque politique face \u00e0 l\u2019ampleur de la t\u00e2che. <em>\u00ab&nbsp;Sa popularit\u00e9, y compris dans son fief de la r\u00e9gion de l\u2019Equateur <\/em>[Nord]<em>, n\u2019est plus ce qu\u2019elle \u00e9tait&nbsp;\u00bb<\/em>, poursuit l\u2019observateur. Cette nomination est bien moins risqu\u00e9e pour F\u00e9lix Tshisekedi, qui s\u2019assure de la fid\u00e9lit\u00e9 de cet alli\u00e9 \u00e0 neuf mois de la pr\u00e9sidentielle, alors que le scrutin se jouera en partie sur l\u2019\u00e9volution de la crise dans l\u2019est du pays.<\/p>\n<div style=\"text-align:center\" class=\"wps-pgfw-pdf-generate-icon__wrapper-frontend\">\n\t\t<a href=\"https:\/\/congokin.blog?action=genpdf&amp;id=11858\" class=\"pgfw-single-pdf-download-button\" ><img src=\"https:\/\/congokin.blog\/wp-content\/plugins\/pdf-generator-for-wp\/admin\/src\/images\/PDF_Tray.svg\" title=\"G\u00e9n\u00e9rer un PDF\" style=\"width:auto; height:45px;\"><\/a>\n\t\t<\/div>","protected":false},"excerpt":{"rendered":"<p>En RDC, l\u2019ex-chef de guerre Jean-Pierre Bemba devient ministre de la d\u00e9fense Condamn\u00e9 en&nbsp;2016&nbsp;pour \u00ab&nbsp;crimes de guerre&nbsp;\u00bb et \u00ab&nbsp;crimes contre l\u2019humanit\u00e9&nbsp;\u00bb par la Cour p\u00e9nale internationale, Jean-Pierre Bemba a \u00e9t\u00e9 acquitt\u00e9 en&nbsp;2018&nbsp;en appel. Sa nomination au gouvernement de RDC est une surprise. Par Patient Ligodi(Kinshasa, correspondance) et Christophe Ch\u00e2telot Publi\u00e9 hier \u00e0 02h14, modifi\u00e9 hier [&hellip;]<\/p>\n","protected":false},"author":8,"featured_media":0,"comment_status":"open","ping_status":"closed","sticky":false,"template":"","format":"standard","meta":{"footnotes":""},"categories":[2,7,8],"tags":[],"class_list":["post-11858","post","type-post","status-publish","format-standard","hentry","category-analyse","category-politique","category-societe"],"_links":{"self":[{"href":"https:\/\/congokin.blog\/index.php?rest_route=\/wp\/v2\/posts\/11858","targetHints":{"allow":["GET"]}}],"collection":[{"href":"https:\/\/congokin.blog\/index.php?rest_route=\/wp\/v2\/posts"}],"about":[{"href":"https:\/\/congokin.blog\/index.php?rest_route=\/wp\/v2\/types\/post"}],"author":[{"embeddable":true,"href":"https:\/\/congokin.blog\/index.php?rest_route=\/wp\/v2\/users\/8"}],"replies":[{"embeddable":true,"href":"https:\/\/congokin.blog\/index.php?rest_route=%2Fwp%2Fv2%2Fcomments&post=11858"}],"version-history":[{"count":1,"href":"https:\/\/congokin.blog\/index.php?rest_route=\/wp\/v2\/posts\/11858\/revisions"}],"predecessor-version":[{"id":11859,"href":"https:\/\/congokin.blog\/index.php?rest_route=\/wp\/v2\/posts\/11858\/revisions\/11859"}],"wp:attachment":[{"href":"https:\/\/congokin.blog\/index.php?rest_route=%2Fwp%2Fv2%2Fmedia&parent=11858"}],"wp:term":[{"taxonomy":"category","embeddable":true,"href":"https:\/\/congokin.blog\/index.php?rest_route=%2Fwp%2Fv2%2Fcategories&post=11858"},{"taxonomy":"post_tag","embeddable":true,"href":"https:\/\/congokin.blog\/index.php?rest_route=%2Fwp%2Fv2%2Ftags&post=11858"}],"curies":[{"name":"wp","href":"https:\/\/api.w.org\/{rel}","templated":true}]}}