{"id":11863,"date":"2023-04-07T16:39:22","date_gmt":"2023-04-07T16:39:22","guid":{"rendered":"https:\/\/congokin.blog\/?p=11863"},"modified":"2023-04-07T16:39:22","modified_gmt":"2023-04-07T16:39:22","slug":"a-loif-louise-mushikiwabo-et-le-canada-en-conflit-ouvert","status":"publish","type":"post","link":"https:\/\/congokin.blog\/?p=11863","title":{"rendered":"\u00c0 l\u2019OIF, Louise Mushikiwabo et le Canada en conflit ouvert"},"content":{"rendered":"\n<p>POLITIQUE<\/p>\n\n\n\n<h1 class=\"wp-block-heading\">\u00c0 l\u2019OIF, Louise Mushikiwabo et le Canada en conflit ouvert<\/h1>\n\n\n\n<h2 class=\"wp-block-heading\">La d\u00e9cision de la secr\u00e9taire g\u00e9n\u00e9rale de ne pas reconduire Geoffroi Montpetit comme administrateur de l\u2019organisation francophone a provoqu\u00e9 un regain de tension avec Ottawa, qui vient de d\u00e9cider de revoir sa contribution financi\u00e8re \u00e0 la baisse.<\/h2>\n\n\n\n<p>7 avril 2023 \u00e0 14:17<\/p>\n\n\n\n<p>Par&nbsp;<a href=\"https:\/\/www.jeuneafrique.com\/auteurs\/o.caslin\/\">Olivier Caslin<\/a><\/p>\n\n\n\n<p>Mis \u00e0 jour le 7 avril 2023 \u00e0 14:17<\/p>\n\n\n\n<figure class=\"wp-block-image\"><img decoding=\"async\" src=\"https:\/\/prod.cdn-medias.jeuneafrique.com\/cdn-cgi\/image\/q=100,f=auto,metadata=none,width=1256,height=628\/https:\/\/prod.cdn-medias.jeuneafrique.com\/medias\/2023\/04\/06\/jad20230406-conf-oif-mushikiwabo-1256x628-1680791482.jpg\" alt=\"\"\/><figcaption class=\"wp-element-caption\">La secr\u00e9taire g\u00e9n\u00e9rale de la francophonie, Louise Louise Mushikiwabo, le 19 novembre 2022 \u00e0 Djerba. Secretary General of Organisation Internationale de la Francophonie (OIF) Louise Mushikiwabo (C) attends the first working session of the 18th Francophone countries Summit in Djerba on November 19, 2022. \u00a9 LUDOVIC MARIN\/POOL\/AFP<\/figcaption><\/figure>\n\n\n\n<p>La non-reconduction, au d\u00e9but de mars, de<strong>&nbsp;Geoffroi Montpetit<\/strong>&nbsp;au poste d\u2019administrateur semble avoir envenim\u00e9 les relations entre l\u2019Organisation internationale de la Francophonie et le Canada. Dernier \u00e9pisode en date, la lettre, dat\u00e9e du 2 avril, dans laquelle&nbsp;<strong>M\u00e9lanie Joly<\/strong>, la ministre f\u00e9d\u00e9rale des Affaires \u00e9trang\u00e8res, annonce \u00e0&nbsp;<strong>Louise Mushikiwabo<\/strong>, la secr\u00e9taire g\u00e9n\u00e9rale de l\u2019OIF, la volont\u00e9 d\u2019Ottawa de r\u00e9duire de 3 millions de dollars canadiens (2,04 millions d\u2019euros) sa contribution financi\u00e8re \u00e0 l\u2019organisation \u00ab&nbsp;pour au moins une ann\u00e9e&nbsp;\u00bb.\u00c0 LIRE<a href=\"https:\/\/www.jeuneafrique.com\/1430430\/politique\/a-loif-louise-mushikiwabo-decrete-letat-durgence-financier\/\">\u00c0 l\u2019OIF, Louise Mushikiwabo d\u00e9cr\u00e8te l\u2019\u00e9tat d\u2019urgence financier<\/a><\/p>\n\n\n\n<p>La cheffe de la diplomatie canadienne justifie cette d\u00e9cision \u2013 in\u00e9dite dans l\u2019histoire de l\u2019OIF \u2013 par la parution d\u2019un sondage interne sur le climat de travail au sein de l\u2019organisation et qui, selon elle, r\u00e9v\u00e8lerait des \u00ab&nbsp;faits troublants&nbsp;\u00bb, notamment en mati\u00e8re de harc\u00e8lement moral et sexuel, \u00ab&nbsp;sur lesquels le Canada a une tol\u00e9rance z\u00e9ro&nbsp;\u00bb.<\/p>\n\n\n\n<h2 class=\"wp-block-heading\">\u00ab&nbsp;P\u00e9tage de plombs&nbsp;\u00bb<\/h2>\n\n\n\n<p>Cette consultation, qui a \u00e9t\u00e9 command\u00e9e \u00e0 la fin de 2022&nbsp;par&nbsp;Geoffroi Montpetit avec l\u2019aval de Louise Mushikiwabo, et pour laquelle pr\u00e8s des deux tiers des salari\u00e9s de l\u2019OIF ont \u00e9t\u00e9 interrog\u00e9s, a vu ses r\u00e9sultats d\u00e9voiler quelques jours seulement avant la fin du contrat du num\u00e9ro 2 de l\u2019organisation, le 10 mars.<\/p>\n\n\n\n<p>Montpetit, qui \u00e9tait d\u00e9j\u00e0 au courant de son d\u00e9part, aurait pr\u00e9f\u00e9r\u00e9 envoyer les r\u00e9sultats collect\u00e9s directement \u00e0 Ottawa, plut\u00f4t que sur le bureau de sa sup\u00e9rieure. La presse canadienne s\u2019est empar\u00e9e de l\u2019affaire et la pol\u00e9mique est rest\u00e9e circonscrite outre-Atlantique, avant que M\u00e9lanie Joly n\u2019envoie sa lettre \u00e0 Paris. Une d\u00e9marche qualifi\u00e9e de \u00ab&nbsp;p\u00e9tage de plomb&nbsp;\u00bb par plusieurs responsables de l\u2019OIF et un certain nombre d\u2019ambassadeurs de ses pays membres. Du c\u00f4t\u00e9 du secr\u00e9tariat g\u00e9n\u00e9ral, seule la m\u00e9thode a surpris. \u00ab&nbsp;D\u00e8s qu\u2019il a \u00e9t\u00e9 d\u00e9cid\u00e9, en d\u00e9cembre 2022, de ne pas conserver Geoffroi Montpetit, le Canada a plusieurs fois menac\u00e9 Louise Mushikiwabo de repr\u00e9sailles&nbsp;\u00bb, assure un membre du cabinet de celle-ci. La secr\u00e9taire g\u00e9n\u00e9rale a d\u2019ailleurs repris ce terme dans sa r\u00e9ponse \u00e0 M\u00e9lanie Joly, r\u00e9dig\u00e9e le 6 avril.\u00c0 LIRE<a href=\"https:\/\/www.jeuneafrique.com\/mag\/912671\/politique\/louise-mushikiwabo-oif-personne-ne-me-dicte-ma-conduite\/\">Louise Mushikiwabo (OIF)&nbsp;: \u00ab&nbsp;Personne ne me dicte ma conduite&nbsp;\u00bb<\/a><\/p>\n\n\n\n<p>Lors du Conseil permanent de la francophonie (CPF) du 21 mars, devant confirmer la nomination de la Qu\u00e9b\u00e9coise&nbsp;<strong>Caroline St-Hilaire<\/strong>&nbsp;au poste d\u2019administratrice, la sherpa envoy\u00e9e par le gouvernement canadien,&nbsp;<strong>Isabelle Hudon<\/strong>, a publiquement interpell\u00e9 la secr\u00e9taire g\u00e9n\u00e9rale sur les r\u00e9sultats du sondage. Selon une source canadienne, cette derni\u00e8re \u00ab&nbsp;a \u00e9vacu\u00e9 le sujet en remettant en cause la m\u00e9thodologie, ce qui n\u2019est vraiment pas rassurant&nbsp;\u00bb.<\/p>\n\n\n\n<p>\u00ab&nbsp;Cette consultation a \u00e9t\u00e9 men\u00e9e aupr\u00e8s de personnes qui travaillaient pour l\u2019OIF depuis parfois vingt ans, ces probl\u00e8mes n\u2019existent donc pas depuis 2019 et l\u2019arriv\u00e9e de Louise Mushikiwabo \u00e0 la t\u00eate de l\u2019organisation, qu\u2019elle cherche justement \u00e0 transformer&nbsp;\u00bb,&nbsp;<a href=\"https:\/\/www.jeuneafrique.com\/1351790\/politique\/oria-kije-vande-weghe-oif-non-louise-mushikiwabo-ne-manoeuvre-pas-pour-faciliter-sa-reelection\/\">d\u00e9fend<strong>&nbsp;Oria Vande Weghe<\/strong>, la porte-parole de l\u2019OIF<\/a>.<\/p>\n\n\n\n<p>Sur ce point aussi, les d\u00e9cisions de la secr\u00e9taire g\u00e9n\u00e9rale agacent Ottawa. Dans&nbsp;sa&nbsp;lettre, M\u00e9lanie Joly regrette ainsi que la secr\u00e9taire g\u00e9n\u00e9rale ait \u00ab&nbsp;profit\u00e9 des deux semaines de flottement qui ont pr\u00e9c\u00e9d\u00e9 l\u2019entr\u00e9e en fonction de Caroline St-Hilaire pour lui retirer le choix des repr\u00e9sentations \u00e0 l\u2019international&nbsp;\u00bb. Une d\u00e9cision qui a en r\u00e9alit\u00e9 \u00e9t\u00e9 prise par la Rwandaise d\u00e8s 2019, et qui n\u2019avait, jusqu\u2019alors, pas provoqu\u00e9 l\u2019ire canadienne.<\/p>\n\n\n\n<h2 class=\"wp-block-heading\">Double r\u00e8glement de comptes ?<\/h2>\n\n\n\n<p>\u00ab&nbsp;L\u2019argumentation canadienne est incoh\u00e9rente&nbsp;\u00bb, juge un membre de la direction de l\u2019OIF, d\u00e9non\u00e7ant \u00e9galement l\u2019attitude d\u2019Ottawa, qui plut\u00f4t que de saisir les instances existantes au sein de l\u2019organisation pour demander une enqu\u00eate, \u00ab&nbsp;brandit tout de suite la sanction&nbsp;\u00bb.&nbsp;<a href=\"https:\/\/www.jeuneafrique.com\/1428971\/politique\/a-loif-louise-mushikiwabo-choisit-sa-numero-deux\/\">Caroline de St-Hilaire a donc vu son pays gr\u00e9ver son budget de 3 millions de dollars canadiens<\/a>, deux jours seulement avant son arriv\u00e9e officielle \u00e0 Paris, le 4 avril. Beaucoup d\u2019observateurs estiment d\u2019ailleurs en interne que, derri\u00e8re le r\u00e8glement de comptes entre le Canada et le secr\u00e9tariat g\u00e9n\u00e9ral de l\u2019OIF, se cacherait aussi un diff\u00e9rend entre Ottawa et Qu\u00e9bec.\u00c0 LIRE<a href=\"https:\/\/www.jeuneafrique.com\/1428971\/politique\/a-loif-louise-mushikiwabo-choisit-sa-numero-deux\/\">\u00c0 l\u2019OIF, Louise Mushikiwabo choisit sa num\u00e9ro deux<\/a><\/p>\n\n\n\n<p>Si la contribution totale du Canada se chiffre \u00e0 15 millions de dollars canadiens chaque ann\u00e9e, ces 3 millions correspondent \u00e0 un versement suppl\u00e9mentaire et volontaire d\u00e9caiss\u00e9 par Ottawa pour financer des projets de d\u00e9veloppement dans les pays membres. \u00ab&nbsp;Il sera revers\u00e9 \u00e0 d\u2019autres op\u00e9rateurs et institutions engag\u00e9s aupr\u00e8s des populations francophones, assure la ministre dans son courrier. En esp\u00e9rant voir des changements tangibles dans les prochaines semaines et prochains mois&nbsp;\u00bb.<\/p>\n\n\n\n<p>Dans sa propre lettre, Louise Mushikiwabo tient \u00e0 rassurer la ministre f\u00e9d\u00e9rale sur ce point. Apr\u00e8s avoir longuement mis le gouvernement canadien devant ses propres contradictions, elle conclut en assurant qu\u2019elle allait poursuivre \u00ab&nbsp;les avanc\u00e9es en mati\u00e8re de transformation de la gestion de l\u2019organisation&nbsp;\u00bb, qui lui avaient valu d\u2019\u00eatre f\u00e9licit\u00e9e lors de la Conf\u00e9rence minist\u00e9rielle de Djerba en novembre, et \u00ab&nbsp;\u00e0 laquelle [la ministre avait]&nbsp;pris&nbsp;part&nbsp;\u00bb.<\/p>\n<div style=\"text-align:center\" class=\"wps-pgfw-pdf-generate-icon__wrapper-frontend\">\n\t\t<a href=\"https:\/\/congokin.blog?action=genpdf&amp;id=11863\" class=\"pgfw-single-pdf-download-button\" ><img src=\"https:\/\/congokin.blog\/wp-content\/plugins\/pdf-generator-for-wp\/admin\/src\/images\/PDF_Tray.svg\" title=\"G\u00e9n\u00e9rer un PDF\" style=\"width:auto; height:45px;\"><\/a>\n\t\t<\/div>","protected":false},"excerpt":{"rendered":"<p>POLITIQUE \u00c0 l\u2019OIF, Louise Mushikiwabo et le Canada en conflit ouvert La d\u00e9cision de la secr\u00e9taire g\u00e9n\u00e9rale de ne pas reconduire Geoffroi Montpetit comme administrateur de l\u2019organisation francophone a provoqu\u00e9 un regain de tension avec Ottawa, qui vient de d\u00e9cider de revoir sa contribution financi\u00e8re \u00e0 la baisse. 7 avril 2023 \u00e0 14:17 Par&nbsp;Olivier Caslin [&hellip;]<\/p>\n","protected":false},"author":9,"featured_media":0,"comment_status":"open","ping_status":"closed","sticky":false,"template":"","format":"standard","meta":{"footnotes":""},"categories":[3,8],"tags":[],"class_list":["post-11863","post","type-post","status-publish","format-standard","hentry","category-diplomatie","category-societe"],"_links":{"self":[{"href":"https:\/\/congokin.blog\/index.php?rest_route=\/wp\/v2\/posts\/11863","targetHints":{"allow":["GET"]}}],"collection":[{"href":"https:\/\/congokin.blog\/index.php?rest_route=\/wp\/v2\/posts"}],"about":[{"href":"https:\/\/congokin.blog\/index.php?rest_route=\/wp\/v2\/types\/post"}],"author":[{"embeddable":true,"href":"https:\/\/congokin.blog\/index.php?rest_route=\/wp\/v2\/users\/9"}],"replies":[{"embeddable":true,"href":"https:\/\/congokin.blog\/index.php?rest_route=%2Fwp%2Fv2%2Fcomments&post=11863"}],"version-history":[{"count":1,"href":"https:\/\/congokin.blog\/index.php?rest_route=\/wp\/v2\/posts\/11863\/revisions"}],"predecessor-version":[{"id":11864,"href":"https:\/\/congokin.blog\/index.php?rest_route=\/wp\/v2\/posts\/11863\/revisions\/11864"}],"wp:attachment":[{"href":"https:\/\/congokin.blog\/index.php?rest_route=%2Fwp%2Fv2%2Fmedia&parent=11863"}],"wp:term":[{"taxonomy":"category","embeddable":true,"href":"https:\/\/congokin.blog\/index.php?rest_route=%2Fwp%2Fv2%2Fcategories&post=11863"},{"taxonomy":"post_tag","embeddable":true,"href":"https:\/\/congokin.blog\/index.php?rest_route=%2Fwp%2Fv2%2Ftags&post=11863"}],"curies":[{"name":"wp","href":"https:\/\/api.w.org\/{rel}","templated":true}]}}