{"id":11865,"date":"2023-04-07T16:47:10","date_gmt":"2023-04-07T16:47:10","guid":{"rendered":"https:\/\/congokin.blog\/?p=11865"},"modified":"2023-04-07T16:47:10","modified_gmt":"2023-04-07T16:47:10","slug":"en-rdc-six-hommes-condamnes-a-la-perpetuite-pour-le-meurtre-de-lambassadeur-ditalie","status":"publish","type":"post","link":"https:\/\/congokin.blog\/?p=11865","title":{"rendered":"En RDC, six hommes condamn\u00e9s \u00e0 la perp\u00e9tuit\u00e9 pour le meurtre de l\u2019ambassadeur d\u2019Italie"},"content":{"rendered":"\n<p>POLITIQUE<\/p>\n\n\n\n<h1 class=\"wp-block-heading\">En RDC, six hommes condamn\u00e9s \u00e0 la perp\u00e9tuit\u00e9 pour le meurtre de l\u2019ambassadeur d\u2019Italie<\/h1>\n\n\n\n<h2 class=\"wp-block-heading\">\u00c0 l\u2019issue d\u2019un proc\u00e8s devant la justice militaire, six Congolais ont \u00e9t\u00e9 condamn\u00e9s \u00e0 la r\u00e9clusion criminelle \u00e0 perp\u00e9tuit\u00e9 dans une affaire qui conserve de nombreuses zones d\u2019ombre.<\/h2>\n\n\n\n<p>7 avril 2023 \u00e0 17:26<\/p>\n\n\n\n<p>Par&nbsp;<em>Jeune Afrique<\/em><\/p>\n\n\n\n<p>Mis \u00e0 jour le 7 avril 2023 \u00e0 17:28<\/p>\n\n\n\n<figure class=\"wp-block-image\"><img decoding=\"async\" src=\"https:\/\/prod.cdn-medias.jeuneafrique.com\/cdn-cgi\/image\/q=100,f=auto,metadata=none,width=1256,height=628\/https:\/\/prod.cdn-medias.jeuneafrique.com\/medias\/2023\/04\/07\/proces-rdc-assassinat-ambassadeur-italie-1256x628-1680877136.jpg\" alt=\"\"\/><figcaption class=\"wp-element-caption\">Deux des accus\u00e9s du meurtre de Luca Attanasio et leurs avocats, lors d\u2019une audience de leur proc\u00e8s \u00e0 la prison militaire de Ndolo, \u00e0 Kinshasa, le 15 f\u00e9vrier 2023. \u00a9 ALEXIS HUGUET \/ AFP<\/figcaption><\/figure>\n\n\n\n<p>Le tribunal militaire de la garnison de Kinshasa-Gombe a rendu sa d\u00e9cision en audience publique, vendredi 7 avril. Le verdict a \u00e9t\u00e9 lu en pr\u00e9sence de cinq accus\u00e9s : Andr\u00e9 Murwanashaka Mushahara, Issa Seba Nyani, Antoine Bahati Kiboko, Amidu Sembinja Babu alias Samuel Ombeni et Prince Marco Shimiyimana \u2013 le sixi\u00e8me \u00e9tant en fuite.<\/p>\n\n\n\n<p>Pr\u00e9sent\u00e9s comme membres d\u2019une bande de criminels de droit commun, coupeurs de route et kidnappeurs, tous ont \u00e9t\u00e9 condamn\u00e9s \u00e0 la r\u00e9clusion \u00e0 perp\u00e9tuit\u00e9 pour l\u2019assassinat, le 22 f\u00e9vrier 2021, de l\u2019ambassadeur d\u2019Italie en RDC, Luca Attanasio, de son garde du corps italien, le carabinier Vittorio Iacovacci, et d\u2019un chauffeur congolais du Programme alimentaire mondial (PAM), Mustapha Milambo.\u00c0 LIRE<a href=\"https:\/\/www.jeuneafrique.com\/1125912\/politique\/rdc-ce-que-lon-sait-de-lattaque-qui-a-coute-la-vie-a-lambassadeur-ditalie\/\">RDC : ce que l\u2019on sait de l\u2019attaque qui a co\u00fbt\u00e9 la vie \u00e0 l\u2019ambassadeur d\u2019Italie<\/a><\/p>\n\n\n\n<p><a href=\"https:\/\/www.jeuneafrique.com\/1425110\/politique\/peine-de-mort-requise-contre-les-accuses-du-meurtre-de-lambassadeur-ditalie-en-rdc\/\">La peine de mort avait \u00e9t\u00e9 requise par le minist\u00e8re public<\/a>&nbsp;mais n\u2019a pas \u00e9t\u00e9 retenue par le tribunal. La&nbsp;d\u00e9fense,&nbsp;qui avait plaid\u00e9 l\u2019acquittement, a imm\u00e9diatement annonc\u00e9 qu\u2019elle allait faire appel. Un autre proc\u00e8s devrait donc avoir lieu devant une cour militaire.&nbsp;<a href=\"https:\/\/www.jeuneafrique.com\/1386615\/societe\/assassinat-de-lambassadeur-ditalie-en-rdc-cinq-civils-devant-la-justice-militaire\/\">Ils \u00e9taient jug\u00e9s depuis le 12 octobre<\/a>, \u00e0 raison d\u2019une audience par semaine, dans l\u2019enceinte de la prison militaire de Ndolo, o\u00f9 ils avaient \u00e9t\u00e9 amen\u00e9s apr\u00e8s&nbsp;<a href=\"https:\/\/www.jeuneafrique.com\/1298740\/politique\/rdc-arrestation-de-suspects-du-meurtre-de-lambassadeur-italien\/\">leur arrestation en janvier 2022 dans l\u2019est du pays<\/a>.<\/p>\n\n\n\n<h2 class=\"wp-block-heading\">Embuscade pr\u00e8s du parc des Virunga<\/h2>\n\n\n\n<p>Le jour du triple meurtre, un convoi de deux v\u00e9hicules du PAM, parti de Goma, chef-lieu du Nord-Kivu, tombe dans une embuscade \u00e0 une vingtaine de km de la ville, aux abords du parc national des Virunga. R\u00e9put\u00e9 pour ses gorilles, le parc est aussi connu pour \u00eatre un repaire de groupes arm\u00e9s, dans cette r\u00e9gion en proie aux violences depuis pr\u00e8s de 30 ans.<\/p>\n\n\n\n<p>Selon le r\u00e9cit qui a \u00e9t\u00e9 fait \u00e0 l\u2019audience, le convoi est coup\u00e9 en deux. Le v\u00e9hicule dans lequel se trouve l\u2019ambassadeur est immobilis\u00e9, les assaillants tirent sur le chauffeur, dont le corps est abandonn\u00e9 au bord de la route. Les autres occupants du v\u00e9hicule sont pris en otage et conduits en brousse. Alert\u00e9s, les gardes du parc se lancent \u00e0 leur poursuite, de violents \u00e9changes de tirs s\u2019en suivent. Le garde du corps de l\u2019ambassadeur est tu\u00e9 sur le coup, le diplomate, gri\u00e8vement bless\u00e9, d\u00e9c\u00e8dera apr\u00e8s avoir \u00e9t\u00e9 transport\u00e9 dans un h\u00f4pital de Goma.<\/p>\n\n\n\n<h2 class=\"wp-block-heading\">Aveux arrach\u00e9s sous la torture ?<\/h2>\n\n\n\n<p>Le soir m\u00eame, les autorit\u00e9s de RDC accusaient les FDLR (Forces d\u00e9mocratiques de lib\u00e9ration du Rwanda), d\u2019\u00eatre responsable de cette attaque \u00ab&nbsp;terroriste&nbsp;\u00bb, ce que ces rebelles avaient ni\u00e9. Mais d\u00e9j\u00e0, d\u2019autres sources \u00e9voquaient plut\u00f4t une tentative d\u2019enl\u00e8vement,&nbsp;avec&nbsp;demande de ran\u00e7on \u00e0 la cl\u00e9, qui aurait mal tourn\u00e9.\u00c0 LIRE<a href=\"https:\/\/www.jeuneafrique.com\/1127877\/politique\/assassinat-de-lambassadeur-italien-les-fdlr-sont-forts-et-influents-mais-ils-ne-sont-pas-les-seuls\/\">Assassinat de l\u2019ambassadeur italien&nbsp;: \u00ab&nbsp;Les FDLR sont forts et influents, mais ils ne sont pas les seuls&nbsp;\u00bb<\/a><\/p>\n\n\n\n<p>Cette version a pr\u00e9valu quand, pr\u00e8s d\u2019un an plus tard, la police congolaise annon\u00e7ait l\u2019arrestation de malfaiteurs, dont ceux ayant attaqu\u00e9 le convoi de l\u2019ambassadeur. Les proc\u00e8s verbaux \u00e9tablis durant les interrogatoires de police sont sans \u00e9quivoque. Mais lors du proc\u00e8s,&nbsp;<a href=\"https:\/\/www.jeuneafrique.com\/1393852\/politique\/rdc-meurtre-de-lambassadeur-ditalie-le-principal-suspect-nie-les-accusations\/\">les accus\u00e9s ont tout ni\u00e9 en bloc<\/a>&nbsp;et affirm\u00e9 que&nbsp;<a href=\"https:\/\/www.jeuneafrique.com\/1388737\/societe\/rdc-au-proces-du-meurtre-de-lambassadeur-ditalie-le-premier-accuse-nie-en-bloc\/\">leurs aveux avaient \u00e9t\u00e9 arrach\u00e9s sous la torture<\/a>.<\/p>\n\n\n\n<h2 class=\"wp-block-heading\">Deux millions de dollars de dommages et int\u00e9r\u00eats<\/h2>\n\n\n\n<p>Ils ont r\u00e9p\u00e9t\u00e9 qu\u2019ils n\u2019avaient rien \u00e0 voir dans la mort de l\u2019ambassadeur et le proc\u00e8s n\u2019a pas permis d\u2019apporter d\u2019\u00e9l\u00e9ments nouveaux sur les circonstances, les auteurs et d\u2019\u00e9ventuels commanditaires de l\u2019embuscade. Aucun t\u00e9moin ni expert n\u2019a par ailleurs \u00e9t\u00e9 appel\u00e9 \u00e0 la barre, ce qu\u2019a d\u00e9plor\u00e9 la d\u00e9fense, qui aurait notamment voulu entendre les gardes du parc ou encore un survivant du drame, un autre employ\u00e9 du PAM.<\/p>\n\n\n\n<p>Dans ses plaidoiries, elle a estim\u00e9 que le parquet n\u2019avait prouv\u00e9 \u00ab&nbsp;ni la participation criminelle (association des malfaiteurs), ni la d\u00e9tention ill\u00e9gale d\u2019armes et munitions de guerre&nbsp;\u00bb. Partie civile au proc\u00e8s, la R\u00e9publique d\u2019Italie, hostile \u00e0 la peine de mort, avait quant \u00e0 elle demand\u00e9 que les accus\u00e9s soient \u00ab&nbsp;condamn\u00e9s \u00e0 une peine de privation de libert\u00e9&nbsp;\u00bb.\u00c0 LIRE<a href=\"https:\/\/www.jeuneafrique.com\/1127175\/politique\/rdc-comment-tshisekedi-gere-la-crise-apres-lassassinat-de-lambassadeur-italien\/\">RDC : comment Tshisekedi g\u00e8re la crise apr\u00e8s l\u2019assassinat de l\u2019ambassadeur italien&nbsp;<\/a><\/p>\n\n\n\n<p>La peine capitale est encore souvent requise et prononc\u00e9e en RDC dans des affaires de s\u00e9curit\u00e9 nationale, mais elle n\u2019est plus appliqu\u00e9e depuis 20 ans et est syst\u00e9matiquement commu\u00e9e en prison \u00e0 perp\u00e9tuit\u00e9. Le tribunal a par ailleurs accord\u00e9 \u00e0 la R\u00e9publique d\u2019Italie l\u2019\u00e9quivalent en francs congolais de deux millions de dollars au titre des dommages&nbsp;et&nbsp;int\u00e9r\u00eats.<\/p>\n\n\n\n<p><strong>(Avec AFP)<\/strong><\/p>\n<div style=\"text-align:center\" class=\"wps-pgfw-pdf-generate-icon__wrapper-frontend\">\n\t\t<a href=\"https:\/\/congokin.blog?action=genpdf&amp;id=11865\" class=\"pgfw-single-pdf-download-button\" ><img src=\"https:\/\/congokin.blog\/wp-content\/plugins\/pdf-generator-for-wp\/admin\/src\/images\/PDF_Tray.svg\" title=\"G\u00e9n\u00e9rer un PDF\" style=\"width:auto; height:45px;\"><\/a>\n\t\t<\/div>","protected":false},"excerpt":{"rendered":"<p>POLITIQUE En RDC, six hommes condamn\u00e9s \u00e0 la perp\u00e9tuit\u00e9 pour le meurtre de l\u2019ambassadeur d\u2019Italie \u00c0 l\u2019issue d\u2019un proc\u00e8s devant la justice militaire, six Congolais ont \u00e9t\u00e9 condamn\u00e9s \u00e0 la r\u00e9clusion criminelle \u00e0 perp\u00e9tuit\u00e9 dans une affaire qui conserve de nombreuses zones d\u2019ombre. 7 avril 2023 \u00e0 17:26 Par&nbsp;Jeune Afrique Mis \u00e0 jour le 7 [&hellip;]<\/p>\n","protected":false},"author":9,"featured_media":0,"comment_status":"open","ping_status":"closed","sticky":false,"template":"","format":"standard","meta":{"footnotes":""},"categories":[3,7],"tags":[],"class_list":["post-11865","post","type-post","status-publish","format-standard","hentry","category-diplomatie","category-politique"],"_links":{"self":[{"href":"https:\/\/congokin.blog\/index.php?rest_route=\/wp\/v2\/posts\/11865","targetHints":{"allow":["GET"]}}],"collection":[{"href":"https:\/\/congokin.blog\/index.php?rest_route=\/wp\/v2\/posts"}],"about":[{"href":"https:\/\/congokin.blog\/index.php?rest_route=\/wp\/v2\/types\/post"}],"author":[{"embeddable":true,"href":"https:\/\/congokin.blog\/index.php?rest_route=\/wp\/v2\/users\/9"}],"replies":[{"embeddable":true,"href":"https:\/\/congokin.blog\/index.php?rest_route=%2Fwp%2Fv2%2Fcomments&post=11865"}],"version-history":[{"count":1,"href":"https:\/\/congokin.blog\/index.php?rest_route=\/wp\/v2\/posts\/11865\/revisions"}],"predecessor-version":[{"id":11866,"href":"https:\/\/congokin.blog\/index.php?rest_route=\/wp\/v2\/posts\/11865\/revisions\/11866"}],"wp:attachment":[{"href":"https:\/\/congokin.blog\/index.php?rest_route=%2Fwp%2Fv2%2Fmedia&parent=11865"}],"wp:term":[{"taxonomy":"category","embeddable":true,"href":"https:\/\/congokin.blog\/index.php?rest_route=%2Fwp%2Fv2%2Fcategories&post=11865"},{"taxonomy":"post_tag","embeddable":true,"href":"https:\/\/congokin.blog\/index.php?rest_route=%2Fwp%2Fv2%2Ftags&post=11865"}],"curies":[{"name":"wp","href":"https:\/\/api.w.org\/{rel}","templated":true}]}}