{"id":11869,"date":"2023-04-07T17:07:27","date_gmt":"2023-04-07T17:07:27","guid":{"rendered":"https:\/\/congokin.blog\/?p=11869"},"modified":"2023-04-07T17:07:27","modified_gmt":"2023-04-07T17:07:27","slug":"en-rdc-vital-kamerhe-et-jean-pierre-bemba-font-allegeance-a-felix-tshisekedi","status":"publish","type":"post","link":"https:\/\/congokin.blog\/?p=11869","title":{"rendered":"En RDC, Vital Kamerhe et Jean-Pierre Bemba font all\u00e9geance \u00e0 F\u00e9lix Tshisekedi"},"content":{"rendered":"\n<p>POLITIQUE<\/p>\n\n\n\n<h1 class=\"wp-block-heading\">En RDC, Vital Kamerhe et Jean-Pierre Bemba font all\u00e9geance \u00e0 F\u00e9lix Tshisekedi<\/h1>\n\n\n\n<h2 class=\"wp-block-heading\">Nouvellement nomm\u00e9s au gouvernement, les patrons de l\u2019UNC et du MLC font partie des \u2013 nombreuses \u2013 personnalit\u00e9s politiques qui ont sign\u00e9 la charte de l\u2019Union sacr\u00e9e, s\u2019engageant \u00e0 soutenir le pr\u00e9sident sortant \u00e0 la prochaine pr\u00e9sidentielle.<\/h2>\n\n\n\n<p>6 avril 2023 \u00e0 11:46<\/p>\n\n\n\n<p>Par&nbsp;<a href=\"https:\/\/www.jeuneafrique.com\/auteurs\/s.bujakeratshiamala\/\">Stanis Bujakera Tshiamala<\/a><\/p>\n\n\n\n<p>Mis \u00e0 jour le 6 avril 2023 \u00e0 11:49<\/p>\n\n\n\n<figure class=\"wp-block-image\"><img decoding=\"async\" src=\"https:\/\/prod.cdn-medias.jeuneafrique.com\/cdn-cgi\/image\/q=100,f=auto,metadata=none,width=1256,height=628\/https:\/\/prod.cdn-medias.jeuneafrique.com\/medias\/2023\/04\/06\/jad20230406-ass-rdc-union-sacree-01-1256x628-1680773341.jpg\" alt=\"\"\/><figcaption class=\"wp-element-caption\">Vital Kamerhe, Jean Michel Sama, Augustin Kabuya et Jean-Pierre Bemba \u00e0 la signature de la charte de l\u2019Union sacr\u00e9e \u00e0 Kinshasa, le 5 avril 2023. \u00a9 Twitter<\/figcaption><\/figure>\n\n\n\n<p>Comme un air de d\u00e9j\u00e0-vu. Ce mercredi 5 avril, un \u00e0 un, ministres, parlementaires, acteurs politiques et membres de la soci\u00e9t\u00e9 civile se sont succ\u00e9d\u00e9 \u00e0 la tribune am\u00e9nag\u00e9e \u00e0 l\u2019h\u00f4tel Pulmann, \u00e0 Kinshasa,&nbsp;<a href=\"https:\/\/www.jeuneafrique.com\/1432768\/politique\/choix-des-candidats-sanctions-felix-tshisekedi-reglemente-lunion-sacree\/\">pour signer la charte de l\u2019Union sacr\u00e9e<\/a>&nbsp;et s\u2019engager derri\u00e8re une seule et m\u00eame candidature \u00e0 la pr\u00e9sidentielle de d\u00e9cembre prochain : celle de F\u00e9lix Tshisekedi.<\/p>\n\n\n\n<p>En 2018, au m\u00eame endroit et \u00e0 quelques mois d\u2019une autre \u00e9lection \u00e0 la magistrature supr\u00eame, c\u2019est le Front commun pour le Congo (FCC), la plateforme constitu\u00e9e&nbsp;<a href=\"https:\/\/www.jeuneafrique.com\/1420768\/politique\/entre-felix-tshisekedi-et-joseph-kabila-les-bons-offices-de-jean-kaseya-patron-dafrica-cdc\/\">autour de Joseph Kabila,<\/a>&nbsp;qui avait organis\u00e9 la m\u00eame c\u00e9r\u00e9monie d\u2019all\u00e9geance. \u00c0 la diff\u00e9rence pr\u00e8s que c\u2019est au pr\u00e9sident de l\u2019\u00e9poque et \u00e0 ses choix que les uns et les autres avaient promis fid\u00e9lit\u00e9 \u2013 avec le succ\u00e8s que l\u2019on sait.\u00c0 LIRE<a href=\"https:\/\/www.jeuneafrique.com\/1430586\/politique\/en-rdc-la-spectaculaire-remontada-de-vital-kamerhe\/\">En RDC, la spectaculaire remontada de Vital Kamerhe<\/a><\/p>\n\n\n\n<p>Cr\u00e9\u00e9e en 2021 par F\u00e9lix Tshisekedi alors que celui-ci venait de rompre brutalement&nbsp;son&nbsp;alliance avec le FCC et avec son pr\u00e9d\u00e9cesseur au sommet de l\u2019\u00c9tat, puisant all\u00e8grement parmi ses soutiens, l\u2019Union sacr\u00e9e r\u00eavait depuis de se doter de r\u00e8gles accept\u00e9es par tous et de se muer en une plateforme \u00e9lectorale, comme pour mieux faire oublier cette d\u00e9sorganisation qui, des mois durant, lui a \u00e9t\u00e9 reproch\u00e9e. C\u2019est d\u00e9sormais chose faite.<\/p>\n\n\n\n<h2 class=\"wp-block-heading\">\u00ab&nbsp;G\u00e9rer les probl\u00e8mes entre nous&nbsp;\u00bb<\/h2>\n\n\n\n<p>\u00ab&nbsp;Nous avons l\u2019agr\u00e9able devoir de respecter et de nous conduire conform\u00e9ment aux r\u00e8gles de la charte&nbsp;\u00bb, a insist\u00e9 Christophe Mboso, le pr\u00e9sident de l\u2019Assembl\u00e9e nationale, pr\u00e9cisant qu\u2019il attendait de l\u2019Union sacr\u00e9e \u00ab&nbsp;une vision bas\u00e9e sur les r\u00e9sultats dans l\u2019int\u00e9r\u00eat sup\u00e9rieur de la nation&nbsp;\u00bb. Augustin Kabuya, le secr\u00e9taire g\u00e9n\u00e9ral de l\u2019Union pour la d\u00e9mocratie et le progr\u00e8s social (UDPS, parti pr\u00e9sidentiel) a, quant \u00e0 lui, voulu anticiper sur les tensions qui finiront fatalement par appara\u00eetre. \u00ab&nbsp;Chaque \u0153uvre humaine ne manque jamais d\u2019imperfection, a-t-il lanc\u00e9. Mais ayons la sagesse de g\u00e9rer les probl\u00e8mes entre nous au lieu de le faire en public. Privil\u00e9gions le dialogue parmi nous, ayons l\u2019esprit du pardon.&nbsp;\u00bb\u00c0 LIRE<a href=\"https:\/\/www.jeuneafrique.com\/1431100\/politique\/en-rdc-christophe-mboso-bat-le-rappel-des-troupes\/\">En RDC, Christophe Mboso bat le rappel des troupes&nbsp;<\/a><\/p>\n\n\n\n<p>En termes organisationnels, l\u2019Union sacr\u00e9e sera structur\u00e9e autour de plusieurs organes, dont un Congr\u00e8s, une haute autorit\u00e9 politique, une conf\u00e9rence des pr\u00e9sidents des partis et regroupements politiques et surtout, un pr\u00e9sidium.<\/p>\n\n\n\n<p>L\u2019objectif, et c\u2019est d\u00e9sormais tr\u00e8s clair, est d\u2019assurer la r\u00e9\u00e9lection du pr\u00e9sident sortant, tout en lui offrant l\u2019appui d\u2019une majorit\u00e9 parlementaire \u00ab&nbsp;stable&nbsp;\u00bb et \u00ab&nbsp;coh\u00e9rente&nbsp;\u00bb. Cette nouvelle organisation est d\u2019ailleurs taill\u00e9e sur mesure pour F\u00e9lix Tshisekedi : lui seul est mis en avant, tandis que les autres piliers de l\u2019Union sacr\u00e9e se partagent les responsabilit\u00e9s \u2013 et se neutralisent \u2013 au sein notamment du pr\u00e9sidium.<\/p>\n\n\n\n<p>Outre le chef de l\u2019\u00c9tat, ce dernier regroupe les pr\u00e9sidents du S\u00e9nat et de l\u2019Assembl\u00e9e nationale,&nbsp;<a href=\"https:\/\/www.jeuneafrique.com\/1350337\/politique\/rdc-christophe-mboso-et-modeste-bahati-lukwebo-des-allies-devenus-ennemis\/\">Modeste Bahati Lukwebo et&nbsp;Christophe&nbsp;Mboso,<\/a>&nbsp;le Premier ministre Jean-Michel Sama Lukonde Kyenge, et les trois poids lourds la politique congolaise que sont Augustin Kabuya, le secr\u00e9taire g\u00e9n\u00e9ral de l\u2019UDPS, Jean-Pierre Bemba et Vital Kamerhe.<\/p>\n\n\n\n<h2 class=\"wp-block-heading\">Entr\u00e9e fracassante<\/h2>\n\n\n\n<p>Le patron du Mouvement de lib\u00e9ration du Congo (MLC) et celui de l\u2019Union pour la nation congolaise (UNC)&nbsp;<a href=\"https:\/\/www.jeuneafrique.com\/1430320\/politique\/en-rdc-vital-kamerhe-et-jean-pierre-bemba-entrent-au-gouvernement\/\">viennent de faire une entr\u00e9e fracassante au sein du gouvernement<\/a>. Ils font partie de ceux qui ont sign\u00e9 la nouvelle charte de l\u2019Union sacr\u00e9e, actant leur soutien \u00e0 la candidature de F\u00e9lix Tshisekedi.\u00c0 LIRE<a href=\"https:\/\/www.jeuneafrique.com\/1406203\/politique\/face-a-felix-tshisekedi-un-geneve-bis-est-il-possible\/\">Katumbi, Fayulu, Mukwege\u2026 Face \u00e0 F\u00e9lix Tshisekedi, un \u00ab&nbsp;Gen\u00e8ve bis&nbsp;\u00bb est-il possible&nbsp;?<\/a><\/p>\n\n\n\n<p>\u00ab&nbsp;Vital Kamerhe nous dit depuis un moment qu\u2019il a eu le pouvoir avec F\u00e9lix Tshisekedi et qu\u2019il ne retournera plus dans l\u2019opposition&nbsp;\u00bb, justifie l\u2019un de ses proches qui ajoute que l\u2019ancien directeur de cabinet du pr\u00e9sident a \u00e9t\u00e9 affaibli par ses d\u00e9boires judiciaires (accus\u00e9 et condamn\u00e9 pour d\u00e9tournement et corruption,&nbsp;<a href=\"https:\/\/www.jeuneafrique.com\/1419138\/politique\/le-jour-ou-vital-kamerhe-a-ete-emprisonne-a-makala\/\">il a s\u00e9journ\u00e9 plusieurs mois en prison<\/a>&nbsp;avant d\u2019\u00eatre acquitt\u00e9). \u00c0 l\u2019en croire, il \u00ab&nbsp;n\u2019a plus la m\u00eame \u00e9nergie qu\u2019il y a quelques ann\u00e9es pour tenir loin du pouvoir&nbsp;\u00bb.<\/p>\n\n\n\n<h2 class=\"wp-block-heading\">Une humiliation ?<\/h2>\n\n\n\n<p>Mais la c\u00e9r\u00e9monie organis\u00e9e au Pulmann a aussi fait grincer des dents au sein de l\u2019UNC o\u00f9 un cadre dit ne pas comprendre pourquoi, malgr\u00e9 \u00ab&nbsp;l\u2019humiliation subie sous ce pouvoir avec un emprisonnement et une condamnation, Vital Kamerhe continue de&nbsp; courber l\u2019\u00e9chine devant Tshisekedi&nbsp;\u00bb.<\/p>\n\n\n\n<p>Dans le camp de Jean-Pierre Bemba, les avis sont plus temp\u00e9r\u00e9s. On pr\u00e9f\u00e8re mettre en avant les choix du nouveau ministre de la D\u00e9fense nationale. \u00ab&nbsp;Vital Kamerhe et Jean-Pierre Bemba sont en train de s\u2019aligner dans la perspective de l\u2019apr\u00e8s 2023, explique un proche du patron du MLC. Si Tshisekedi gagne, ils savent qu\u2019ils joueront un r\u00f4le de premier plan dans les institutions, \u00e0 la primature et au Parlement.&nbsp;\u00bb L\u2019avenir dira si cette strat\u00e9gie aura \u00e9t\u00e9&nbsp;la&nbsp;bonne.<\/p>\n<div style=\"text-align:center\" class=\"wps-pgfw-pdf-generate-icon__wrapper-frontend\">\n\t\t<a href=\"https:\/\/congokin.blog?action=genpdf&amp;id=11869\" class=\"pgfw-single-pdf-download-button\" ><img src=\"https:\/\/congokin.blog\/wp-content\/plugins\/pdf-generator-for-wp\/admin\/src\/images\/PDF_Tray.svg\" title=\"G\u00e9n\u00e9rer un PDF\" style=\"width:auto; height:45px;\"><\/a>\n\t\t<\/div>","protected":false},"excerpt":{"rendered":"<p>POLITIQUE En RDC, Vital Kamerhe et Jean-Pierre Bemba font all\u00e9geance \u00e0 F\u00e9lix Tshisekedi Nouvellement nomm\u00e9s au gouvernement, les patrons de l\u2019UNC et du MLC font partie des \u2013 nombreuses \u2013 personnalit\u00e9s politiques qui ont sign\u00e9 la charte de l\u2019Union sacr\u00e9e, s\u2019engageant \u00e0 soutenir le pr\u00e9sident sortant \u00e0 la prochaine pr\u00e9sidentielle. 6 avril 2023 \u00e0 11:46 [&hellip;]<\/p>\n","protected":false},"author":9,"featured_media":0,"comment_status":"open","ping_status":"closed","sticky":false,"template":"","format":"standard","meta":{"footnotes":""},"categories":[7,8],"tags":[],"class_list":["post-11869","post","type-post","status-publish","format-standard","hentry","category-politique","category-societe"],"_links":{"self":[{"href":"https:\/\/congokin.blog\/index.php?rest_route=\/wp\/v2\/posts\/11869","targetHints":{"allow":["GET"]}}],"collection":[{"href":"https:\/\/congokin.blog\/index.php?rest_route=\/wp\/v2\/posts"}],"about":[{"href":"https:\/\/congokin.blog\/index.php?rest_route=\/wp\/v2\/types\/post"}],"author":[{"embeddable":true,"href":"https:\/\/congokin.blog\/index.php?rest_route=\/wp\/v2\/users\/9"}],"replies":[{"embeddable":true,"href":"https:\/\/congokin.blog\/index.php?rest_route=%2Fwp%2Fv2%2Fcomments&post=11869"}],"version-history":[{"count":1,"href":"https:\/\/congokin.blog\/index.php?rest_route=\/wp\/v2\/posts\/11869\/revisions"}],"predecessor-version":[{"id":11870,"href":"https:\/\/congokin.blog\/index.php?rest_route=\/wp\/v2\/posts\/11869\/revisions\/11870"}],"wp:attachment":[{"href":"https:\/\/congokin.blog\/index.php?rest_route=%2Fwp%2Fv2%2Fmedia&parent=11869"}],"wp:term":[{"taxonomy":"category","embeddable":true,"href":"https:\/\/congokin.blog\/index.php?rest_route=%2Fwp%2Fv2%2Fcategories&post=11869"},{"taxonomy":"post_tag","embeddable":true,"href":"https:\/\/congokin.blog\/index.php?rest_route=%2Fwp%2Fv2%2Ftags&post=11869"}],"curies":[{"name":"wp","href":"https:\/\/api.w.org\/{rel}","templated":true}]}}