{"id":11873,"date":"2023-04-10T18:46:13","date_gmt":"2023-04-10T18:46:13","guid":{"rendered":"https:\/\/congokin.blog\/?p=11873"},"modified":"2023-04-10T18:46:14","modified_gmt":"2023-04-10T18:46:14","slug":"en-rdc-martin-fayulu-et-adolphe-muzito-sont-ils-irreconciliables","status":"publish","type":"post","link":"https:\/\/congokin.blog\/?p=11873","title":{"rendered":"En RDC, Martin Fayulu et Adolphe Muzito sont-ils irr\u00e9conciliables ?"},"content":{"rendered":"\n<p>POLITIQUE<\/p>\n\n\n\n<h1 class=\"wp-block-heading\">En RDC, Martin Fayulu et Adolphe Muzito sont-ils irr\u00e9conciliables ?<\/h1>\n\n\n\n<h2 class=\"wp-block-heading\">Depuis des mois, ils se critiquent et s\u2019\u00e9vitent, s\u2019\u00e9gratignant parfois m\u00e9chamment par voie de communiqu\u00e9s. C\u2019est peu dire que les deux derniers rescap\u00e9s de la coalition Lamuka ne s\u2019entendent plus.<\/h2>\n\n\n\n<p>10 avril 2023 \u00e0 10:16<\/p>\n\n\n\n<p>Par&nbsp;<a href=\"https:\/\/www.jeuneafrique.com\/auteurs\/s.nsimba\/\">Socrate Nsimba<\/a>&nbsp;&#8211; \u00e0 Kinshasa<\/p>\n\n\n\n<p>Mis \u00e0 jour le 10 avril 2023 \u00e0 10:17<\/p>\n\n\n\n<figure class=\"wp-block-image is-style-zoooom\"><img decoding=\"async\" src=\"https:\/\/prod.cdn-medias.jeuneafrique.com\/cdn-cgi\/image\/q=100,f=auto,metadata=none,width=1256,height=628\/https:\/\/prod.cdn-medias.jeuneafrique.com\/medias\/2023\/04\/07\/jad20230407-rdc-fayulu-muzito-1256x628-1681114632.jpg\" alt=\"\"\/><figcaption class=\"wp-element-caption\">Martin Fayulu (\u00e0 g.) et Adolphe Muzito (\u00e0 dr). \u00a9 MONTAGE JA : Bruno Levy pour JA ; Vincent Fournier\/JA.<\/figcaption><\/figure>\n\n\n\n<p>C\u2019est la goutte d\u2019eau qui a fait d\u00e9border le vase. Dans une correspondance dat\u00e9e du 31 mars,&nbsp;<a href=\"https:\/\/www.jeuneafrique.com\/1389668\/politique\/rdc-martin-fayulu-felix-tshisekedi-va-devoir-partir\/\">Martin Fayulu, coordonnateur en exercice de Lamuka<\/a>, a annonc\u00e9&nbsp;<a href=\"https:\/\/www.jeuneafrique.com\/1166260\/politique\/rdc-adolphe-muzito-felix-tshisekedi-fait-partie-du-probleme-il-ne-peut-pas-etre-la-solution\/\">qu\u2019Adolphe Muzito<\/a>&nbsp;et son parti, Nouvel \u00e9lan, s\u2019\u00e9taient \u00ab&nbsp;volontairement&nbsp;\u00bb retir\u00e9s de la coalition d\u2019opposition. Ce retrait, poursuit le candidat malheureux \u00e0 la pr\u00e9sidentielle de 2018, Lamuka en a formellement pris acte le 23 janvier dernier. \u00ab [Adolphe Muzito] a perdu toute l\u00e9gitimit\u00e9 de s\u2019exprimer au nom et&nbsp;<a href=\"https:\/\/www.jeuneafrique.com\/1153061\/politique\/rdc-katumbi-ou-muzito-qui-dirige-lamuka\/\">pour le compte de Lamuka<\/a>, y compris via ses comptes dans les r\u00e9seaux sociaux \u00bb, mart\u00e8le-t-il.\u00c0 LIRE<a href=\"https:\/\/www.jeuneafrique.com\/1363539\/politique\/rdc-adolphe-muzito-mon-ambition-est-detre-candidat-en-2023\/\">RDC \u2013 Adolphe Muzito : \u00ab&nbsp;Mon ambition est d\u2019\u00eatre candidat en 2023&nbsp;\u00bb<\/a><\/p>\n\n\n\n<p>En face, la r\u00e9action a \u00e9t\u00e9 imm\u00e9diate. Le parti d\u2019Adolphe Muzito s\u2019est empress\u00e9 de d\u00e9noncer une \u00ab fraude intellectuelle \u00bb, \u00ab&nbsp;une fourberie&nbsp;\u00bb et \u00ab&nbsp;une indignit\u00e9&nbsp;\u00bb . \u00ab Il s\u2019agit d\u2019un montage fait \u00e0 l\u2019approche de la date de passation du flambeau au Nouvel \u00e9lan \u00bb, a ajout\u00e9 le 1er avril, devant la presse, Blanchard Mongomba, secr\u00e9taire g\u00e9n\u00e9ral du parti.<\/p>\n\n\n\n<h2 class=\"wp-block-heading\">Va-t-il passer la main ?<\/h2>\n\n\n\n<p>De fait, Lamuka est, depuis sa cr\u00e9ation, r\u00e9gie par une pr\u00e9sidence tournante et Martin Fayulu, qui est par ailleurs \u00e0 la t\u00eate d\u2019une&nbsp;formation&nbsp;baptis\u00e9e Engagement pour la citoyennet\u00e9 et le d\u00e9veloppement (Ecid\u00e9), est cens\u00e9 passer la main au pr\u00e9sident de Nouvel \u00e9lan le 11 avril prochain.<\/p>\n\n\n\n<p>Le 8 avril, d\u00e9fiant son rival, il a pourtant d\u00e9cid\u00e9 de le prendre de vitesse en confiant la pr\u00e9sidence tournante de la plateforme \u00e0 Mathieu Kalele, le responsable d\u2019un petit parti d\u2019opposition. Le camp Muzito a imm\u00e9diatement d\u00e9nonc\u00e9 une \u00ab&nbsp;r\u00e9bellion&nbsp;\u00bb et promis d\u2019acter, d\u00e8s le 11 avril, l\u2019exclusion de Fayulu.\u00c0 LIRE<a href=\"https:\/\/www.jeuneafrique.com\/1347640\/politique\/rdc-le-jour-ou-on-ma-vole-la-victoire-par-martin-fayulu\/\">RDC&nbsp;: \u00ab&nbsp;Le jour o\u00f9&nbsp;on m\u2019a vol\u00e9 la victoire&nbsp;\u00bb, par Martin Fayulu<\/a><\/p>\n\n\n\n<p>La guerre d\u2019\u00e9go entre les deux hommes n\u2019est pas nouvelle, pas plus que leur rivalit\u00e9 politique. En t\u00e9moignent les piques qu\u2019ils ont coutume de s\u2019envoyer, plus ou moins frontalement. Ainsi, quand Adolphe Muzito se pla\u00eet \u00e0 faire valoir son exp\u00e9rience et son poids politique eu \u00e9gard au fait qu\u2019il a \u00e9t\u00e9 Premier ministre (de 2008 \u00e0 2012), Martin Fayulu ne se prive pas, en priv\u00e9, de l\u2019accuser de s\u2019\u00eatre, au passage, rendu coupable \u00ab d\u2019enrichissement illicite \u00bb.<\/p>\n\n\n\n<p>Fin 2021 d\u00e9j\u00e0, une passe d\u2019armes les avaient oppos\u00e9s quand Adolphe Muzito avait accus\u00e9 Martin Fayulu d\u2019abandonner le combat \u00ab&nbsp;pour la v\u00e9rit\u00e9 des urnes&nbsp;\u00bb pour s\u2019associer \u00e0 Joseph Kabila, lequel a, selon l\u2019ancien Premier ministre, \u00ab tripatouill\u00e9\u00bb les r\u00e9sultats du scrutin pr\u00e9sidentiel de 2018 au profit de F\u00e9lix Tshisekedi. \u00c0 l\u2019\u00e9poque, Lamuka, le Front commun pour le Congo (FCC de Kabila), mais aussi des repr\u00e9sentants des confessions religieuses et de la soci\u00e9t\u00e9 civile s\u2019\u00e9taient retrouv\u00e9s&nbsp;<a href=\"https:\/\/www.jeuneafrique.com\/1258915\/politique\/rdc-kabila-fayulu-muzito-katumbi-un-front-anti-tshisekedi-est-il-possible\/\">au sein d\u2019un Bloc patriotique pour r\u00e9clamer des r\u00e9formes \u00e9lectorales.<\/a><\/p>\n\n\n\n<h2 class=\"wp-block-heading\">\u0152il pour \u0153il\u2026<\/h2>\n\n\n\n<p>Martin Fayulu avait bien s\u00fbr peu appr\u00e9ci\u00e9 de se voir ainsi accus\u00e9 de collusion avec l\u2019ex-pr\u00e9sident. En retour, il avait laiss\u00e9 entendre qu\u2019il soup\u00e7onnait Adolphe Muzito de s\u2019\u00eatre rapproch\u00e9 de F\u00e9lix Tshisekedi\u2026 \u0152il pour \u0153il, dent pour dent.\u00c0 LIRE<a href=\"https:\/\/www.jeuneafrique.com\/1430625\/politique\/apres-kabila-puis-lamuka-antipas-mbusa-nyamwisi-dit-oui-a-tshisekedi\/\">Apr\u00e8s Kabila puis Lamuka, Antipas Mbusa Nyamwisi dit oui \u00e0 Tshisekedi<\/a><\/p>\n\n\n\n<p>\u00c0 neuf mois de la pr\u00e9sidentielle, les deux hommes peuvent-ils aplanir leurs divergences ? Cela semble difficile tant il est vrai que, depuis plus d\u2019une ann\u00e9e, ils font tout pour s\u2019\u00e9viter. En octobre 2022, ce sont m\u00eame leurs repr\u00e9sentants respectifs qui ont proc\u00e9d\u00e9 \u00e0 la passation \u00e0 la t\u00eate de Lamuka. \u00ab Se pose d\u00e9sormais un vrai probl\u00e8me de confiance \u00bb, r\u00e9sume un proche d\u2019Adolphe Muzito.<\/p>\n\n\n\n<h2 class=\"wp-block-heading\">Cavaliers seuls<\/h2>\n\n\n\n<p>Cette \u00e9ni\u00e8me querelle&nbsp;<a href=\"https:\/\/www.jeuneafrique.com\/mag\/832260\/politique\/rdc-la-coalition-lamuka-cherche-sa-voie\/\">sonne-t-elle le glas de Lamuka ?<\/a>&nbsp;De cette coalition n\u00e9e&nbsp;\u00e0&nbsp;Gen\u00e8ve, en novembre 2018, et des huit cadors de la politique congolaise qui l\u2019ont lanc\u00e9e, il ne reste d\u00e9j\u00e0 plus grand-chose. Premiers \u00e0 en avoir claqu\u00e9 la porte : F\u00e9lix Tshisekedi et Vital Kamerhe, qui ont pr\u00e9f\u00e9r\u00e9 faire cavaliers seuls plut\u00f4t que de soutenir le candidat Fayulu \u2013 la suite est connue.<\/p>\n\n\n\n<p><a href=\"https:\/\/www.jeuneafrique.com\/802315\/politique\/rdc-freddy-matungulu-nomme-a-la-bad-sur-proposition-de-felix-tshisekedi\/\">Freddy Matungulu,<\/a>&nbsp;lui, s\u2019est vu proposer un poste d\u2019administrateur \u00e0 la Banque africaine de d\u00e9veloppement (BAD), et Mo\u00efse Katumbi a accept\u00e9 de mener une \u00ab opposition r\u00e9publicaine \u00bb \u00e0 F\u00e9lix Tshisekedi, ce qui lui a permis de rentrer au pays apr\u00e8s cinq ans d\u2019exil. Quant \u00e0<a href=\"https:\/\/www.jeuneafrique.com\/1430320\/politique\/en-rdc-vital-kamerhe-et-jean-pierre-bemba-entrent-au-gouvernement\/\">&nbsp;Jean-Pierre Bemba et Antipas Mbusa Nyamwisi,<\/a>&nbsp;ils ont pris leurs distances avec Lamuka et se sont rapproch\u00e9s du chef de l\u2019\u00c9tat, jusqu\u2019\u00e0 entrer au gouvernement fin mars.<\/p>\n\n\n\n<h2 class=\"wp-block-heading\">Pas de programme, pas d\u2019alliance<\/h2>\n\n\n\n<p>Aujourd\u2019hui, Martin Fayulu et Adolphe Muzito, qui sont tous deux originaires de l\u2019ouest de la RDC, sont les seuls \u00e0 maintenir une ligne dure contre F\u00e9lix Tshisekedi. Mais leurs ambitions paraissent irr\u00e9conciliables. Tous deux lorgnent en effet la magistrature supr\u00eame. L\u2019ancien Premier ministre, qui attend \u00eatre investi par son parti lors d\u2019un congr\u00e8s qui pourrait se tenir en mai, reproche d\u2019ailleurs \u00e0 l\u2019ex-candidat de Lamuka de s\u2019\u00eatre lanc\u00e9 dans la course, en juillet 2022, sans programme. \u00ab Je ne me vois pas discuter alliance avec quelqu\u2019un dont je ne connais pas le programme \u00bb, taclait-il \u00e0 l\u2019\u00e9poque dans les colonnes de&nbsp;<em>Jeune Afrique.<\/em>\u00c0 LIRE<a href=\"https:\/\/www.jeuneafrique.com\/1433701\/politique\/en-rdc-vital-kamerhe-et-jean-pierre-bemba-font-allegeance-a-felix-tshisekedi\/\">En RDC, Vital Kamerhe et Jean-Pierre Bemba font all\u00e9geance \u00e0 F\u00e9lix Tshisekedi<\/a><\/p>\n\n\n\n<p>De son c\u00f4t\u00e9, Martin Fayulu a sembl\u00e9 ces derniers mois se rapprocher d\u2019autres personnalit\u00e9s de l\u2019opposition. Fin d\u00e9cembre, il a notamment sign\u00e9 une d\u00e9claration commune avec l\u2019ancien Premier ministre Matata Ponyo Mapon, lui aussi candidat \u00e0 la prochaine pr\u00e9sidentielle, et avec le prix Nobel de la paix,&nbsp;<a href=\"https:\/\/www.jeuneafrique.com\/1410665\/politique\/denis-mukwege-le-gout-du-risque\/\">Denis Mukwege, qui pourrait \u00e9galement se pr\u00e9senter.<\/a><\/p>\n\n\n\n<p>Ensemble, les trois hommes ont d\u00e9nonc\u00e9 un r\u00e9gime \u00ab&nbsp;irresponsable et r\u00e9pressif&nbsp;\u00bb. De quoi alimenter les rumeurs autour d\u2019une nouvelle alliance au sein de l\u2019opposition. Interrog\u00e9 par<em>&nbsp;Jeune Afrique<\/em>&nbsp;en octobre dernier, Martin Fayulu affirmait, au sujet d\u2019une \u00e9ventuelle association avec Matata Ponyo, que si ce dernier voyait \u00ab&nbsp;dans Lamuka quelque chose qui puisse lui correspondre, nous avons des structures, au sein de la coalition, pour trancher&nbsp;cette&nbsp;question&nbsp;\u00bb.<\/p>\n\n\n\n<h3 class=\"wp-block-heading\">\u00c0 LIRE AUSSI<\/h3>\n<div style=\"text-align:center\" class=\"wps-pgfw-pdf-generate-icon__wrapper-frontend\">\n\t\t<a href=\"https:\/\/congokin.blog?action=genpdf&amp;id=11873\" class=\"pgfw-single-pdf-download-button\" ><img src=\"https:\/\/congokin.blog\/wp-content\/plugins\/pdf-generator-for-wp\/admin\/src\/images\/PDF_Tray.svg\" title=\"G\u00e9n\u00e9rer un PDF\" style=\"width:auto; height:45px;\"><\/a>\n\t\t<\/div>","protected":false},"excerpt":{"rendered":"<p>POLITIQUE En RDC, Martin Fayulu et Adolphe Muzito sont-ils irr\u00e9conciliables ? Depuis des mois, ils se critiquent et s\u2019\u00e9vitent, s\u2019\u00e9gratignant parfois m\u00e9chamment par voie de communiqu\u00e9s. C\u2019est peu dire que les deux derniers rescap\u00e9s de la coalition Lamuka ne s\u2019entendent plus. 10 avril 2023 \u00e0 10:16 Par&nbsp;Socrate Nsimba&nbsp;&#8211; \u00e0 Kinshasa Mis \u00e0 jour le 10 [&hellip;]<\/p>\n","protected":false},"author":8,"featured_media":0,"comment_status":"open","ping_status":"closed","sticky":false,"template":"","format":"standard","meta":{"footnotes":""},"categories":[7,8],"tags":[],"class_list":["post-11873","post","type-post","status-publish","format-standard","hentry","category-politique","category-societe"],"_links":{"self":[{"href":"https:\/\/congokin.blog\/index.php?rest_route=\/wp\/v2\/posts\/11873","targetHints":{"allow":["GET"]}}],"collection":[{"href":"https:\/\/congokin.blog\/index.php?rest_route=\/wp\/v2\/posts"}],"about":[{"href":"https:\/\/congokin.blog\/index.php?rest_route=\/wp\/v2\/types\/post"}],"author":[{"embeddable":true,"href":"https:\/\/congokin.blog\/index.php?rest_route=\/wp\/v2\/users\/8"}],"replies":[{"embeddable":true,"href":"https:\/\/congokin.blog\/index.php?rest_route=%2Fwp%2Fv2%2Fcomments&post=11873"}],"version-history":[{"count":1,"href":"https:\/\/congokin.blog\/index.php?rest_route=\/wp\/v2\/posts\/11873\/revisions"}],"predecessor-version":[{"id":11874,"href":"https:\/\/congokin.blog\/index.php?rest_route=\/wp\/v2\/posts\/11873\/revisions\/11874"}],"wp:attachment":[{"href":"https:\/\/congokin.blog\/index.php?rest_route=%2Fwp%2Fv2%2Fmedia&parent=11873"}],"wp:term":[{"taxonomy":"category","embeddable":true,"href":"https:\/\/congokin.blog\/index.php?rest_route=%2Fwp%2Fv2%2Fcategories&post=11873"},{"taxonomy":"post_tag","embeddable":true,"href":"https:\/\/congokin.blog\/index.php?rest_route=%2Fwp%2Fv2%2Ftags&post=11873"}],"curies":[{"name":"wp","href":"https:\/\/api.w.org\/{rel}","templated":true}]}}