{"id":11900,"date":"2023-04-15T19:12:07","date_gmt":"2023-04-15T19:12:07","guid":{"rendered":"https:\/\/congokin.blog\/?p=11900"},"modified":"2023-04-15T19:12:07","modified_gmt":"2023-04-15T19:12:07","slug":"rdc-pour-la-presidentielle-de-decembre-quatre-opposants-en-ordre-de-bataille","status":"publish","type":"post","link":"https:\/\/congokin.blog\/?p=11900","title":{"rendered":"RDC : pour la pr\u00e9sidentielle de d\u00e9cembre, quatre opposants en ordre de bataille"},"content":{"rendered":"\n<p class=\"wp-block-paragraph\">AFRIQUE<a><\/a><\/p>\n\n\n\n<p class=\"wp-block-paragraph\"><a href=\"https:\/\/information.tv5monde.com\/afrique\/rdc-election-presidentielle-2023-candidats-programmes-et-resultats\">RDC : Election pr\u00e9sidentielle 2023<\/a><\/p>\n\n\n\n<h1 class=\"wp-block-heading\">RDC : pour la pr\u00e9sidentielle de d\u00e9cembre, quatre opposants en ordre de bataille<\/h1>\n\n\n\n<p class=\"wp-block-paragraph\"><img loading=\"lazy\" decoding=\"async\" src=\"https:\/\/information.tv5monde.com\/sites\/info.tv5monde.com\/files\/styles\/large\/public\/assets\/images\/AP19020033309298.jpg?itok=gRE5jHDB\" width=\"770\" height=\"514\" alt=\"L&amp;#039;opposant congolais Martin Fayulu, du parti ECiD\u00e9, s&amp;#039;unit \u00e0 trois autres hommes politiques pourmener des actions communes contre le pouvoir du pr\u00e9sident F\u00e9lix Tshisekedi en vue de l&amp;#039;\u00e9lection pr\u00e9sidentielle de d\u00e9cembre 2023.\"><\/p>\n\n\n\n<p class=\"wp-block-paragraph\">L&rsquo;opposant congolais Martin Fayulu, du parti ECiD\u00e9, s&rsquo;unit \u00e0 trois autres hommes politiques pourmener des actions communes contre le pouvoir du pr\u00e9sident F\u00e9lix Tshisekedi en vue de l&rsquo;\u00e9lection pr\u00e9sidentielle de d\u00e9cembre 2023.<\/p>\n\n\n\n<p class=\"wp-block-paragraph\">AP Photo\/Jerome Delay<\/p>\n\n\n\n<p class=\"wp-block-paragraph\">14 AVR 2023<\/p>\n\n\n\n<p class=\"wp-block-paragraph\">Mise \u00e0 jour 14.04.2023 \u00e0 19:41<\/p>\n\n\n\n<p class=\"wp-block-paragraph\">&nbsp;par&nbsp;<\/p>\n\n\n\n<p class=\"wp-block-paragraph\"><a href=\"https:\/\/information.tv5monde.com\/auteur\/tv5monde\">TV5MONDE<\/a><\/p>\n\n\n\n<p class=\"wp-block-paragraph\">avec AFP<\/p>\n\n\n\n<h2 class=\"wp-block-heading\">Quatre opposants, candidats d\u00e9clar\u00e9s \u00e0 la pr\u00e9sidentielle de d\u00e9cembre 2023 en&nbsp;R\u00e9publique d\u00e9mocratique du Congo, ont donn\u00e9 \u00e0 Lubumbashi le signal de d\u00e9part d&rsquo;actions communes contre le pouvoir du pr\u00e9sident F\u00e9lix Tshisekedi.<\/h2>\n\n\n\n<p class=\"wp-block-paragraph\"><a href=\"https:\/\/www.addthis.com\/bookmark.php?v=300\"><\/a><a href=\"https:\/\/www.addthis.com\/bookmark.php?v=300\"><\/a><a href=\"https:\/\/www.addthis.com\/bookmark.php?v=300\" rel=\"noreferrer noopener\" target=\"_blank\"><\/a><a href=\"https:\/\/www.addthis.com\/bookmark.php?v=300\" rel=\"noreferrer noopener\" target=\"_blank\"><\/a><\/p>\n\n\n\n<p class=\"wp-block-paragraph\">\u00ab\u00a0<em>Nous d\u00e9cidons d&rsquo;unir nos id\u00e9es et forces pour mener des actions communes en vue d&rsquo;obtenir l&rsquo;organisation dans les d\u00e9lais constitutionnels d&rsquo;\u00e9lections transparentes, impartiales, inclusives et apais\u00e9es<\/em>\u00ab\u00a0, affirment les quatre candidats d\u00e9clar\u00e9s \u00e0 la pr\u00e9sidentielle congolaise dans une d\u00e9claration commune. Lors d&rsquo;un conclave \u00e0 Lubumbashi, grande ville du sud-est du pays, ils ont donn\u00e9 le signal de d\u00e9part d&rsquo;actions communes contre le pouvoir en place, en vue de la pr\u00e9sidentielle du mois de d\u00e9cembre.&nbsp;<\/p>\n\n\n\n<ul class=\"wp-block-list\">\n<li><strong>(Re)voir :&nbsp;<a href=\"https:\/\/information.tv5monde.com\/video\/rdc-debut-des-procedures-d-enrolement-des-electeurs\" rel=\"noreferrer noopener\" target=\"_blank\">RDC : d\u00e9but des proc\u00e9dures d&rsquo;enr\u00f4lement des \u00e9lecteurs<\/a><\/strong><\/li>\n<\/ul>\n\n\n\n<p class=\"wp-block-paragraph\"><video preload=\"auto\" src=\"https:\/\/vodinfo.tv5monde.com\/videos\/3c\/5963291.mp4\"><\/video>Lire la vid\u00e9o<\/p>\n\n\n\n<p class=\"wp-block-paragraph\">Les signataires sont Martin Fayulu (du parti \u00ab\u00a0ECiD\u00e9\u00a0\u00bb &#8211; Engagement pour la citoyennet\u00e9 et le d\u00e9veloppement), d\u00e9j\u00e0 candidat \u00e0 la pr\u00e9sidentielle de 2018 qu&rsquo;il affirme avoir remport\u00e9e, l&rsquo;ancien gouverneur du Katanga Mo\u00efse Katumbi (\u00ab\u00a0Ensemble pour la R\u00e9publique\u00a0\u00bb), l&rsquo;ex-Premier ministre Augustin Matata (LGD &#8211; Leadership et gouvernance pour le d\u00e9veloppement) et le d\u00e9put\u00e9 Delly Sesanga (\u00ab\u00a0Envol de la&nbsp;RDC\u00a0\u00bb).<\/p>\n\n\n\n<h2 class=\"wp-block-heading\">Vers une candidature commune ?<\/h2>\n\n\n\n<p class=\"wp-block-paragraph\">L&rsquo;annonce de leur conclave \u00e0 Lubumbashi, chef-lieu du Haut-Katanga, a \u00e9t\u00e9 interpr\u00e9t\u00e9e comme les pr\u00e9mices d&rsquo;une possible nouvelle plateforme voire, \u00e0 terme, d&rsquo;une candidature commune face au pr\u00e9sident sortant, au pouvoir depuis janvier 2019 et candidat \u00e0 sa r\u00e9\u00e9lection. \u00c0&nbsp;ce jour, plus d&rsquo;une dizaine de personnes ont annonc\u00e9 leur intention de se pr\u00e9senter \u00e0 la pr\u00e9sidentielle, qui est un scrutin \u00e0 un seul tour.<\/p>\n\n\n\n<p class=\"wp-block-paragraph\">Les quatre hommes ne sont pas all\u00e9s jusque l\u00e0. Mais, dans leur d\u00e9claration commune tr\u00e8s dure \u00e0 l&rsquo;\u00e9gard du pouvoir, ils ont annonc\u00e9 leur intention de mener ensemble \u00ab\u00a0<em>une s\u00e9rie d&rsquo;actions<\/em>\u00ab\u00a0, \u00ab\u00a0<em>au nom de la population congolaise meurtrie, qui se sent abandonn\u00e9e dans des conditions de plus en plus intenables face \u00e0 des autorit\u00e9s congolaises qui s&rsquo;enrichissent de mani\u00e8re scandaleuse<\/em>\u00ab\u00a0.<\/p>\n\n\n\n<ul class=\"wp-block-list\">\n<li><strong>(Re)voir :&nbsp;<a href=\"https:\/\/information.tv5monde.com\/afrique\/rd-congo-la-congolite-revient-dans-le-debat-en-pleine-annee-electorale-493141\" rel=\"noreferrer noopener\" target=\"_blank\">RD Congo : la \u00ab\u00a0congolit\u00e9\u00a0\u00bb revient dans le d\u00e9bat en pleine ann\u00e9e \u00e9lectorale<\/a><\/strong><\/li>\n<\/ul>\n\n\n\n<p class=\"wp-block-paragraph\">\u00ab\u00a0<em>La premi\u00e8re activit\u00e9 sera une grande marche le 13 mai prochain \u00e0 Kinshasa<\/em>\u00ab\u00a0, indiquent-ils. Celle-ci sera&nbsp;destin\u00e9e \u00e0 \u00ab\u00a0<em>d\u00e9noncer l&rsquo;ins\u00e9curit\u00e9 grandissante, la vie ch\u00e8re et la mis\u00e8re du peuple, le processus \u00e9lectoral chaotique<\/em>\u00ab\u00a0.<\/p>\n<div class=\"wps-pgfw-pdf-generate-icon__wrapper-frontend pgfw-icon-display pgfw-icon-display--default\" style=\"--pgfw-icon-justify:center;\"><a href=\"https:\/\/congokin.blog?action=genpdf&#038;id=11900\" class=\"pgfw-single-pdf-download-button pgfw-single-pdf-download-button--default pgfw-single-pdf-download-button--icon-only\" title=\"G\u00e9n\u00e9rer un PDF\" style=\"--pgfw-icon-width:25px;--pgfw-icon-height:45px;\" aria-label=\"Download PDF\"><span class=\"pgfw-single-pdf-download-button__media\" aria-hidden=\"true\"><img src=\"https:\/\/congokin.blog\/wp-content\/plugins\/pdf-generator-for-wp\/admin\/src\/images\/PDF_Tray.svg\" alt=\"\" decoding=\"async\"><\/span><\/a><\/div>","protected":false},"excerpt":{"rendered":"<p>AFRIQUE RDC : Election pr\u00e9sidentielle 2023 RDC : pour la pr\u00e9sidentielle de d\u00e9cembre, quatre opposants en ordre de bataille L&rsquo;opposant congolais Martin Fayulu, du parti ECiD\u00e9, s&rsquo;unit \u00e0 trois autres hommes politiques pourmener des actions communes contre le pouvoir du pr\u00e9sident F\u00e9lix Tshisekedi en vue de l&rsquo;\u00e9lection pr\u00e9sidentielle de d\u00e9cembre 2023. AP Photo\/Jerome Delay 14 [&hellip;]<\/p>\n","protected":false},"author":9,"featured_media":0,"comment_status":"open","ping_status":"closed","sticky":false,"template":"","format":"standard","meta":{"footnotes":""},"categories":[7,8],"tags":[],"class_list":["post-11900","post","type-post","status-publish","format-standard","hentry","category-politique","category-societe"],"_links":{"self":[{"href":"https:\/\/congokin.blog\/index.php?rest_route=\/wp\/v2\/posts\/11900","targetHints":{"allow":["GET"]}}],"collection":[{"href":"https:\/\/congokin.blog\/index.php?rest_route=\/wp\/v2\/posts"}],"about":[{"href":"https:\/\/congokin.blog\/index.php?rest_route=\/wp\/v2\/types\/post"}],"author":[{"embeddable":true,"href":"https:\/\/congokin.blog\/index.php?rest_route=\/wp\/v2\/users\/9"}],"replies":[{"embeddable":true,"href":"https:\/\/congokin.blog\/index.php?rest_route=%2Fwp%2Fv2%2Fcomments&post=11900"}],"version-history":[{"count":1,"href":"https:\/\/congokin.blog\/index.php?rest_route=\/wp\/v2\/posts\/11900\/revisions"}],"predecessor-version":[{"id":11901,"href":"https:\/\/congokin.blog\/index.php?rest_route=\/wp\/v2\/posts\/11900\/revisions\/11901"}],"wp:attachment":[{"href":"https:\/\/congokin.blog\/index.php?rest_route=%2Fwp%2Fv2%2Fmedia&parent=11900"}],"wp:term":[{"taxonomy":"category","embeddable":true,"href":"https:\/\/congokin.blog\/index.php?rest_route=%2Fwp%2Fv2%2Fcategories&post=11900"},{"taxonomy":"post_tag","embeddable":true,"href":"https:\/\/congokin.blog\/index.php?rest_route=%2Fwp%2Fv2%2Ftags&post=11900"}],"curies":[{"name":"wp","href":"https:\/\/api.w.org\/{rel}","templated":true}]}}