{"id":11945,"date":"2023-04-20T05:28:30","date_gmt":"2023-04-20T05:28:30","guid":{"rendered":"https:\/\/congokin.blog\/?p=11945"},"modified":"2023-04-20T05:28:30","modified_gmt":"2023-04-20T05:28:30","slug":"entre-burhane-et-hemetti-au-soudan-un-conflit-local-des-enjeux-regionaux","status":"publish","type":"post","link":"https:\/\/congokin.blog\/?p=11945","title":{"rendered":"Entre Burhane et Hemetti au Soudan, un conflit local, des enjeux r\u00e9gionaux"},"content":{"rendered":"\n<p>POLITIQUE<\/p>\n\n\n\n<h1 class=\"wp-block-heading\">Entre Burhane et Hemetti au Soudan, un conflit local, des enjeux r\u00e9gionaux<\/h1>\n\n\n\n<h2 class=\"wp-block-heading\">\u00c0 l\u2019heure o\u00f9 s\u2019affrontent les troupes du dirigeant Abdel Fattah\u00a0al-Burhane et de son num\u00e9ro deux, Mohamed Hamdan Dagalo, surnomm\u00e9 \u00ab\u00a0Hemetti\u00a0\u00bb, certains pays de la sous-r\u00e9gion (mais pas seulement), ont pris position. \u00a0<\/h2>\n\n\n\n<p>19 avril 2023 \u00e0 19:47<\/p>\n\n\n\n<p>Par&nbsp;<a href=\"https:\/\/www.jeuneafrique.com\/auteurs\/v.duhem\/\">Vincent Duhem<\/a>&nbsp;et&nbsp;<a href=\"https:\/\/www.jeuneafrique.com\/auteurs\/la.bagnetto\/\">Laura Angela Bagnetto<\/a><\/p>\n\n\n\n<p>Mis \u00e0 jour le 19 avril 2023 \u00e0 19:47<\/p>\n\n\n\n<figure class=\"wp-block-image\"><img decoding=\"async\" src=\"https:\/\/prod.cdn-medias.jeuneafrique.com\/cdn-cgi\/image\/q=100,f=auto,metadata=none,width=1256,height=628\/https:\/\/prod.cdn-medias.jeuneafrique.com\/medias\/2023\/04\/19\/jad20230419-mmo-burhane-et-hemetti-1256x628-1681917887.jpg\" alt=\"\"\/><figcaption class=\"wp-element-caption\">Mohamed Hamdan Dagalo, surnomm\u00e9 \u00ab&nbsp;Hemetti&nbsp;\u00bb (\u00e0 g.) et Abdel Fattah&nbsp;al-Burhane, en septembre 2021 \u00e0 Khartoum. \u00a9 Mahmoud Hjaj \/ Anadolu Agency.<\/figcaption><\/figure>\n\n\n\n<p>C\u2019est le genre de d\u00e9claration qui, l\u00e2ch\u00e9e de la sorte, fait l\u2019effet d\u2019une bombe. Sans doute \u00e9tait-ce l\u2019effet escompt\u00e9 par celui qui l\u2019a prononc\u00e9e, le 18 avril. \u00ab&nbsp;Nous avons des informations confirm\u00e9es selon lesquelles deux pays voisins fournissent un soutien aux Forces de soutien rapide [FSR, dirig\u00e9e par Mohamed Hamdan Dagalo, dit \u00ab Hemetti \u00bb], dont l\u2019un est situ\u00e9 \u00e0 l\u2019ouest&nbsp;\u00bb, a d\u00e9clar\u00e9 au&nbsp;<em>Sudan Tribune<\/em>&nbsp;Shams al-Din Kabbashi, membre du&nbsp;<a href=\"https:\/\/www.jeuneafrique.com\/1437267\/politique\/burhane-et-hemetti-les-freres-ennemis-de-khartoum\/\">Conseil souverain transitoire, un organe dirig\u00e9 par Abdel Fattah al-Burhane<\/a>.\u00c0 LIRE<a href=\"https:\/\/www.jeuneafrique.com\/1268123\/politique\/soudan-al-burhan-une-main-de-fer-sans-gant-de-velours\/\">Soudan : al-Burhane, une main de fer sans gant de velours<\/a><\/p>\n\n\n\n<h2 class=\"wp-block-heading\">Livraisons de munitions<\/h2>\n\n\n\n<p>\u00ab&nbsp;Deux avions ont livr\u00e9 des munitions et des fournitures, qui ont \u00e9t\u00e9 transport\u00e9es vers une autre zone. Il y a eu une autre tentative d\u2019atterrissage d\u2019un troisi\u00e8me avion \u00e0 l\u2019a\u00e9roport de Merowe [situ\u00e9e \u00e0 350 km du nord de Khartoum]&nbsp;\u00bb, a pr\u00e9cis\u00e9 Shams al-Din Kabbashi.<\/p>\n\n\n\n<p>Il n\u2019a pas souhait\u00e9 pr\u00e9ciser l\u2019identit\u00e9 des deux pays concern\u00e9s \u2013 toutefois, si l\u2019un est situ\u00e9 \u00e0 l\u2019ouest, il ne peut s\u2019agir que du Tchad, de la Centrafrique ou de la Libye \u2013, mais a n\u00e9anmoins \u00e9voqu\u00e9 d\u2019autres types d\u2019acteurs, arm\u00e9s mais non \u00e9tatiques cette fois, \u00ab&nbsp;qui disposent d\u2019une autonomie et d\u2019un pouvoir suffisants&nbsp;\u00bb. Parlait-il du groupe russe de mercenaires Wagner ?\u00c0 LIRE<a href=\"https:\/\/www.jeuneafrique.com\/1437567\/politique\/au-soudan-lombre-de-wagner-derriere-le-general-hemetti\/\">Au Soudan, l\u2019ombre de Wagner derri\u00e8re le g\u00e9n\u00e9ral Hemetti<\/a><\/p>\n\n\n\n<p>Ces accusations viennent en tout cas confirmer une donn\u00e9e importante d\u2019un conflit \u00e0 l\u2019issue incertaine : les enjeux de&nbsp;<a href=\"https:\/\/www.jeuneafrique.com\/1436613\/politique\/au-soudan-la-guerre-entre-les-generaux-a-deja-tue-une-centaine-de-civils\/\">la guerre ouverte que se livrent les g\u00e9n\u00e9raux Burhane et Hemetti depuis le 15 avril&nbsp;<\/a>d\u00e9passent d\u00e9j\u00e0 les fronti\u00e8res du&nbsp;Soudan.&nbsp;C\u2019est en partie li\u00e9 au fait que, depuis plusieurs ann\u00e9es, les ports locaux suscitent la convoitise de nombreux acteurs internationaux \u2013 les \u00c9tats-Unis, la Russie, les \u00c9mirats arabes unis, le Qatar, l\u2019Arabie saoudite, l\u2019\u00c9gypte, la Chine, mais aussi la Turquie. Et cet int\u00e9r\u00eat, les fr\u00e8res ennemis de Khartoum ont su en jouer.<\/p>\n\n\n\n<h2 class=\"wp-block-heading\"><strong>Pr\u00e9sence \u00e9gyptienne<\/strong><\/h2>\n\n\n\n<p>L\u2019\u00c9gypte a propos\u00e9 d\u2019entamer une m\u00e9diation entre les bellig\u00e9rants, mais le pr\u00e9sident Abdel Fattah al-Sissi ne fait pas myst\u00e8re de son soutien au g\u00e9n\u00e9ral Burhane, qui, \u00e0 Khartoum, dirige \u00e0 la fois l\u2019arm\u00e9e et le Conseil de souverainet\u00e9. Quand les violences ont \u00e9clat\u00e9, des&nbsp;<a href=\"https:\/\/www.jeuneafrique.com\/1437000\/politique\/le-caire-inquiet-apres-la-capture-de-militaires-egyptiens-au-soudan\/\">soldats \u00e9gyptiens \u00e9taient d\u2019ailleurs pr\u00e9sents sur place, en vertu d\u2019un accord de coop\u00e9ration militaire<\/a>. Ils ont \u00e9t\u00e9 arr\u00eat\u00e9s le 15 avril sur la base de Merowe. Le porte-parole de l\u2019arm\u00e9e \u00e9gyptienne a beau avoir d\u00e9clar\u00e9 qu\u2019ils s\u2019y \u00e9taient rendus pour effectuer des exercices conjoints avec leurs homologues soudanais, certains soup\u00e7onnent les forces \u00e9gyptiennes, lesquelles \u00e9taient intervenues en soutien \u00e0 Omar el-B\u00e9chir lors de la guerre du Darfour en 2003, de soutenir activement Burhane.\u00c0 LIRE<a href=\"https:\/\/www.jeuneafrique.com\/1434288\/politique\/comment-la-cia-veut-pousser-wagner-et-prigojine-hors-du-continent\/\">Comment la CIA veut pousser Wagner et Prigojine hors du continent<\/a><\/p>\n\n\n\n<p>Un autre pays frontalier s\u2019est positionn\u00e9, lui, en faveur du patron des FSR : l\u2019\u00c9rythr\u00e9e. En mars, Hemetti&nbsp;<a href=\"https:\/\/www.jeuneafrique.com\/mag\/671044\/politique\/erythree-dix-choses-a-savoir-sur-le-president-issayas-afeworki\/\">a rendu visite \u00e0 Issayas Afewerki<\/a>. Alli\u00e9 \u00e0 l\u2019\u00c9thiopie mais globalement isol\u00e9 sur le plan diplomatique, Asmara exerce une influence certaine sur l\u2019est du Soudan et la mer Rouge, o\u00f9 elle aide les tribus qui contr\u00f4lent ce carrefour strat\u00e9gique \u00e0 s\u2019\u00e9quiper et \u00e0 s\u2019armer. \u00c0 l\u2019issue de cette visite, et alors que les tensions couvaient depuis plusieurs semaines, l\u2019\u00c9rythr\u00e9e avait n\u00e9anmoins rappel\u00e9 \u00ab&nbsp;sa ferme conviction que le probl\u00e8me du Soudan ne pouvait \u00eatre r\u00e9solu que par le peuple soudanais lui-m\u00eame, sans l\u2019intervention d\u2019acteurs \u00e9trangers&nbsp;\u00bb.<\/p>\n\n\n\n<h2 class=\"wp-block-heading\"><strong>Le jeu du Golfe<\/strong><\/h2>\n\n\n\n<p>Les pays du Golfe ont \u00e9galement des int\u00e9r\u00eats dans cette crise. Hemetti b\u00e9n\u00e9ficie du soutien des \u00c9mirats arabes unis, puisque ses forces ont combattu par milliers au Y\u00e9men \u00e0 partir de 2016&nbsp;<a href=\"https:\/\/www.jeuneafrique.com\/mag\/844482\/politique\/yemen-abdelmalek-al-houthi-le-chef-rebelle-qui-tient-tete-a-larabie-saoudite\/\">pour lutter contre les rebelles houthis<\/a>, aux c\u00f4t\u00e9s de la coalition men\u00e9e par l\u2019Arabie saoudite et les \u00c9mirats. Des \u00e9miriens sont en outre impliqu\u00e9s dans la contrebande d\u2019or issu de la r\u00e9gion occidentale du Darfour, \u00e0 laquelle sont m\u00eal\u00e9s les miliciens de Hemetti.\u00c0 LIRE<a href=\"https:\/\/www.jeuneafrique.com\/1326781\/politique\/soudan-hemetti-lancien-chamelier-qui-revait-de-devenir-president\/\">Soudan : \u00ab&nbsp;Hemetti&nbsp;\u00bb, l\u2019ancien chamelier qui r\u00eavait de devenir pr\u00e9sident<\/a><\/p>\n\n\n\n<p>Le pr\u00e9sident des \u00c9mirats,&nbsp;<a href=\"https:\/\/www.jeuneafrique.com\/1347753\/politique\/emirats-arabes-unis-mohammed-ben-zayed-a-la-croisee-des-voisins\/\">Mohammed Ben Zayed<\/a>&nbsp;(dit MBZ), s\u2019est par ailleurs rendu au Caire le 12 avril. A-t-il tent\u00e9 de rallier l\u2019\u00c9gypte \u00e0 la cause de Hemetti ? Au cours des derniers jours, l\u2019arm\u00e9e soudanaise a en tout cas publi\u00e9 une vid\u00e9o montrant des munitions saisies aux&nbsp;<em>Rapid Support Forces<\/em>&nbsp;(RSF) de Hemetti. Il s\u2019agit d\u2019obus thermobariques de 120 mm avec fus\u00e9es UT M18 produits par la Serbie et initialement vendus \u00e0 l\u2019arm\u00e9e \u00e9mirienne.<\/p>\n\n\n\n<p>MBZ est-il pr\u00eat \u00e0 faire davantage ? Non, r\u00e9pond le sp\u00e9cialiste du Moyen-Orient arabe et de la Corne de l\u2019Afrique Marc Lavergne. \u00ab&nbsp;Les \u00c9mirats ne veulent pas intervenir directement, car ils ne disposent pas des&nbsp;forces&nbsp;militaires n\u00e9cessaires et savent que les RSF sont incapables de diriger le pays&nbsp;\u00bb, explique-t-il.<\/p>\n\n\n\n<blockquote class=\"wp-block-quote is-layout-flow wp-block-quote-is-layout-flow\">\n<p>\u00ab&nbsp;CE QUI IMPORTE \u00c0 MOHAMMED BEN SALMAN, CE SONT LES RICHESSES DU SOUDAN, DONC L\u2019EAU DE LA VALL\u00c9E DU NIL&nbsp;\u00bb<\/p>\n<\/blockquote>\n\n\n\n<p>Interrog\u00e9e sur les rapports de force r\u00e9gionaux, Dalia Ziada, analyste s\u00e9curitaire \u00e9gyptienne sp\u00e9cialiste des \u00c9mirats, estime quant \u00e0 elle que l\u2019Arabie saoudite et la Turquie sont susceptibles de soutenir Burhane. Le prince h\u00e9ritier saoudien, Mohammed Ben Salman, a pour objectif de faire de la c\u00f4te de la mer Rouge le centre de son projet Vision 2030, ajoute Marc Lavergne. \u00ab&nbsp;Il ne veut pas d\u2019ennui et ne compte pas d\u00e9penser d\u2019argent dans cette crise, estime le g\u00e9opolitologue. Ce qui lui importe, ce sont les richesses du Soudan, donc l\u2019eau de la vall\u00e9e du Nil. Or, la situation actuelle l\u2019emp\u00eache de l\u2019exploiter.&nbsp;\u00bb<\/p>\n\n\n\n<h2 class=\"wp-block-heading\"><strong>La Russie sur les deux tableaux ?<\/strong><\/h2>\n\n\n\n<p>Quid de Moscou ? La Russie entretient des liens \u00e9troits avec les deux bellig\u00e9rants, et lors de son dernier s\u00e9jour au Soudan, le ministre russe des Affaires \u00e9trang\u00e8res,&nbsp;<a href=\"https:\/\/www.jeuneafrique.com\/1416884\/politique\/a-khartoum-lavrov-defend-les-operations-du-groupe-wagner-en-afrique\/\">Sergue\u00ef Lavrov, s\u2019est entretenu \u00e0 la fois avec Burhane et Hemetti.<\/a>&nbsp;L\u2019\u00c9tat russe a par ailleurs sign\u00e9 un protocole d\u2019accord avec le gouvernement soudanais pour construire une base militaire sur la mer Rouge, un projet au long cours qui n\u2019est pas vu d\u2019un bon \u0153il par les \u00c9mirats, Isra\u00ebl, ni m\u00eame l\u2019Arabie Saoudite.\u00c0 LIRE<a href=\"https:\/\/www.jeuneafrique.com\/1325958\/politique\/russie-ideologues-marchands-darmes-riches-oligarques-qui-conseille-vladimir-poutine-sur-lafrique\/\">Vladimir Poutine et l\u2019Afrique&nbsp;: id\u00e9ologues, marchands d\u2019armes, riches oligarques\u2026 Qui conseille le pr\u00e9sident russe&nbsp;?<\/a><\/p>\n\n\n\n<p>Et Wagner ? Si les mercenaires op\u00e8rent au Darfour, c\u2019est avec le soutien de Hemetti, bien que ce dernier tente de se d\u00e9marquer de son image de \u00ab&nbsp;pro-Wagner&nbsp;\u00bb. Le soutien que lui apporte le groupe paramilitaire est en effet \u00e0 double tranchant. Il pousse notamment les \u00c9tats-Unis \u00e0 jouer la carte Burhane contre lui. Ces derniers mois, le patron de la CIA, William Burns, a m\u00eame tent\u00e9 de dissuader&nbsp;<a href=\"https:\/\/www.jeuneafrique.com\/1431264\/politique\/wagner-touadera-et-les-chinois-assassines-coulisses-dun-malaise-detat\/\">le pr\u00e9sident centrafricain, Faustin-Archange Touad\u00e9ra<\/a>, de nouer une quelconque alliance avec le patron des RSF, qui dispose pourtant d\u2019importants relais \u00e0 Bangui, au premier rang desquels se trouve le ministre de l\u2019\u00c9levage et de la Sant\u00e9 animale,&nbsp;<a href=\"https:\/\/www.jeuneafrique.com\/1299614\/politique\/centrafrique-le-ministre-hassan-bouba-pret-a-faire-face-a-la-justice\/\">Hassan Bouba.<\/a><\/p>\n\n\n\n<p>En d\u00e9cembre 2022, cet ancien espion tchadien, partenaire privil\u00e9gi\u00e9 de Wagner \u00e0 Bangui, s\u2019\u00e9tait d\u00e9plac\u00e9 \u00e0 la fronti\u00e8re entre la Centrafrique et le Soudan pour y rencontrer des responsables des RSF. Selon nos sources, Hassan Bouba \u00e9tait sur le point d\u2019engager de nouvelles discussions avec l\u2019entourage de Hemetti, dans le but d\u2019obtenir un appui militaire, avant que les combats n\u2019\u00e9clatent \u00e0 Khartoum.<\/p>\n\n\n\n<p>La CIA a \u00e9galement sugg\u00e9r\u00e9 \u00e0 Mahamat Idriss D\u00e9by Itno de se ranger du c\u00f4t\u00e9 de Burhane.&nbsp;<a href=\"https:\/\/www.jeuneafrique.com\/1437168\/politique\/crise-au-soudan-comment-mahamat-idriss-deby-itno-mobilise-ses-reseaux\/\">Au Tchad, la situation est suivie de tr\u00e8s pr\u00e8s au palais pr\u00e9sidentiel<\/a>, inquiet d\u2019une d\u00e9stabilisation r\u00e9gionale et en particulier de la d\u00e9licate zone du Darfour. Le pr\u00e9sident de la transition, qui s\u2019efforce depuis plusieurs mois d\u2019entretenir une relation avec les deux g\u00e9n\u00e9raux ennemis, a d\u00e9cr\u00e9t\u00e9 la fermeture de la fronti\u00e8re avec&nbsp;le&nbsp;Soudan.<\/p>\n<div style=\"text-align:center\" class=\"wps-pgfw-pdf-generate-icon__wrapper-frontend\">\n\t\t<a href=\"https:\/\/congokin.blog?action=genpdf&amp;id=11945\" class=\"pgfw-single-pdf-download-button\" ><img src=\"https:\/\/congokin.blog\/wp-content\/plugins\/pdf-generator-for-wp\/admin\/src\/images\/PDF_Tray.svg\" title=\"G\u00e9n\u00e9rer un PDF\" style=\"width:auto; height:45px;\"><\/a>\n\t\t<\/div>","protected":false},"excerpt":{"rendered":"<p>POLITIQUE Entre Burhane et Hemetti au Soudan, un conflit local, des enjeux r\u00e9gionaux \u00c0 l\u2019heure o\u00f9 s\u2019affrontent les troupes du dirigeant Abdel Fattah\u00a0al-Burhane et de son num\u00e9ro deux, Mohamed Hamdan Dagalo, surnomm\u00e9 \u00ab\u00a0Hemetti\u00a0\u00bb, certains pays de la sous-r\u00e9gion (mais pas seulement), ont pris position. \u00a0 19 avril 2023 \u00e0 19:47 Par&nbsp;Vincent Duhem&nbsp;et&nbsp;Laura Angela Bagnetto Mis [&hellip;]<\/p>\n","protected":false},"author":9,"featured_media":0,"comment_status":"open","ping_status":"closed","sticky":false,"template":"","format":"standard","meta":{"footnotes":""},"categories":[3,6,7,8],"tags":[],"class_list":["post-11945","post","type-post","status-publish","format-standard","hentry","category-diplomatie","category-justice","category-politique","category-societe"],"_links":{"self":[{"href":"https:\/\/congokin.blog\/index.php?rest_route=\/wp\/v2\/posts\/11945","targetHints":{"allow":["GET"]}}],"collection":[{"href":"https:\/\/congokin.blog\/index.php?rest_route=\/wp\/v2\/posts"}],"about":[{"href":"https:\/\/congokin.blog\/index.php?rest_route=\/wp\/v2\/types\/post"}],"author":[{"embeddable":true,"href":"https:\/\/congokin.blog\/index.php?rest_route=\/wp\/v2\/users\/9"}],"replies":[{"embeddable":true,"href":"https:\/\/congokin.blog\/index.php?rest_route=%2Fwp%2Fv2%2Fcomments&post=11945"}],"version-history":[{"count":1,"href":"https:\/\/congokin.blog\/index.php?rest_route=\/wp\/v2\/posts\/11945\/revisions"}],"predecessor-version":[{"id":11946,"href":"https:\/\/congokin.blog\/index.php?rest_route=\/wp\/v2\/posts\/11945\/revisions\/11946"}],"wp:attachment":[{"href":"https:\/\/congokin.blog\/index.php?rest_route=%2Fwp%2Fv2%2Fmedia&parent=11945"}],"wp:term":[{"taxonomy":"category","embeddable":true,"href":"https:\/\/congokin.blog\/index.php?rest_route=%2Fwp%2Fv2%2Fcategories&post=11945"},{"taxonomy":"post_tag","embeddable":true,"href":"https:\/\/congokin.blog\/index.php?rest_route=%2Fwp%2Fv2%2Ftags&post=11945"}],"curies":[{"name":"wp","href":"https:\/\/api.w.org\/{rel}","templated":true}]}}