{"id":11947,"date":"2023-04-20T05:35:15","date_gmt":"2023-04-20T05:35:15","guid":{"rendered":"https:\/\/congokin.blog\/?p=11947"},"modified":"2023-04-20T05:40:12","modified_gmt":"2023-04-20T05:40:12","slug":"11947","status":"publish","type":"post","link":"https:\/\/congokin.blog\/?p=11947","title":{"rendered":"Guerre des g\u00e9n\u00e9raux au Soudan\u00a0: al-Burhane, \u00abincarnation d\u2019une \u00e9lite musulmane et nilotique\u00bb\ufffc"},"content":{"rendered":"\n<h1 class=\"wp-block-heading\">Guerre des g\u00e9n\u00e9raux au Soudan&nbsp;: al-Burhane, \u00abincarnation d\u2019une \u00e9lite musulmane et nilotique\u00bb<\/h1>\n\n\n\n<p><\/p>\n\n\n\n<h1 class=\"wp-block-heading\">Guerre des g\u00e9n\u00e9raux au Soudan&nbsp;: al-Burhane, \u00abincarnation d\u2019une \u00e9lite musulmane et nilotique\u00bb<\/h1>\n\n\n\n<p><\/p>\n\n\n\n<p>Confront\u00e9 depuis samedi \u00e0 un combat ouvert d\u00e9clench\u00e9 par son plus proche alli\u00e9, le g\u00e9n\u00e9ral Abdel Fattah al-Burhane s\u2019accroche pour l\u2019instant au pouvoir. Mais derri\u00e8re cette guerre des chefs qui ensanglante le pays, se profile aussi la crainte d\u2019un retour des islamistes de l\u2019ancien r\u00e9gime.<\/p>\n\n\n\n<figure class=\"wp-block-image\"><img decoding=\"async\" src=\"https:\/\/www.liberation.fr\/resizer\/WcolWUmpaGuc92SujfqzqiTuavM=\/1024x0\/filters:format(jpg):quality(70):focal(2197x1235:2207x1245)\/cloudfront-eu-central-1.images.arcpublishing.com\/liberation\/2ISYEAHM65GL7FAF3DSLCIVB7I.jpg\" alt=\"\"\/><figcaption class=\"wp-element-caption\">Le g\u00e9n\u00e9ral Al-Burhane au Soudan en juin 2019.&nbsp;(Ashraf Shazly \/AFP)<\/figcaption><\/figure>\n\n\n\n<p>par&nbsp;<a href=\"https:\/\/www.liberation.fr\/auteur\/maria-malagardis\/\">Maria Malagardis<\/a><\/p>\n\n\n\n<p>publi\u00e9 le 19 avril 2023 \u00e0 21h12<\/p>\n\n\n\n<p>Au premier jour des combats, samedi,&nbsp;<a href=\"https:\/\/www.liberation.fr\/international\/afrique\/soudan-khartoum-en-proie-a-des-combats-sur-fond-de-rivalite-entre-deux-generaux-20230415_5S75RQJMSZCADJUR6WR2P2D34E\/\" target=\"_blank\" rel=\"noreferrer noopener\">qui ont brutalement frapp\u00e9 Khartoum<\/a>, la capitale du Soudan,&nbsp;<a href=\"https:\/\/www.liberation.fr\/international\/afrique\/soudan-abdel-fattah-al-burhan-desormais-seul-homme-fort-20211026_LSPCICDYV5GIVJGASSXKRB7ENY\/\" target=\"_blank\" rel=\"noreferrer noopener\">le g\u00e9n\u00e9ral Abdel Fattah al-Burhane<\/a>&nbsp;s\u2019\u00e9tait d\u00e9clar\u00e9 \u00ab<em>surpris<\/em>\u00bb. A la t\u00eate du Conseil de souverainet\u00e9 de la transition, ce g\u00e9n\u00e9ral sexag\u00e9naire \u00e9tait-il pour autant sinc\u00e8rement \u00e9tonn\u00e9 de voir son principal alli\u00e9, le chef des milices paramilitaires, Mohamed Hamdan Daglo, surnomm\u00e9 \u00abHemetti\u00bb, se retourner soudain contre lui ? Le feu couvait d\u00e9j\u00e0 depuis plusieurs mois entre les deux hommes lorsque le second a attaqu\u00e9 sans pr\u00e9venir le QG de l\u2019arm\u00e9e. Depuis&nbsp;<a href=\"https:\/\/www.liberation.fr\/international\/afrique\/affrontements-a-khartoum-les-civils-pris-au-piege-20230417_3YS47GQGFZA4RGNVCKYTDVVS5I\/\" target=\"_blank\" rel=\"noreferrer noopener\">le bruit des armes n\u2019a pas cess\u00e9<\/a>, faisant&nbsp;<a href=\"https:\/\/www.liberation.fr\/international\/afrique\/au-soudan-la-guerre-des-clans-a-fait-pres-de-200-morts-en-trois-jours-20230418_AB7S3TZ4CFHF5DKYKM3BGYBTZY\/\" target=\"_blank\" rel=\"noreferrer noopener\">plus de 270 morts<\/a>&nbsp;en quatre jours. Une bataille de chefs qui rompt soudain&nbsp;<a href=\"https:\/\/www.liberation.fr\/international\/afrique\/au-soudan-arrestations-manifestations-et-confusion-20211025_OWQBI24R5BGKBGIJZAXYRBSQE4\/\" target=\"_blank\" rel=\"noreferrer noopener\">l\u2019alliance forg\u00e9e le 25 octobre 2021<\/a>&nbsp;pour confisquer le pouvoir aux civils. Moins de deux ans apr\u00e8s la r\u00e9volution populaire qui avait conduit \u00e0&nbsp;<a href=\"https:\/\/www.liberation.fr\/planete\/2019\/04\/11\/les-nombreuses-terreurs-d-omar-el-bechir_1720854\/\" target=\"_blank\" rel=\"noreferrer noopener\">la chute du r\u00e9gime dictatorial d\u2019Omar el-B\u00e9chir<\/a>.<\/p>\n\n\n\n<p>Interview<\/p>\n\n\n\n<h3 class=\"wp-block-heading\"><a href=\"https:\/\/www.liberation.fr\/international\/au-soudan-les-deux-parties-semblent-setre-lancees-dans-une-lutte-a-mort-20230417_SGLCJOQUEFEVXH4WPABNO7NPMQ\/\">Affrontements au Soudan, \u00ables deux parties semblent s\u2019\u00eatre lanc\u00e9es dans une lutte \u00e0 mort\u00bb<\/a><\/h3>\n\n\n\n<p><a href=\"https:\/\/www.liberation.fr\/international\/\">International<\/a><\/p>\n\n\n\n<p>18 avr. 2023abonn\u00e9s<\/p>\n\n\n\n<p>D\u00e9sormais les leaders de la contestation populaire se cachent et les Soudanais n\u2019ont rien \u00e0 esp\u00e9rer de cette lutte sanglante au sommet, qui se traduit par des bombardements aveugles et des batailles de rue entre forces r\u00e9guli\u00e8res et paramilitaires. Ils savent bien que les deux hommes qui s\u2019affrontent ne se battent pas pour rendre le pouvoir aux civils, comme le pr\u00e9voyait pourtant enfin&nbsp;<a href=\"https:\/\/www.liberation.fr\/international\/afrique\/au-soudan-un-accord-au-bout-du-tunnel-20221126_ZJSU4F5HUFEOLISTNLFUGMINR4\/\" target=\"_blank\" rel=\"noreferrer noopener\">un accord sign\u00e9 en d\u00e9cembre<\/a>. La guerre des g\u00e9n\u00e9raux \u00e9loigne d\u00e9sormais cet horizon.&nbsp;<em>\u00abLes deux hommes sont d\u00e9test\u00e9s pour avoir confisqu\u00e9 la r\u00e9volution populaire d\u2019avril 2019. Mais Burhane est de surcro\u00eet accus\u00e9 de faire le jeu des islamistes\u00bb<\/em>, constate un ancien diplomate grand connaisseur de la r\u00e9gion.<\/p>\n\n\n\n<h2 class=\"wp-block-heading\">Dans le sillage d\u2019Omar el-B\u00e9chir<\/h2>\n\n\n\n<p>Moustache poivre et sel et visage \u00e9maci\u00e9, l\u2019aust\u00e8re g\u00e9n\u00e9ral qui a fini par se hisser au sommet du pouvoir en torpillant les aspirations d\u00e9mocratiques des Soudanais est en r\u00e9alit\u00e9 un pur produit de l\u2019ancien r\u00e9gime d\u2019Omar el-B\u00e9chir, d\u00e9sormais emprisonn\u00e9 \u00e0 Khartoum. Aujourd\u2019hui \u00e2g\u00e9 de 62 ans, Burhane \u00e9tait le troisi\u00e8me officier le plus grad\u00e9 au moment de l\u2019insurrection populaire d\u2019avril 2019, sans appara\u00eetre pour autant comme un pilier trop visible du r\u00e9gime d\u00e9funt. C\u2019est pourtant cet officier discret, form\u00e9 \u00e0 l\u2019acad\u00e9mie militaire du Caire et un temps attach\u00e9 d\u00e9fense \u00e0 l\u2019ambassade soudanaise \u00e0 P\u00e9kin, que l\u2019ancien pr\u00e9sident avait d\u00e9sign\u00e9 pour diriger la r\u00e9pression dans la r\u00e9gion du Darfour au d\u00e9but des ann\u00e9es 2000. Avec comme suppl\u00e9tif local, un certain Hemetti dont les milices, les redoutables Janjawid,<a href=\"https:\/\/www.liberation.fr\/week-end\/2005\/05\/21\/ce-qui-se-passe-au-darfour-est-un-genocide-ambigu_520614\/\" target=\"_blank\" rel=\"noreferrer noopener\">&nbsp;s\u00e8meront la terreur sur place<\/a>.<\/p>\n\n\n\n<p>A lire aussi<\/p>\n\n\n\n<h3 class=\"wp-block-heading\"><a href=\"https:\/\/www.liberation.fr\/international\/afrique\/le-soudan-sous-la-menace-dune-nouvelle-guerre-civile-20230415_NHGFLFJFSVDNHMMEOMRVCKJIPU\/\">Le Soudan sous la menace d\u2019une nouvelle guerre civile<\/a><\/h3>\n\n\n\n<p><a href=\"https:\/\/www.liberation.fr\/international\/afrique\/\">Afrique<\/a><\/p>\n\n\n\n<p>15 avr. 2023<\/p>\n\n\n\n<p>Quand la contestation populaire d\u00e9tr\u00f4ne enfin B\u00e9chir, au pouvoir depuis 1989, Burhane s\u2019impose tr\u00e8s vite dans la reconfiguration en cours : Il prend la t\u00eate du Conseil militaire de transition, d\u00e8s le 12 avril 2019, puis du Conseil souverain&nbsp;<a href=\"https:\/\/www.liberation.fr\/planete\/2019\/08\/19\/au-soudan-la-transition-devient-presque-realite_1746076\/\" target=\"_blank\" rel=\"noreferrer noopener\">form\u00e9 quatre mois plus tard avec un Premier ministre civil<\/a>. Il sera ainsi toujours au c\u0153ur du bras de fer qui va opposer civils et militaires jusqu\u2019au coup de force du 25 octobre 2021. Peu \u00e0 peu, il va r\u00e9int\u00e9grer des hauts fonctionnaires de l\u2019ancien r\u00e9gime ou des membres du Parti national du congr\u00e8s (NCP), celui qui avait impos\u00e9 une application stricte de la Charia sous le r\u00e8gne de B\u00e9chir.&nbsp;<em>\u00abIl a plac\u00e9 des islamistes \u00e0 tous les niveaux de l\u2019administration, et notamment dans les services secrets. Souvent en deuxi\u00e8me ou troisi\u00e8me position pour que ce ne soit pas trop flagrant mais personne n\u2019\u00e9tait dupe\u00bb,<\/em>&nbsp;constate le chercheur G\u00e9rard Prunier, sp\u00e9cialiste du Soudan.<\/p>\n\n\n\n<h2 class=\"wp-block-heading\">Le risque d\u2019un retour des islamistes au pouvoir<\/h2>\n\n\n\n<p><em>\u00abDeux jours apr\u00e8s le d\u00e9but du conflit en cours, les milices islamistes qui existaient du temps de B\u00e9chir sont d\u2019ailleurs r\u00e9apparues comme par magie dans les rues de Khartoum\u00bb,<\/em>&nbsp;souligne encore Prunier. En r\u00e9alit\u00e9 cette connivence avec les islamistes n\u2019est pas une surprise :<em>&nbsp;\u00abDepuis trente ans, B\u00e9chir a promu des officiers islamistes\u00bb,<\/em>&nbsp;rappelle encore le diplomate. Lui se montre plus intrigu\u00e9 par le soutien inconditionnel que lui apporte encore l\u2019Egypte.&nbsp;<em>\u00abCertes, comme tous les officiers soudanais, il a \u00e9t\u00e9 form\u00e9 en Egypte mais on aurait pu s\u2019attendre \u00e0 ce que l\u2019Egypte s\u2019inqui\u00e8te de la perspective du retour des islamistes au pouvoir dans le pays voisin, si Burhane remporte le conflit en cours. Or, s\u2019il gagne, il n\u2019aura pas d\u2019autre choix que de s\u2019appuyer d\u00e9sormais ouvertement sur les islamistes contre le peuple. Le Caire croit-il pouvoir continuer \u00e0 contr\u00f4ler Burhane ?\u00bb,<\/em>&nbsp;s\u2019interroge-t-il.<\/p>\n\n\n\n<p>Difficile dans l\u2019imm\u00e9diat de savoir qui remportera cette sanglante bataille des g\u00e9n\u00e9raux.<em>&nbsp;\u00abMais Burhane n\u2019est pas sorti d\u2019un \u0153uf d\u2019autruche. Il incarne une longue tradition historique. Celle d\u2019une \u00e9lite militaire musulmane et nilotique, form\u00e9e \u00e0 l\u2019\u00e9tranger. Elle a toujours eu le pouvoir, et m\u00e9prise profond\u00e9ment les suppl\u00e9tifs venus d\u2019autres r\u00e9gions comme Hemetti. La coexistence de deux forces arm\u00e9es au pouvoir \u00e9tait dans ces conditions intenable\u00bb,&nbsp;<\/em>constate G\u00e9rard Prunier. Lequel redoute en cas&nbsp;<em>\u00abde victoire de Burhane, le retour des forces centrifuges dans le pays, et \u00e0 terme un \u00e9clatement du Soudan\u00bb<\/em>.<\/p>\n<div style=\"text-align:center\" class=\"wps-pgfw-pdf-generate-icon__wrapper-frontend\">\n\t\t<a href=\"https:\/\/congokin.blog?action=genpdf&amp;id=11947\" class=\"pgfw-single-pdf-download-button\" ><img src=\"https:\/\/congokin.blog\/wp-content\/plugins\/pdf-generator-for-wp\/admin\/src\/images\/PDF_Tray.svg\" title=\"G\u00e9n\u00e9rer un PDF\" style=\"width:auto; height:45px;\"><\/a>\n\t\t<\/div>","protected":false},"excerpt":{"rendered":"<p>Guerre des g\u00e9n\u00e9raux au Soudan&nbsp;: al-Burhane, \u00abincarnation d\u2019une \u00e9lite musulmane et nilotique\u00bb Guerre des g\u00e9n\u00e9raux au Soudan&nbsp;: al-Burhane, \u00abincarnation d\u2019une \u00e9lite musulmane et nilotique\u00bb Confront\u00e9 depuis samedi \u00e0 un combat ouvert d\u00e9clench\u00e9 par son plus proche alli\u00e9, le g\u00e9n\u00e9ral Abdel Fattah al-Burhane s\u2019accroche pour l\u2019instant au pouvoir. Mais derri\u00e8re cette guerre des chefs qui ensanglante [&hellip;]<\/p>\n","protected":false},"author":9,"featured_media":0,"comment_status":"open","ping_status":"closed","sticky":false,"template":"","format":"standard","meta":{"footnotes":""},"categories":[3,7,8],"tags":[],"class_list":["post-11947","post","type-post","status-publish","format-standard","hentry","category-diplomatie","category-politique","category-societe"],"_links":{"self":[{"href":"https:\/\/congokin.blog\/index.php?rest_route=\/wp\/v2\/posts\/11947","targetHints":{"allow":["GET"]}}],"collection":[{"href":"https:\/\/congokin.blog\/index.php?rest_route=\/wp\/v2\/posts"}],"about":[{"href":"https:\/\/congokin.blog\/index.php?rest_route=\/wp\/v2\/types\/post"}],"author":[{"embeddable":true,"href":"https:\/\/congokin.blog\/index.php?rest_route=\/wp\/v2\/users\/9"}],"replies":[{"embeddable":true,"href":"https:\/\/congokin.blog\/index.php?rest_route=%2Fwp%2Fv2%2Fcomments&post=11947"}],"version-history":[{"count":3,"href":"https:\/\/congokin.blog\/index.php?rest_route=\/wp\/v2\/posts\/11947\/revisions"}],"predecessor-version":[{"id":11953,"href":"https:\/\/congokin.blog\/index.php?rest_route=\/wp\/v2\/posts\/11947\/revisions\/11953"}],"wp:attachment":[{"href":"https:\/\/congokin.blog\/index.php?rest_route=%2Fwp%2Fv2%2Fmedia&parent=11947"}],"wp:term":[{"taxonomy":"category","embeddable":true,"href":"https:\/\/congokin.blog\/index.php?rest_route=%2Fwp%2Fv2%2Fcategories&post=11947"},{"taxonomy":"post_tag","embeddable":true,"href":"https:\/\/congokin.blog\/index.php?rest_route=%2Fwp%2Fv2%2Ftags&post=11947"}],"curies":[{"name":"wp","href":"https:\/\/api.w.org\/{rel}","templated":true}]}}