{"id":11951,"date":"2023-04-20T05:38:57","date_gmt":"2023-04-20T05:38:57","guid":{"rendered":"https:\/\/congokin.blog\/?p=11951"},"modified":"2023-04-20T05:38:57","modified_gmt":"2023-04-20T05:38:57","slug":"guerre-des-generaux-au-soudan-hemetti-le-numero-2-rebelle","status":"publish","type":"post","link":"https:\/\/congokin.blog\/?p=11951","title":{"rendered":"Guerre des g\u00e9n\u00e9raux au Soudan : \u00abHemetti\u00bb, le num\u00e9ro 2 rebelle"},"content":{"rendered":"\n<p>Profil<\/p>\n\n\n\n<h1 class=\"wp-block-heading\">Guerre des g\u00e9n\u00e9raux au Soudan : \u00abHemetti\u00bb, le num\u00e9ro 2 rebelle<\/h1>\n\n\n\n<p>Article r\u00e9serv\u00e9 aux abonn\u00e9s<\/p>\n\n\n\n<p>Depuis samedi 15&nbsp;avril, le g\u00e9n\u00e9ral Mohamed Hamdane Daglo dit Hemetti se bat contre son ancien alli\u00e9, le g\u00e9n\u00e9ral Abdel Fattah al-Burhane, \u00e0 coups d\u2019armes lourdes dans les rues de la capitale. Cet ancien chef de milice entend prendre le contr\u00f4le du pays.<\/p>\n\n\n\n<figure class=\"wp-block-image\"><img decoding=\"async\" src=\"https:\/\/www.liberation.fr\/resizer\/egWNvslmiU3nUE-P-EOowWro9GY=\/1024x0\/filters:format(jpg):quality(70):focal(2433x1382:2443x1392)\/cloudfront-eu-central-1.images.arcpublishing.com\/liberation\/LX6GRQQMTZDOTOYXJXQMIFFETI.jpg\" alt=\"\"\/><figcaption class=\"wp-element-caption\">Mohamed Hamdane Daglo, dit \u00abHemetti\u00bb, dirige l&rsquo;arm\u00e9e paramilitaire des Forces de soutien rapide. En juin 2019 \u00e0 Qarri.&nbsp;(Ashraf Shazly \/AFP)<\/figcaption><\/figure>\n\n\n\n<p>par&nbsp;<a href=\"https:\/\/www.liberation.fr\/auteur\/luc-mathieu\/\">Luc Mathieu<\/a><\/p>\n\n\n\n<p>publi\u00e9 le 19 avril 2023 \u00e0 21h14<\/p>\n\n\n\n<p>Il est loin l\u2019\u00e9leveur de chameaux sans \u00e9ducation raill\u00e9 par les \u00e9lites de Khartoum. A la t\u00eate de sa milice aussi puissante ou presque que l\u2019arm\u00e9e soudanaise, le g\u00e9n\u00e9ral Mohamed Hamdane Daglo, dit Hemetti, est en guerre pour le contr\u00f4le du pays.&nbsp;<a href=\"https:\/\/www.liberation.fr\/planete\/2015\/03\/26\/raids-aeriens-de-l-arabie-saoudite-au-yemen_1228609\/\" target=\"_blank\" rel=\"noreferrer noopener\">Depuis samedi, Il se bat contre son ancien alli\u00e9<\/a>, le g\u00e9n\u00e9ral Abdel Fattah al-Burhane, commandant des forces gouvernementales, \u00e0 coups d\u2019armes lourdes dans les rues de la capitale.<\/p>\n\n\n\n<p>Hemetti a quand m\u00eame le temps de tweeter et de se pr\u00e9senter comme le d\u00e9fenseur de la d\u00e9mocratie, opposant des islamistes, alors qu\u2019il doit son ascension au dictateur d\u00e9chu Omar el-B\u00e9chir, et pro-pouvoir civil, alors qu\u2019il a \u00e9vinc\u00e9 ses repr\u00e9sentants lors du coup d\u2019Etat d\u2019octobre 2021 avec son d\u00e9sormais ennemi al-Burhane (lire ci-contre). Num\u00e9ro 2 de la junte, richissime et \u00e0 la t\u00eate de plusieurs dizaines de milliers de combattants, soutenu par des pays \u00e9trangers, Hemetti estime qu\u2019il est temps de s\u2019emparer seul du pouvoir.<\/p>\n\n\n\n<p>Rien ne semblait l\u2019y pr\u00e9destiner. N\u00e9 en 1975, il a grandi au Darfour, dans un petit clan arabe des Rizeigat Abbala (\u00e9leveurs de chameaux), implant\u00e9 de part et d\u2019autre de la fronti\u00e8re avec le Tchad. Il est peu \u00e9duqu\u00e9, sa scolarit\u00e9 s\u2019arr\u00eate alors qu\ufffd\ufffd\ufffdil a une dizaine d\u2019ann\u00e9es. En 2003, le dictateur Omar el-B\u00e9chir d\u00e9cide d\u2019\u00e9craser la r\u00e9bellion au Darfour du Nord. C\u2019est un autre Rizeigat Abbala issu d\u2019une lign\u00e9e puissante, Moussa Hilal, qui est alors charg\u00e9 de prendre la t\u00eate des combattants arabes pour la mater. Ces Janjawids font plus que \u00e7a, ils commettent massacres et pillages qui vaudront \u00e0&nbsp;<a href=\"https:\/\/www.liberation.fr\/planete\/2019\/04\/11\/les-nombreuses-terreurs-d-omar-el-bechir_1720854\/\" target=\"_blank\" rel=\"noreferrer noopener\">Omar el-B\u00e9chir deux mandats d\u2019arr\u00eat<\/a>&nbsp;pour crimes de guerre, crimes contre l\u2019humanit\u00e9 et g\u00e9nocide. Hemetti, lui, dirige son propre groupe.<em>&nbsp;\u00abOn ne sait pas exactement ce qu\u2019il a fait pendant la premi\u00e8re partie de la guerre mais Il dirigeait des business transfrontaliers entre l\u2019Egypte, le Tchad et le Soudan\u00bb,&nbsp;<\/em>explique Cl\u00e9ment Deshayes, anthropologue et chercheur \u00e0 l\u2019Institut de recherche strat\u00e9gique de l\u2019\u00e9cole militaire (Irsem).<\/p>\n\n\n\n<h2 class=\"wp-block-heading\">Puissance et richesse<\/h2>\n\n\n\n<p>En 2013, Omar el-B\u00e9chir, inquiet de l\u2019autonomie croissante et des ambitions de Moussa Hilal, d\u00e9cide de regrouper les Janjawids au sein des Forces de soutien rapide (FSR), et offre \u00e0 Hemetti de prendre leur t\u00eate. Il devient g\u00e9n\u00e9ral et les FSR d\u2019abord plac\u00e9es sous l\u2019\u00e9gide des services de renseignement basculent sous celui de la pr\u00e9sidence. Elles recrutent et sont envoy\u00e9es l\u00e0 o\u00f9 les contestations les plus s\u00e9rieuses se font jour, au Kordofan du Sud, puis une nouvelle fois au Darfour. Les exactions \u2013 tueries, viols, tortures, incendies de villages \u2013 sont coutumi\u00e8res. Peu importe pour el-B\u00e9chir, qui peut compter sur les FSR pour contrebalancer le poids des services de renseignement et de l\u2019arm\u00e9e qui pourraient \u00eatre tent\u00e9s de le renverser.&nbsp;<em>\u00abC\u2019est une mani\u00e8re d\u2019assurer l\u2019\u00e9quilibre entre forces de s\u00e9curit\u00e9, une man\u0153uvre classique pour contrer un \u00e9ventuel coup d\u2019Etat\u00bb,<\/em>&nbsp;dit Cl\u00e9ment Deshayes.<\/p>\n\n\n\n<p>Le prot\u00e9g\u00e9 d\u2019el-B\u00e9chir continue d\u2019accro\u00eetre sa puissance puis sa richesse lorsqu\u2019il r\u00e9cup\u00e8re des mines d\u2019or au Darfour. Leur commerce, essentiellement de contrebande, se fait aux Emirats arabes unis, \u00e0 Duba\u00ef en particulier. En 2015, Hemetti et sa force paramilitaire s\u2019internationalisent.&nbsp;<a href=\"https:\/\/www.liberation.fr\/planete\/2015\/03\/26\/raids-aeriens-de-l-arabie-saoudite-au-yemen_1228609\/\" target=\"_blank\" rel=\"noreferrer noopener\">L\u2019Arabie saoudite vient de d\u00e9cider de s\u2019impliquer directement dans la guerre au Y\u00e9men<\/a>&nbsp;o\u00f9 les rebelles houtis, d\u2019ob\u00e9dience chiite, se sont empar\u00e9s de la capitale, Sanaa, et ont p\u00e9n\u00e9tr\u00e9 dans Aden, au sud. Elle monte une coalition avec les Emirats arabes unis. Mais les deux pays du Golfe rechignent \u00e0 envoyer massivement leurs soldats. Ils se reportent sur les FSR qui d\u00e9p\u00eachent plusieurs milliers d\u2019hommes.<\/p>\n\n\n\n<h2 class=\"wp-block-heading\">Num\u00e9ro 2 de la junte<\/h2>\n\n\n\n<p>Des combattants des FSR rejoindront ensuite la Libye, \u00e0 la demande des Emirats arabes unis pour soutenir le mar\u00e9chal Khalifa Haftar qui contr\u00f4le l\u2019est et s\u2019oppose au gouvernement reconnu par l\u2019ONU de Tripoli. Bien moins nombreux qu\u2019au Y\u00e9men, ils seront essentiellement charg\u00e9s de s\u00e9curiser des territoires du sud du pays pour permettre aux hommes d\u2019Haftar, \u00e9galement soutenus par les miliciens russes de Wagner, de combattre ailleurs dans le pays.<\/p>\n\n\n\n<p>En avril 2019, Hemetti trahit celui qui l\u2019a fait : Omar el-B\u00e9chir. Le dictateur, d\u00e9j\u00e0 l\u00e2ch\u00e9 par l\u2019arm\u00e9e, est d\u00e9chu et emprisonn\u00e9 apr\u00e8s trois mois de contestations. Le 3 juin de la m\u00eame ann\u00e9e, Hemetti, devenu vice-pr\u00e9sident du Conseil militaire de transition, envoie ses hommes contre&nbsp;<a href=\"https:\/\/www.liberation.fr\/international\/afrique\/au-soudan-arrestations-manifestations-et-confusion-20211025_OWQBI24R5BGKBGIJZAXYRBSQE4\/?redirected=1\" target=\"_blank\" rel=\"noreferrer noopener\">un sit-in de militants pro-d\u00e9mocratie devant le quartier g\u00e9n\u00e9ral de l\u2019arm\u00e9e \u00e0 Khartoum<\/a>. Un massacre, un de plus. Cela ne l\u2019emp\u00eachera pas de continuer ensuite \u00e0 travailler ses r\u00e9seaux et \u00e0 en b\u00e2tir de nouveaux, y compris au sein des officiers de l\u2019arm\u00e9e et de l\u2019\u00e9lite soudanaise qui h\u00e9site d\u00e9sormais \u00e0 le m\u00e9priser.<\/p>\n\n\n\n<p>Le 25 octobre 2021, il est encore l\u00e0 aux c\u00f4t\u00e9s du g\u00e9n\u00e9ral Abdel Fattah al-Burhane qui n\u2019a eu d\u2019autre choix que de l\u2019appeler pour&nbsp;<a href=\"https:\/\/www.liberation.fr\/international\/afrique\/au-soudan-arrestations-manifestations-et-confusion-20211025_OWQBI24R5BGKBGIJZAXYRBSQE4\/?redirected=1\" target=\"_blank\" rel=\"noreferrer noopener\">le putsch contre les autorit\u00e9s civiles<\/a>. Num\u00e9ro 2 de la junte, il commence peu \u00e0 peu \u00e0 critiquer l\u2019arm\u00e9e, \u00e0 laquelle il reproche de compter des officiers islamistes de l\u2019ancien r\u00e9gime, et se r\u00e9clame de la r\u00e9volution de 2019. L\u2019\u00e9quilibre entre les deux g\u00e9n\u00e9raux, qui ne pouvait tenir, se fissure jusqu\u2019au d\u00e9clenchement samedi des affrontements, une semaine avant le transfert programm\u00e9 du pouvoir aux civils. Hemetti sait qu\u2019il ne peut pas y avoir deux arm\u00e9es au Soudan, et il entend bien imposer la sienne \u00e0 la t\u00eate du pays.<\/p>\n<div style=\"text-align:center\" class=\"wps-pgfw-pdf-generate-icon__wrapper-frontend\">\n\t\t<a href=\"https:\/\/congokin.blog?action=genpdf&amp;id=11951\" class=\"pgfw-single-pdf-download-button\" ><img src=\"https:\/\/congokin.blog\/wp-content\/plugins\/pdf-generator-for-wp\/admin\/src\/images\/PDF_Tray.svg\" title=\"G\u00e9n\u00e9rer un PDF\" style=\"width:auto; height:45px;\"><\/a>\n\t\t<\/div>","protected":false},"excerpt":{"rendered":"<p>Profil Guerre des g\u00e9n\u00e9raux au Soudan : \u00abHemetti\u00bb, le num\u00e9ro 2 rebelle Article r\u00e9serv\u00e9 aux abonn\u00e9s Depuis samedi 15&nbsp;avril, le g\u00e9n\u00e9ral Mohamed Hamdane Daglo dit Hemetti se bat contre son ancien alli\u00e9, le g\u00e9n\u00e9ral Abdel Fattah al-Burhane, \u00e0 coups d\u2019armes lourdes dans les rues de la capitale. Cet ancien chef de milice entend prendre le [&hellip;]<\/p>\n","protected":false},"author":9,"featured_media":0,"comment_status":"open","ping_status":"closed","sticky":false,"template":"","format":"standard","meta":{"footnotes":""},"categories":[3,7,8],"tags":[],"class_list":["post-11951","post","type-post","status-publish","format-standard","hentry","category-diplomatie","category-politique","category-societe"],"_links":{"self":[{"href":"https:\/\/congokin.blog\/index.php?rest_route=\/wp\/v2\/posts\/11951","targetHints":{"allow":["GET"]}}],"collection":[{"href":"https:\/\/congokin.blog\/index.php?rest_route=\/wp\/v2\/posts"}],"about":[{"href":"https:\/\/congokin.blog\/index.php?rest_route=\/wp\/v2\/types\/post"}],"author":[{"embeddable":true,"href":"https:\/\/congokin.blog\/index.php?rest_route=\/wp\/v2\/users\/9"}],"replies":[{"embeddable":true,"href":"https:\/\/congokin.blog\/index.php?rest_route=%2Fwp%2Fv2%2Fcomments&post=11951"}],"version-history":[{"count":1,"href":"https:\/\/congokin.blog\/index.php?rest_route=\/wp\/v2\/posts\/11951\/revisions"}],"predecessor-version":[{"id":11952,"href":"https:\/\/congokin.blog\/index.php?rest_route=\/wp\/v2\/posts\/11951\/revisions\/11952"}],"wp:attachment":[{"href":"https:\/\/congokin.blog\/index.php?rest_route=%2Fwp%2Fv2%2Fmedia&parent=11951"}],"wp:term":[{"taxonomy":"category","embeddable":true,"href":"https:\/\/congokin.blog\/index.php?rest_route=%2Fwp%2Fv2%2Fcategories&post=11951"},{"taxonomy":"post_tag","embeddable":true,"href":"https:\/\/congokin.blog\/index.php?rest_route=%2Fwp%2Fv2%2Ftags&post=11951"}],"curies":[{"name":"wp","href":"https:\/\/api.w.org\/{rel}","templated":true}]}}