{"id":11960,"date":"2023-04-20T06:17:29","date_gmt":"2023-04-20T06:17:29","guid":{"rendered":"https:\/\/congokin.blog\/?p=11960"},"modified":"2023-04-20T06:17:29","modified_gmt":"2023-04-20T06:17:29","slug":"des-organisations-de-la-societe-civile-appellent-a-la-liberation-de-mwangachuchu","status":"publish","type":"post","link":"https:\/\/congokin.blog\/?p=11960","title":{"rendered":"Des organisations de la soci\u00e9t\u00e9 civile appellent \u00e0 la lib\u00e9ration de Mwangachuchu"},"content":{"rendered":"\n<h1 class=\"wp-block-heading\">RDC : Des organisations de la soci\u00e9t\u00e9 civile appellent \u00e0 l&rsquo;intervention de Mboso pour la lib\u00e9ration de Mwangachuchu\u00a0<\/h1>\n\n\n\n<p>Image<\/p>\n\n\n\n<figure class=\"wp-block-image\"><img decoding=\"async\" src=\"https:\/\/7sur7.cd\/sites\/default\/files\/styles\/article_2022\/public\/2023-04\/5012ac9e-e132-40af-afaf-bda3a77b1249.jpeg?itok=d8_CHa8y\" alt=\"Droits tiers \"\/><\/figure>\n\n\n\n<h2 class=\"wp-block-heading\"><strong>Des mouvements citoyens et organisations de d\u00e9fense des droits de l&rsquo;homme font appel \u00e0 l&rsquo;intervention du pr\u00e9sident de l&rsquo;Assembl\u00e9e nationale, Christophe Mboso, pour la mise en libert\u00e9 du d\u00e9put\u00e9 national et homme d&rsquo;affaires \u00c9douard Mwangachuchu<\/strong> [en <strong>d\u00e9tention <\/strong>arbitraire].<\/h2>\n\n\n\n<p>Ces structures de la soci\u00e9t\u00e9 civile ont saisi le speaker de la chambre basse du Parlement \u00e0 travers un m\u00e9morandum d\u00e9pos\u00e9 ce mardi 18 avril 2023 au secr\u00e9tariat de cette institution.&nbsp;<\/p>\n\n\n\n<p>Tout en estimant que le proc\u00e8s intent\u00e9 contre Mwangachuchu n&rsquo;a aucun soubassement juridique, ces organisations s&rsquo;inqui\u00e8tent du silence des \u00e9lus nationaux qui l&rsquo;ont abandonn\u00e9 \u00e0 son triste sort sans tenir compte de son \u00e9tat de sant\u00e9 \u00ab d\u00e9gradant \u00bb.&nbsp;<\/p>\n\n\n\n<blockquote class=\"wp-block-quote is-layout-flow wp-block-quote-is-layout-flow\">\n<p>\u00ab&nbsp;<em>Monsieur le pr\u00e9sident de l&rsquo;Assembl\u00e9e nationale, ayant suivi de pr\u00e8s ce dossier, notre collectif constate que cette arrestation est tout simplement politique et non judiciaire car en violation des dispositions constitutionnelles de notre pays. L&rsquo;acharnement et la campagne de diabolisation m\u00e9diatique contre la personne de l&rsquo;honorable Mwangachuchu nous permet d&rsquo;affirmer avec aucune crainte d&rsquo;\u00eatre contredit que son proc\u00e8s est un r\u00e8glement de compte planifi\u00e9 par certains ennemis de la d\u00e9mocratie et qui bafouent les efforts tant fournis par le pr\u00e9sident de la R\u00e9publique pour instaurer un \u00c9tat de droit en RDC. En vue de participer \u00e0 rendre effectif cette vision du chef de l&rsquo;\u00c9tat, Honorable pr\u00e9sident, notre collectif vous adresse ce m\u00e9morandum pour solliciter votre implication personnelle afin que cet \u00e9lu du peuple recouvre sa libert\u00e9 car son proc\u00e8s est sans fondement, ni soubassement juridique<\/em>&nbsp;\u00bb, ont indiqu\u00e9 ces mouvements citoyens et organisations de d\u00e9fense des droits humains.&nbsp;<\/p>\n<\/blockquote>\n\n\n\n<p>Ces structures disent compter sur \u00ab la sagesse l\u00e9gendaire, l&rsquo;intelligence et l&rsquo;influence \u00bb du pr\u00e9sident de l&rsquo;Assembl\u00e9e nationale pour un d\u00e9nouement heureux de cette affaire.&nbsp;<\/p>\n\n\n\n<blockquote class=\"wp-block-quote is-layout-flow wp-block-quote-is-layout-flow\">\n<p>\u00ab&nbsp;<em>L&rsquo;arrestation de l&rsquo;honorable Mwangachuchu n&rsquo;\u00e9tait qu&rsquo;une man\u0153uvre frauduleuse pour escamoter l&rsquo;obligation de demander l&rsquo;autorisation du bureau et la lev\u00e9e de ses immunit\u00e9s. C&rsquo;est une honte et une humiliation contre non seulement l&rsquo;honorable Mwangachuchu, mais tous les membres du Parlement<\/em>&nbsp;\u00bb, ont-elles d\u00e9plor\u00e9.&nbsp;<\/p>\n<\/blockquote>\n\n\n\n<p>Par ailleurs, ces mouvements citoyens et organisations de d\u00e9fense des droits humains demandent \u00e0 la Cour constitutionnelle de prendre en consid\u00e9ration l&rsquo;exception d&rsquo;inconstitutionnalit\u00e9 soulev\u00e9e par les avocats de la d\u00e9fense.&nbsp;<\/p>\n\n\n\n<p>Parmi les signataires de ce m\u00e9morandum figurent entre autres les structures ci-apr\u00e8s : Il est temps, Telema peuple, Front citoyen pour la d\u00e9fense de la constitution, Justice for human, Pamoja ni nguvu et Union fait la force.&nbsp;<\/p>\n\n\n\n<p><strong>Merveil Molo<\/strong><\/p>\n<div style=\"text-align:center\" class=\"wps-pgfw-pdf-generate-icon__wrapper-frontend\">\n\t\t<a href=\"https:\/\/congokin.blog?action=genpdf&amp;id=11960\" class=\"pgfw-single-pdf-download-button\" ><img src=\"https:\/\/congokin.blog\/wp-content\/plugins\/pdf-generator-for-wp\/admin\/src\/images\/PDF_Tray.svg\" title=\"G\u00e9n\u00e9rer un PDF\" style=\"width:auto; height:45px;\"><\/a>\n\t\t<\/div>","protected":false},"excerpt":{"rendered":"<p>RDC : Des organisations de la soci\u00e9t\u00e9 civile appellent \u00e0 l&rsquo;intervention de Mboso pour la lib\u00e9ration de Mwangachuchu\u00a0 Image Des mouvements citoyens et organisations de d\u00e9fense des droits de l&rsquo;homme font appel \u00e0 l&rsquo;intervention du pr\u00e9sident de l&rsquo;Assembl\u00e9e nationale, Christophe Mboso, pour la mise en libert\u00e9 du d\u00e9put\u00e9 national et homme d&rsquo;affaires \u00c9douard Mwangachuchu [en [&hellip;]<\/p>\n","protected":false},"author":9,"featured_media":0,"comment_status":"open","ping_status":"closed","sticky":false,"template":"","format":"standard","meta":{"footnotes":""},"categories":[6,7],"tags":[],"class_list":["post-11960","post","type-post","status-publish","format-standard","hentry","category-justice","category-politique"],"_links":{"self":[{"href":"https:\/\/congokin.blog\/index.php?rest_route=\/wp\/v2\/posts\/11960","targetHints":{"allow":["GET"]}}],"collection":[{"href":"https:\/\/congokin.blog\/index.php?rest_route=\/wp\/v2\/posts"}],"about":[{"href":"https:\/\/congokin.blog\/index.php?rest_route=\/wp\/v2\/types\/post"}],"author":[{"embeddable":true,"href":"https:\/\/congokin.blog\/index.php?rest_route=\/wp\/v2\/users\/9"}],"replies":[{"embeddable":true,"href":"https:\/\/congokin.blog\/index.php?rest_route=%2Fwp%2Fv2%2Fcomments&post=11960"}],"version-history":[{"count":1,"href":"https:\/\/congokin.blog\/index.php?rest_route=\/wp\/v2\/posts\/11960\/revisions"}],"predecessor-version":[{"id":11961,"href":"https:\/\/congokin.blog\/index.php?rest_route=\/wp\/v2\/posts\/11960\/revisions\/11961"}],"wp:attachment":[{"href":"https:\/\/congokin.blog\/index.php?rest_route=%2Fwp%2Fv2%2Fmedia&parent=11960"}],"wp:term":[{"taxonomy":"category","embeddable":true,"href":"https:\/\/congokin.blog\/index.php?rest_route=%2Fwp%2Fv2%2Fcategories&post=11960"},{"taxonomy":"post_tag","embeddable":true,"href":"https:\/\/congokin.blog\/index.php?rest_route=%2Fwp%2Fv2%2Ftags&post=11960"}],"curies":[{"name":"wp","href":"https:\/\/api.w.org\/{rel}","templated":true}]}}