{"id":11965,"date":"2023-04-20T19:45:31","date_gmt":"2023-04-20T19:45:31","guid":{"rendered":"https:\/\/congokin.blog\/?p=11965"},"modified":"2023-04-20T19:48:14","modified_gmt":"2023-04-20T19:48:14","slug":"le-regime-de-tshisekedi-implique-dans-congo-holp-up-monte-contre-kabila","status":"publish","type":"post","link":"https:\/\/congokin.blog\/?p=11965","title":{"rendered":"Le r\u00e9gime de Tshisekedi impliqu\u00e9 dans \u00ab\u00a0Congo-holp-up\u00a0\u00bb mont\u00e9 contre Kabila"},"content":{"rendered":"\n<h1 class=\"wp-block-heading\">Les bonnes affaires de Philippe de Moerloose avec le gouvernement Tshisekedi<\/h1>\n\n\n\n<p>Signalement antiblanchiment, psychodrame interne dans une banque panafricaine, v\u00e9hicules co\u00fbteux\u2026 Enqu\u00eate sur le business \u00e0 neuf chiffres du Belge Philippe de Moerloose avec la RD Congo. Un business qui r\u00e9siste aux services de conformit\u00e9, aux enqu\u00eates judiciaires ou au changement de r\u00e9gime Kabila-Tshisekedi.\u00a0<\/p>\n\n\n\n<figure class=\"wp-block-image\"><img decoding=\"async\" src=\"https:\/\/leseng.rosselcdn.net\/sites\/default\/files\/dpistyles_v2\/ls_16_9_864w\/2023\/04\/14\/node_507447\/30040044\/public\/2023\/04\/14\/B9734026735Z.1_20230414215944_000%2BGRHMJHQBJ.1-0.jpg?itok=HQODK2fa1681741431\" alt=\"Le Groupe Volvo \u00aba pris les mesures appropri\u00e9es pour enqu\u00eater\u00bb sur un contrat de vente de bus par l\u2019interm\u00e9diaire d\u2019une soci\u00e9t\u00e9 du Belge Philippe de Moerloose \u00e0 la RD Congo.\"\/><figcaption class=\"wp-element-caption\">Le Groupe Volvo \u00aba pris les mesures appropri\u00e9es pour enqu\u00eater\u00bb sur un contrat de vente de bus par l\u2019interm\u00e9diaire d\u2019une soci\u00e9t\u00e9 du Belge Philippe de Moerloose \u00e0 la RD Congo. &#8211; D.R.<\/figcaption><\/figure>\n\n\n\n<figure class=\"wp-block-image\"><img decoding=\"async\" src=\"https:\/\/leseng.rosselcdn.net\/sites\/default\/files\/dpistyles\/thumbnail\/taxonomy_term_979\/27211345\/public\/thumbnails\/image\/191027louiscolart_0.jpg?itok=JIG9VF5o1572207825\" alt=\"Louis Colart\"\/><\/figure>\n\n\n\n<p><strong>Enqu\u00eate<\/strong>&nbsp;&#8211;&nbsp;Journaliste au service Soci\u00e9t\u00e9Par&nbsp;<a href=\"https:\/\/www.lesoir.be\/979\/dpi-authors\/louis-colart\">Louis Colart<\/a>&nbsp;et Kasper Goethals (\u00abDe Standaard\u00bb), Yann Philippin (\u00abMediapart\u00bb)Publi\u00e9 le 15\/04\/2023 \u00e0 06:00&nbsp;Temps de lecture: 5 min<\/p>\n\n\n\n<p>Le visage conqu\u00e9rant du pr\u00e9sident congolais F\u00e9lix Tshisekedi orne le flanc de dizaines de bus align\u00e9s en face du campus de l\u2019Institut sup\u00e9rieur du commerce (ISC) de Kinshasa. Depuis sa tribune, le chef de l\u2019Etat contemple le spectacle au milieu d\u2019un parterre de politiques et de responsables acad\u00e9miques tri\u00e9s sur le volet. Ce 24 f\u00e9vrier 2023, la t\u00e9l\u00e9vision&nbsp;<a href=\"https:\/\/www.youtube.com\/watch?v=sbwSclqSAg0\" target=\"_blank\" rel=\"noreferrer noopener\">retransmet<\/a>&nbsp;en int\u00e9gralit\u00e9 cette c\u00e9r\u00e9monie de mise en service des bus du programme \u00ab&nbsp;Trans-Academia&nbsp;\u00bb, destin\u00e9s au transport des 25.000 \u00e9tudiants locaux. Sur les bus Volvo, on lit&nbsp;: \u00ab&nbsp;Don du pr\u00e9sident de la R\u00e9publique&nbsp;\u00bb. Pour couvrir les cris enthousiasm\u00e9s des \u00e9tudiants parqu\u00e9s \u00e0 distance raisonnable de la tribune,&nbsp;<a href=\"https:\/\/actualite.cd\/2023\/02\/24\/rdc-felix-tshisekedi-lance-la-circulation-des-bus-pour-etudiants-trans-academia-ce\" target=\"_blank\" rel=\"noreferrer noopener\">le directeur de l\u2019ISC<\/a>&nbsp;fait part, \u00e0 pleins poumons, de son \u00ab&nbsp;immense gratitude \u00e0 son Excellence Monsieur F\u00e9lix-Antoine Tshisekedi Tshilombo&nbsp;\u00bb.<\/p>\n\n\n\n<p>En 2019, le gouvernement du pr\u00e9sident Tshisekedi avait d\u00e9cid\u00e9 d\u2019investir massivement dans Transco, le service de transport en commun public de la R\u00e9publique d\u00e9mocratique du Congo (RDC). Le lot de 100 bus \u00ab&nbsp;Trans-Academia&nbsp;\u00bb est issu de cette commande plus large de 440 bus Volvo flambant neufs.<\/p>\n\n\n\n<figure class=\"wp-block-image\"><img decoding=\"async\" src=\"https:\/\/leseng.rosselcdn.net\/sites\/default\/files\/dpistyles_v2\/ena_16_9_extra_big\/2023\/04\/14\/node_507447\/30040209\/public\/2023\/04\/14\/B9734026735Z.1_20230414215944_000%2BG0LMJI0U1.1-0.jpg?itok=wXlIQvyZ1681741431\" alt=\"Quelques-uns des 100 bus \u00abdonn\u00e9s\u00bb par le pr\u00e9sident Tshisekedi pour les \u00e9tudiants de l\u2019ISC.\"\/><figcaption class=\"wp-element-caption\">Quelques-uns des 100 bus \u00abdonn\u00e9s\u00bb par le pr\u00e9sident Tshisekedi pour les \u00e9tudiants de l\u2019ISC. &#8211; Pr\u00e9sidence RDC.<\/figcaption><\/figure>\n\n\n\n<p>Sans doute pour ne pas g\u00e2cher la f\u00eate, le pr\u00e9sident congolais a omis, dans son discours, de pr\u00e9ciser l\u2019origine de ce \u00ab&nbsp;don&nbsp;\u00bb. Et pour cause. Selon nos informations, les bus ont \u00e9t\u00e9 achet\u00e9s par l\u2019Etat congolais \u00e0 l\u2019entrepreneur belge Philippe de Moerloose, vis\u00e9 par une enqu\u00eate de la justice belge pour \u00ab&nbsp;corruption d\u2019agents publics \u00e9trangers&nbsp;\u00bb, ouverte suite \u00e0 nos r\u00e9v\u00e9lations publi\u00e9es en d\u00e9cembre 2021 dans le cadre de l\u2019op\u00e9ration \u00ab&nbsp;Congo Hold-up&nbsp;\u00bb.<\/p>\n\n\n\n<p>&nbsp;<strong>\u00c0 lire aussi<\/strong>&nbsp;<a href=\"https:\/\/www.lesoir.be\/448369\/article\/2022-06-14\/congo-hold-la-justice-belge-perquisitionne-philippe-de-moerloose\">Congo Hold-up: la justice belge perquisitionne Philippe de Moerloose<\/a><\/p>\n\n\n\n<p>Cette enqu\u00eate r\u00e9alis\u00e9e avec les partenaires de l\u2019<em>European investigative collaborations<\/em>&nbsp;(EIC)&nbsp;avait d\u00e9montr\u00e9 que Philippe de Moerloose avait, sous la pr\u00e9sidence de Joseph Kabila (2001-2019), amass\u00e9 une v\u00e9ritable fortune gr\u00e2ce \u00e0 des contrats obtenus sans appel d\u2019offres avec la RDC, pour un total de 742,9 millions de dollars, sur la vente de mat\u00e9riels lourds (tracteurs, camions, engins de chantier\u2026), avec&nbsp;<a href=\"https:\/\/www.lesoir.be\/410349\/article\/2021-12-04\/congo-hold-sur-les-traces-des-machines-prix-dor-de-philippe-de-moerloose\">des marges b\u00e9n\u00e9ficiaires stratosph\u00e9riques<\/a>&nbsp;\u2013 les mat\u00e9riels \u00e9taient vendus jusqu\u2019\u00e0 sept fois leur prix d\u2019achat.<\/p>\n\n\n\n<p>De nouveaux documents confidentiels issus de la banque togolaise Ecobank obtenus par&nbsp;<em>Le Soir<\/em>,&nbsp;<em>De Standaard<\/em>&nbsp;et&nbsp;&nbsp;<em>Mediapart<\/em>&nbsp;montrent que les contrats de plusieurs millions de dollars avec l\u2019Etat congolais se sont poursuivis malgr\u00e9 le d\u00e9part du pr\u00e9sident Kabila. Le gouvernement Tshisekedi a \u00e9galement acquis des v\u00e9hicules de transport \u00e0 la soci\u00e9t\u00e9 du Belge. Les Volvo B270F \u2013 des bus rudimentaires de 12,6 m\u00e8tres de long et de trois m\u00e8tres de haut \u2013 ont \u00e9t\u00e9 achet\u00e9s pour 72,8 millions de dollars (65,9 millions d\u2019euros au taux actuel). Soit 165.000 dollars l\u2019unit\u00e9, frais de livraison et service apr\u00e8s-vente inclus.<\/p>\n\n\n\n<h2 class=\"wp-block-heading\">Volvo enqu\u00eate<\/h2>\n\n\n\n<p>Les documents que nous avons pu consulter ne permettent pas de savoir \u00e0 quel prix SMT Africa a acquis ces bus destin\u00e9s \u00e0 l\u2019Etat congolais. Ce tarif \u00e9tait-il conforme aux prix de march\u00e9&nbsp;? Et pourquoi Philippe de Moerloose a-t-il \u00e9t\u00e9 de nouveau choisi malgr\u00e9 les tarifs \u00e9normes qu\u2019il pratiquait par le pass\u00e9&nbsp;? L\u2019homme d\u2019affaires a refus\u00e9 de r\u00e9pondre de mani\u00e8re substantielle \u00e0 nos questions (lire ci-dessous). Le porte-parole du gouvernement Tshisekedi n\u2019a pas r\u00e9pondu \u00e0 nos sollicitations. Mais le Groupe Volvo a tenu \u00e0 r\u00e9agir, indiquant qu\u2019il \u00e9tait \u00ab&nbsp;au courant des all\u00e9gations mentionn\u00e9es&nbsp;\u00bb dans nos questions. Le Groupe Volvo \u00ab&nbsp;a pris les mesures appropri\u00e9es pour enqu\u00eater. Nous prenons la conformit\u00e9 tr\u00e8s au s\u00e9rieux et suivons une politique anticorruption stricte. Dans le cadre de notre mod\u00e8le commercial, nous vendons \u00e0 nos revendeurs agr\u00e9\u00e9s qui vendent ensuite aux clients finaux, ce qui signifie que nous avons une visibilit\u00e9 limit\u00e9e en ce qui concerne les prix des clients finaux. Cela dit, nous travaillons en permanence avec tous nos concessionnaires pour communiquer les attentes du groupe Volvo et pour soutenir leur travail dans l\u2019am\u00e9lioration de leurs programmes de conformit\u00e9&nbsp;\u00bb, conclut la marque su\u00e9doise.<\/p>\n\n\n\n<p>Dans une r\u00e9ponse ant\u00e9rieure \u00e0 nos r\u00e9v\u00e9lations, Philippe de Moerloose avait ni\u00e9 toutes les all\u00e9gations de corruption ou de marges b\u00e9n\u00e9ficiaires inhabituelles. L\u2019ann\u00e9e derni\u00e8re, des enqu\u00eateurs de l\u2019Office central pour la r\u00e9pression de la corruption (OCRC)&nbsp;<a href=\"https:\/\/www.lesoir.be\/448369\/article\/2022-06-14\/congo-hold-la-justice-belge-perquisitionne-philippe-de-moerloose\">ont perquisitionn\u00e9 six adresses li\u00e9es \u00e0 M. de Moerloose<\/a>&nbsp;dans le cadre d\u2019un dossier du parquet f\u00e9d\u00e9ral pour \u00ab&nbsp;corruption d\u2019agents publics \u00e9trangers&nbsp;\u00bb.<\/p>\n\n\n\n<h2 class=\"wp-block-heading\">\u00ab&nbsp;Secret de l\u2019instruction&nbsp;\u00bb<\/h2>\n\n\n\n<p>Alors que l\u2019argent pour les bus Volvo commen\u00e7ait d\u00e9j\u00e0 \u00e0 arriver sur le compte d\u2019EcoBank, les millions des contrats ant\u00e9rieurs de l\u2019\u00e8re Kabila \u00e9taient toujours en train d\u2019affluer. Pour deux contrats avec le minist\u00e8re de l\u2019Agriculture, conclus en 2018 et 2019, juste avant le d\u00e9part de l\u2019ancien pr\u00e9sident, l\u2019Etat congolais doit continuer \u00e0 d\u00e9bourser&nbsp;<a href=\"https:\/\/www.lesoir.be\/507447\/article\/2023-04-15\/les-bonnes-affaires-de-philippe-de-moerloose-avec-le-gouvernement-tshisekedi\">des millions<\/a>&nbsp;&nbsp;chaque mois jusqu\u2019en mars 2025. Les comptes appartiennent \u00e0 des soci\u00e9t\u00e9s d\u00e9tenues par de Moerloose \u00e0 l\u2019\u00eele Maurice. Les \u00e9tats financiers de ces soci\u00e9t\u00e9s montrent que Philippe&nbsp;<a href=\"https:\/\/www.lesoir.be\/507447\/article\/2023-04-15\/les-bonnes-affaires-de-philippe-de-moerloose-avec-le-gouvernement-tshisekedi\">de Moerloose&nbsp;<\/a>a r\u00e9alis\u00e9 plus de 40 millions de dollars de b\u00e9n\u00e9fices sur les deux contrats de 139 millions. Le taux d\u2019imposition sur ces contrats, \u00e0 Maurice, \u00e9tait de 8,7&nbsp;%.&nbsp;<a href=\"https:\/\/www.lesoir.be\/507447\/article\/2023-04-15\/les-bonnes-affaires-de-philippe-de-moerloose-avec-le-gouvernement-tshisekedi\">Ce deal \u00e0 139 millions int\u00e9resse particuli\u00e8rement la justice belge.<\/a><\/p>\n\n\n\n<p>Philippe de Moerloose conteste toujours toutes les r\u00e9v\u00e9lations publi\u00e9es dans le cadre de \u00ab&nbsp;Congo Hold-up&nbsp;\u00bb, pointant des articles qui ont \u00ab&nbsp;sans ambages viol\u00e9 [sa] pr\u00e9somption d\u2019innocence et ne comportaient pas l\u2019ensemble des r\u00e9ponses qui avaient \u00e9t\u00e9 formul\u00e9es&nbsp;\u00bb. Pour cette raison, le capitaine d\u2019entreprises ne souhaite plus r\u00e9pondre \u00e0 nos nouvelles questions. \u00ab&nbsp;En effet, il m\u2019est imp\u00e9ratif maintenant de ne pas violer le secret de l\u2019instruction. Pour \u00eatre pr\u00e9cis, je vous confirme que je r\u00e9ponds \u00e0 l\u2019ensemble des questions directement aux enqu\u00eateurs et au magistrat instructeur.&nbsp;\u00bb<\/p>\n<div style=\"text-align:center\" class=\"wps-pgfw-pdf-generate-icon__wrapper-frontend\">\n\t\t<a href=\"https:\/\/congokin.blog?action=genpdf&amp;id=11965\" class=\"pgfw-single-pdf-download-button\" ><img src=\"https:\/\/congokin.blog\/wp-content\/plugins\/pdf-generator-for-wp\/admin\/src\/images\/PDF_Tray.svg\" title=\"G\u00e9n\u00e9rer un PDF\" style=\"width:auto; height:45px;\"><\/a>\n\t\t<\/div>","protected":false},"excerpt":{"rendered":"<p>Les bonnes affaires de Philippe de Moerloose avec le gouvernement Tshisekedi Signalement antiblanchiment, psychodrame interne dans une banque panafricaine, v\u00e9hicules co\u00fbteux\u2026 Enqu\u00eate sur le business \u00e0 neuf chiffres du Belge Philippe de Moerloose avec la RD Congo. Un business qui r\u00e9siste aux services de conformit\u00e9, aux enqu\u00eates judiciaires ou au changement de r\u00e9gime Kabila-Tshisekedi.\u00a0 Enqu\u00eate&nbsp;&#8211;&nbsp;Journaliste [&hellip;]<\/p>\n","protected":false},"author":9,"featured_media":0,"comment_status":"open","ping_status":"closed","sticky":false,"template":"","format":"standard","meta":{"footnotes":""},"categories":[5,7,8],"tags":[],"class_list":["post-11965","post","type-post","status-publish","format-standard","hentry","category-economie","category-politique","category-societe"],"_links":{"self":[{"href":"https:\/\/congokin.blog\/index.php?rest_route=\/wp\/v2\/posts\/11965","targetHints":{"allow":["GET"]}}],"collection":[{"href":"https:\/\/congokin.blog\/index.php?rest_route=\/wp\/v2\/posts"}],"about":[{"href":"https:\/\/congokin.blog\/index.php?rest_route=\/wp\/v2\/types\/post"}],"author":[{"embeddable":true,"href":"https:\/\/congokin.blog\/index.php?rest_route=\/wp\/v2\/users\/9"}],"replies":[{"embeddable":true,"href":"https:\/\/congokin.blog\/index.php?rest_route=%2Fwp%2Fv2%2Fcomments&post=11965"}],"version-history":[{"count":2,"href":"https:\/\/congokin.blog\/index.php?rest_route=\/wp\/v2\/posts\/11965\/revisions"}],"predecessor-version":[{"id":11967,"href":"https:\/\/congokin.blog\/index.php?rest_route=\/wp\/v2\/posts\/11965\/revisions\/11967"}],"wp:attachment":[{"href":"https:\/\/congokin.blog\/index.php?rest_route=%2Fwp%2Fv2%2Fmedia&parent=11965"}],"wp:term":[{"taxonomy":"category","embeddable":true,"href":"https:\/\/congokin.blog\/index.php?rest_route=%2Fwp%2Fv2%2Fcategories&post=11965"},{"taxonomy":"post_tag","embeddable":true,"href":"https:\/\/congokin.blog\/index.php?rest_route=%2Fwp%2Fv2%2Ftags&post=11965"}],"curies":[{"name":"wp","href":"https:\/\/api.w.org\/{rel}","templated":true}]}}