{"id":11979,"date":"2023-04-21T12:10:52","date_gmt":"2023-04-21T12:10:52","guid":{"rendered":"https:\/\/congokin.blog\/?p=11979"},"modified":"2023-04-21T12:10:52","modified_gmt":"2023-04-21T12:10:52","slug":"une-nouvelle-polemique-entre-kigali-et-kinshasa","status":"publish","type":"post","link":"https:\/\/congokin.blog\/?p=11979","title":{"rendered":"Une nouvelle pol\u00e9mique entre Kigali et Kinshasa"},"content":{"rendered":"\n<h1 class=\"wp-block-heading\">Une nouvelle pol\u00e9mique entre Kigali et Kinshasa apr\u00e8s des propos du pr\u00e9sident Kagame<\/h1>\n\n\n\n<ul class=\"wp-block-list\">\n<li>Dans\u00a0Rwanda<\/li>\n\n\n\n<li>21 avril 2023<\/li>\n\n\n\n<li>Belga<\/li>\n\n\n\n<li>282 Vues<\/li>\n<\/ul>\n\n\n\n<figure class=\"wp-block-image\"><a href=\"https:\/\/afrique.lalibre.be\/app\/uploads\/2023\/04\/thumbnail_DYPTIQUE_CHRISTIAN-787x443.jpg\"><img decoding=\"async\" src=\"https:\/\/afrique.lalibre.be\/app\/uploads\/2023\/04\/thumbnail_DYPTIQUE_CHRISTIAN-690x450.jpg\" alt=\"Une nouvelle pol\u00e9mique entre Kigali et Kinshasa apr\u00e8s des propos du pr\u00e9sident Kagame\" title=\"\"\/><\/a><\/figure>\n\n\n\n<h3 class=\"wp-block-heading\">De r\u00e9centes d\u00e9clarations du pr\u00e9sident rwandais Paul Kagame remettant en cause les fronti\u00e8res h\u00e9rit\u00e9es de la p\u00e9riode coloniale en affirmant que l\u2019actuelle R\u00e9publique d\u00e9mocratique du Congo (RDC) avait re\u00e7u une partie du Rwanda ont suscit\u00e9 des r\u00e9actions courrouc\u00e9es du c\u00f4t\u00e9 congolais. \u00ab&nbsp;Une nouvelle provocation&nbsp;\u00bb, a affirm\u00e9 lundi le porte-parole du gouvernement congolais, Patrick Muyaya Katembwe.&nbsp;<\/h3>\n\n\n\n<p>\u00ab&nbsp;Le pr\u00e9sident Kagame a transgress\u00e9 l\u2019histoire. Ce qu\u2019il n\u2019a pas dit, c\u2019est que c\u2019est lui qui est \u00e0 la base et la cause de tous les probl\u00e8mes que nous avons \u00e0 l\u2019est (de la&nbsp;RDC) depuis plus de vingt ans&nbsp;\u00bb, a ajout\u00e9 M. Muyaya, qui est \u00e9galement ministre de la Communication et des M\u00e9dias lors d\u2019une conf\u00e9rence de presse lundi \u00e0 Goma, le chef-lieu de la province du Nord-Kivu et ville frontali\u00e8re du Rwanda.<\/p>\n\n\n\n<p>Kagame avait affirm\u00e9 samedi dernier, lors d\u2019une visite au B\u00e9nin, que la r\u00e9bellion du M23 (Mouvement du 23 Mars) \u2013 active dans l\u2019est de laRDCet que Kinshasa accuse d\u2019\u00eatre soutenue par le Rwanda, qui d\u00e9ment \u2013 n\u2019\u00e9tait pas la principale source des probl\u00e8mes dans la r\u00e9gion, mais plut\u00f4t les d\u00e9limitations coloniales, qui ont contribu\u00e9 \u00e0 fragmenter les populations locales.<\/p>\n\n\n\n<p class=\"has-pale-cyan-blue-background-color has-background\"><strong>\u00ab\u00a0En ce qui concerne le M23 et les personnes li\u00e9es au M23, les Congolais qui ont des origines rwandaises, il faut savoir que les fronti\u00e8res qui ont \u00e9t\u00e9 trac\u00e9es lors de la p\u00e9riode coloniale ont d\u00e9coup\u00e9 nos pays en morceaux. Une grande partie du Rwanda a \u00e9t\u00e9 laiss\u00e9e en dehors, dans l\u2019est du Congo, dans le sud-ouest de l\u2019Ouganda. Les gens dans ces r\u00e9gions, dans des pays autres que l\u2019Ouganda, ont des origines rwandaises, mais ne sont pas Rwandais. Ils sont citoyens de ces pays qui ont absorb\u00e9 ces parties du Rwanda \u00e0 l\u2019\u00e9poque coloniale. C\u2019est un fait, un fait de l\u2019histoire\u00a0\u00bb<\/strong> avait-il dit lors d\u2019une conf\u00e9rence de presse avec son homologue b\u00e9ninois Patrice Talon.<\/p>\n\n\n\n<p>Au nom du gouvernement congolais, M. Muyaya a r\u00e9pliqu\u00e9 en affirmant que le pr\u00e9sident rwandais \u00ab&nbsp;a l\u2019habitude de travestir l\u2019histoire&nbsp;\u00bb.<\/p>\n\n\n\n<p>\u00ab&nbsp;C\u2019est une provocation. Et de toute \u00e9vidence, il est important pour nous de ne pas donner \u00e9chos \u00e0 ce discours parce qu\u2019il tend \u00e0 changer le cours du d\u00e9bat dans sa strat\u00e9gie de manipulation habituelle&nbsp;\u00bb, a-t-il ajout\u00e9.<\/p>\n\n\n\n<p>\u00ab&nbsp;Les criminels sont connus. Ils sont recycl\u00e9s, de mani\u00e8re r\u00e9guli\u00e8re par le Pr\u00e9sident Kagame pour semer la mort et la d\u00e9solation dans l\u2019est de la&nbsp;RDC. Et pour lui permettre de garder la main sur les ressources qu\u2019il acquiert frauduleusement. D\u2019abord, vous allez observer avec moi qu\u2019il a perdu un peu la boussole. Depuis quelque temps, nous observons ce discours qui tend \u00e0 parler des fronti\u00e8res. Pour un petit rappel, en juin 2018, \u00e0 Goma ici, il y a eu signature d\u2019un accord de d\u00e9marcation d\u00e9finitive des fronti\u00e8res&nbsp;\u00bb, a encore dit M. Muyaya.<\/p>\n\n\n\n<p>\u00ab&nbsp;Il (M. Kagame) n\u2019a qu\u2019\u00e0 se r\u00e9f\u00e9rer \u00e0 la Belgique qui pourra lui fournir les \u00e9l\u00e9ments&nbsp;\u00bb, a-t-il ajout\u00e9 en r\u00e9f\u00e9rence \u00e0 la p\u00e9riode de la colonisation belge (1908-1960).<\/p>\n\n\n\n<p class=\"has-luminous-vivid-amber-background-color has-background\">La fronti\u00e8re orientale du Congo \u2013 alors belge \u2013 avait \u00e9t\u00e9 fix\u00e9e au cours d\u2019une conf\u00e9rence en 1910 entre la Belgique, l\u2019Allemagne et la Grande-Bretagne qui avait d\u00e9bouch\u00e9 sur la signature de deux conventions bilat\u00e9rales, sans tenir compte \u00e0 l\u2019\u00e9poque des r\u00e9alit\u00e9s socio-ethniques et\/ou culturelles. Le Rwanda \u00e9tait alors, depuis la conf\u00e9rence de Berlin de 1885, une partie de la colonie allemande de l\u2019Afrique orientale allemande.<\/p>\n<div style=\"text-align:center\" class=\"wps-pgfw-pdf-generate-icon__wrapper-frontend\">\n\t\t<a href=\"https:\/\/congokin.blog?action=genpdf&amp;id=11979\" class=\"pgfw-single-pdf-download-button\" ><img src=\"https:\/\/congokin.blog\/wp-content\/plugins\/pdf-generator-for-wp\/admin\/src\/images\/PDF_Tray.svg\" title=\"G\u00e9n\u00e9rer un PDF\" style=\"width:auto; height:45px;\"><\/a>\n\t\t<\/div>","protected":false},"excerpt":{"rendered":"<p>Une nouvelle pol\u00e9mique entre Kigali et Kinshasa apr\u00e8s des propos du pr\u00e9sident Kagame De r\u00e9centes d\u00e9clarations du pr\u00e9sident rwandais Paul Kagame remettant en cause les fronti\u00e8res h\u00e9rit\u00e9es de la p\u00e9riode coloniale en affirmant que l\u2019actuelle R\u00e9publique d\u00e9mocratique du Congo (RDC) avait re\u00e7u une partie du Rwanda ont suscit\u00e9 des r\u00e9actions courrouc\u00e9es du c\u00f4t\u00e9 congolais. \u00ab&nbsp;Une [&hellip;]<\/p>\n","protected":false},"author":9,"featured_media":0,"comment_status":"open","ping_status":"closed","sticky":false,"template":"","format":"standard","meta":{"footnotes":""},"categories":[7,8],"tags":[],"class_list":["post-11979","post","type-post","status-publish","format-standard","hentry","category-politique","category-societe"],"_links":{"self":[{"href":"https:\/\/congokin.blog\/index.php?rest_route=\/wp\/v2\/posts\/11979","targetHints":{"allow":["GET"]}}],"collection":[{"href":"https:\/\/congokin.blog\/index.php?rest_route=\/wp\/v2\/posts"}],"about":[{"href":"https:\/\/congokin.blog\/index.php?rest_route=\/wp\/v2\/types\/post"}],"author":[{"embeddable":true,"href":"https:\/\/congokin.blog\/index.php?rest_route=\/wp\/v2\/users\/9"}],"replies":[{"embeddable":true,"href":"https:\/\/congokin.blog\/index.php?rest_route=%2Fwp%2Fv2%2Fcomments&post=11979"}],"version-history":[{"count":1,"href":"https:\/\/congokin.blog\/index.php?rest_route=\/wp\/v2\/posts\/11979\/revisions"}],"predecessor-version":[{"id":11980,"href":"https:\/\/congokin.blog\/index.php?rest_route=\/wp\/v2\/posts\/11979\/revisions\/11980"}],"wp:attachment":[{"href":"https:\/\/congokin.blog\/index.php?rest_route=%2Fwp%2Fv2%2Fmedia&parent=11979"}],"wp:term":[{"taxonomy":"category","embeddable":true,"href":"https:\/\/congokin.blog\/index.php?rest_route=%2Fwp%2Fv2%2Fcategories&post=11979"},{"taxonomy":"post_tag","embeddable":true,"href":"https:\/\/congokin.blog\/index.php?rest_route=%2Fwp%2Fv2%2Ftags&post=11979"}],"curies":[{"name":"wp","href":"https:\/\/api.w.org\/{rel}","templated":true}]}}