{"id":11987,"date":"2023-04-21T18:40:14","date_gmt":"2023-04-21T18:40:14","guid":{"rendered":"https:\/\/congokin.blog\/?p=11987"},"modified":"2023-04-21T18:40:14","modified_gmt":"2023-04-21T18:40:14","slug":"le-maniema-refuse-daccueillir-le-m23","status":"publish","type":"post","link":"https:\/\/congokin.blog\/?p=11987","title":{"rendered":"Le Maniema refuse d&rsquo;accueillir le M23"},"content":{"rendered":"\n<p><strong>Cantonnement des rebelles du M23 au Maniema: le clerg\u00e9 du dioc\u00e8se catholique de Kindu exprime sa crainte<\/strong><\/p>\n\n\n\n<p>Vendredi 21 avril 2023 &#8211; 18:19<\/p>\n\n\n\n<p>S\u00e9curit\u00e9<\/p>\n\n\n\n<p><\/p>\n\n\n\n<figure class=\"wp-block-image\"><img decoding=\"async\" src=\"https:\/\/actualite.cd\/sites\/default\/files\/styles\/800_400\/public\/2023-01\/M23%20Kibumba.png?itok=hgZl-IH7\" alt=\"Les combattants du M23 \u00e0 Kibumba\"\/><\/figure>\n\n\n\n<p>Les combattants du M23 \u00e0 Kibumba<\/p>\n\n\n\n<p>Dans un message \u00ab\u00a0alarmant\u00a0\u00bb sur la situation de la province du Maniema, rendu public \u00e0 Kindu ce vendredi 21 avril 2023, le clerg\u00e9 du dioc\u00e8se catholique de Kindu dit exprimer sa crainte sur le projet de cantonnement des rebelles du M23 au Maniema.<\/p>\n\n\n\n<blockquote class=\"wp-block-quote is-layout-flow wp-block-quote-is-layout-flow\">\n<p>\u2018\u2019C&rsquo;est \u00e0 travers diff\u00e9rentes voies de communication &#8211; radios, t\u00e9l\u00e9visions, r\u00e9seaux sociaux, journaux &#8230;-, Que nous avons appris le projet de cantonnement des ex-rebelles du M23 dans certains sites de Ia Province du Maniema, \u00e0 quelques kilom\u00e8tres seulement de la ville de Kindu, chef-lieu de la Province du Maniema\u2019\u2019 indiquent les abb\u00e9s dans leur document avant d\u2019indiquer \u2018\u2019un tel programme brusque, flou et improvis\u00e9 a \u00e9t\u00e9 fustig\u00e9 par certains d\u00e9put\u00e9s, notables, chefs coutumiers et organisations de la Soci\u00e9t\u00e9 civile au lendemain de cette nouvelle\u2019\u2019.<\/p>\n<\/blockquote>\n\n\n\n<blockquote class=\"wp-block-quote is-layout-flow wp-block-quote-is-layout-flow\">\n<p>\u2018\u2019Face \u00e0 cette situation, nous exprimons \u00e9galement notre crainte de voir pr\u00e9sager la conception d\u2019un projet cachant une r\u00e9alit\u00e9 obscure\u2019\u2019, poursuivent les pr\u00eatres et d\u2019ajouter que plusieurs questions demeurent :<\/p>\n<\/blockquote>\n\n\n\n<p>-Qu\u2019est-ce qui justifie le choix port\u00e9 sur la ville de Kindu pour le cantonnement de ces ex-rebelles alors que la province du Maniema partage les limites avec les zones ins\u00e9curis\u00e9es par le M23 ?<\/p>\n\n\n\n<p>-Que vise le gouvernement national en cantonnant ces ex-rebelles \u00e0 Kindu ?<\/p>\n\n\n\n<p>-Au regard des terreurs sem\u00e9es depuis des ann\u00e9es, quelle garantie donne le Gouvernement national \u00e0 la population du Maniema par rapport \u00e0 sa s\u00e9curit\u00e9 et son avenir ? Car dit-on qui a bu boira. Une telle d\u00e9cision\/projet, face \u00e0 l\u2019ins\u00e9curit\u00e9 g\u00e9n\u00e9ralis\u00e9e qui se vit actuellement au Maniema et non encore ma\u00eetris\u00e9e, pr\u00e9sage le pire.<\/p>\n\n\n\n<blockquote class=\"wp-block-quote is-layout-flow wp-block-quote-is-layout-flow\">\n<p>\u2018\u2019Les questions de ces genres \u00e9tant l\u00e9gion, nous rappelons que les souvenirs malheureux et douloureux de nos compatriotes du Nord-Kivu nous poussent \u00e0 voir le mal de loin et \u00e0 le repousser. Faudrait-il que le sang coule encore au Maniema !\u2019\u2019, se demandent les pr\u00eatres et de proposer \u2018\u2019aux autorit\u00e9s nationales \u00e0 prendre le temps qu\u2019il faut avant d\u2019ex\u00e9cuter ce projet de cantonnement des ex-rebelles du M23\u2019\u2019 et \u2018\u2019c\u2019est en prenant en compte les r\u00e9actions-propositions de la population dans sa repr\u00e9sentation. Ce qui \u00e9viterait des conflits et des cons\u00e9quences plus d\u00e9sastreuses demain\u2019\u2019, ont-ils indiqu\u00e9.<\/p>\n<\/blockquote>\n\n\n\n<p>Les combattants du M23 seront pr\u00e9cantonn\u00e9s \u00e0 Kitshanga avant leur cantonnement pr\u00e8s de Kindu, a annonc\u00e9 F\u00e9lix Tshisekedi la semaine derni\u00e8re.<\/p>\n\n\n\n<p>Avant que la nouvelle ne soit confirm\u00e9e par le Pr\u00e9sident de la R\u00e9publique, les rumeurs sur le cantonnement des rebelles du M23 pr\u00e8s de Kindu avaient \u00e9t\u00e9 \u00e0 l\u2019origine des nombreuses protestations \u00e0 travers des d\u00e9clarations et actions non-violentes \u00e0 travers la province du Maniema.<\/p>\n<div style=\"text-align:center\" class=\"wps-pgfw-pdf-generate-icon__wrapper-frontend\">\n\t\t<a href=\"https:\/\/congokin.blog?action=genpdf&amp;id=11987\" class=\"pgfw-single-pdf-download-button\" ><img src=\"https:\/\/congokin.blog\/wp-content\/plugins\/pdf-generator-for-wp\/admin\/src\/images\/PDF_Tray.svg\" title=\"G\u00e9n\u00e9rer un PDF\" style=\"width:auto; height:45px;\"><\/a>\n\t\t<\/div>","protected":false},"excerpt":{"rendered":"<p>Cantonnement des rebelles du M23 au Maniema: le clerg\u00e9 du dioc\u00e8se catholique de Kindu exprime sa crainte Vendredi 21 avril 2023 &#8211; 18:19 S\u00e9curit\u00e9 Les combattants du M23 \u00e0 Kibumba Dans un message \u00ab\u00a0alarmant\u00a0\u00bb sur la situation de la province du Maniema, rendu public \u00e0 Kindu ce vendredi 21 avril 2023, le clerg\u00e9 du dioc\u00e8se [&hellip;]<\/p>\n","protected":false},"author":9,"featured_media":0,"comment_status":"open","ping_status":"closed","sticky":false,"template":"","format":"standard","meta":{"footnotes":""},"categories":[6,7,8],"tags":[],"class_list":["post-11987","post","type-post","status-publish","format-standard","hentry","category-justice","category-politique","category-societe"],"_links":{"self":[{"href":"https:\/\/congokin.blog\/index.php?rest_route=\/wp\/v2\/posts\/11987","targetHints":{"allow":["GET"]}}],"collection":[{"href":"https:\/\/congokin.blog\/index.php?rest_route=\/wp\/v2\/posts"}],"about":[{"href":"https:\/\/congokin.blog\/index.php?rest_route=\/wp\/v2\/types\/post"}],"author":[{"embeddable":true,"href":"https:\/\/congokin.blog\/index.php?rest_route=\/wp\/v2\/users\/9"}],"replies":[{"embeddable":true,"href":"https:\/\/congokin.blog\/index.php?rest_route=%2Fwp%2Fv2%2Fcomments&post=11987"}],"version-history":[{"count":1,"href":"https:\/\/congokin.blog\/index.php?rest_route=\/wp\/v2\/posts\/11987\/revisions"}],"predecessor-version":[{"id":11988,"href":"https:\/\/congokin.blog\/index.php?rest_route=\/wp\/v2\/posts\/11987\/revisions\/11988"}],"wp:attachment":[{"href":"https:\/\/congokin.blog\/index.php?rest_route=%2Fwp%2Fv2%2Fmedia&parent=11987"}],"wp:term":[{"taxonomy":"category","embeddable":true,"href":"https:\/\/congokin.blog\/index.php?rest_route=%2Fwp%2Fv2%2Fcategories&post=11987"},{"taxonomy":"post_tag","embeddable":true,"href":"https:\/\/congokin.blog\/index.php?rest_route=%2Fwp%2Fv2%2Ftags&post=11987"}],"curies":[{"name":"wp","href":"https:\/\/api.w.org\/{rel}","templated":true}]}}