{"id":11989,"date":"2023-04-21T19:01:44","date_gmt":"2023-04-21T19:01:44","guid":{"rendered":"https:\/\/congokin.blog\/?p=11989"},"modified":"2023-04-21T19:01:44","modified_gmt":"2023-04-21T19:01:44","slug":"don-des-vehicules-couteux-aux-deputes-provinciaux-pourquoi-ne-pas-leur-acheter-des-motos","status":"publish","type":"post","link":"https:\/\/congokin.blog\/?p=11989","title":{"rendered":"Don des v\u00e9hicul\u00e9s couteux aux d\u00e9put\u00e9s provinciaux\u00a0: pourquoi ne pas leur acheter des motos?"},"content":{"rendered":"\n<h1 class=\"wp-block-heading\">RDC : Le vice-ministre du Plan promet de s&rsquo;impliquer pour l&rsquo;octroi des v\u00e9hicules aux \u00e9lus provinciaux pour la bonne supervision du PDL-145 T<\/h1>\n\n\n\n<p><\/p>\n\n\n\n<p>Image<\/p>\n\n\n\n<figure class=\"wp-block-image\"><img decoding=\"async\" src=\"https:\/\/7sur7.cd\/sites\/default\/files\/styles\/article_2022\/public\/2023-04\/97cdb135-1c7a-41f3-ba48-8a44c113d109.jpeg?itok=yTjsOkHO\" alt=\"Droits tiers \"\/><\/figure>\n\n\n\n<h2 class=\"wp-block-heading\"><strong>Le dossier relatif \u00e0 l&rsquo;octroi des v\u00e9hicules aux \u00e9lus provinciaux afin de superviser efficacement le programme de d\u00e9veloppement des 145 territoires (PDL-145 T) au niveau des provinces \u00e9tait l&rsquo;un des sujets au menu des \u00e9changes entre le vice-ministre du Plan, Pascal Omana Bitika, et le collectif des d\u00e9put\u00e9s provinciaux de la RDC.&nbsp;<\/strong><\/h2>\n\n\n\n<p>\u00c0 en croire la cellule de communication du minist\u00e8re du Plan, le vice-ministre a promis son implication personnelle pour la concr\u00e9tisation de cet engagement pris par l&rsquo;ex\u00e9cutif national.&nbsp;<\/p>\n\n\n\n<p>Pour sa part, Socrate Kangulumba, \u00e9lu du Kwango et chef de d\u00e9l\u00e9gation de ce collectif regroupant pr\u00e8s de 750 membres des assembl\u00e9es provinciales a justifi\u00e9 leur d\u00e9marche par le fait que ce dossier tra\u00eene le pas.&nbsp;<\/p>\n\n\n\n<blockquote class=\"wp-block-quote is-layout-flow wp-block-quote-is-layout-flow\">\n<p>\u00ab&nbsp;<em>Install\u00e9s et valid\u00e9s comme des superviseurs nationaux de ce programme gouvernemental, il \u00e9tait question de doter aux d\u00e9put\u00e9s provinciaux des v\u00e9hicules. Et ce, compte tenu du d\u00e9labrement des routes, mais h\u00e9las le dossier stagne encore. C\u2019est l\u2019une des raisons qui justifient notre pr\u00e9sence ici aujourd\u2019hui. Nous sollicitons humblement l\u2019implication de nos coll\u00e8gues d\u00e9put\u00e9s provinciaux, aujourd\u2019hui membres du gouvernement afin qu\u2019une solution soit trouv\u00e9e<\/em>&nbsp;\u00bb, a-t-il dit au sortir de cette audience qui a eu lieu le jeudi 20 avril 2023.&nbsp;<\/p>\n<\/blockquote>\n\n\n\n<p>Il sied de noter que les \u00e9lus provinciaux avaient particip\u00e9 au mois de mars de l&rsquo;ann\u00e9e derni\u00e8re \u00e0 Kinshasa, \u00e0 un atelier de sensibilisation et d\u2019appropriation de ce programme.&nbsp;<\/p>\n\n\n\n<p>Le PDL-145 vise \u00e0 r\u00e9duire la pauvret\u00e9 et les in\u00e9galit\u00e9s sociales, \u00e0 acc\u00e9l\u00e9rer l&rsquo;am\u00e9lioration des conditions de vie de la population rurale et de booster le d\u00e9veloppement du pays \u00e0 partir de la base.&nbsp;<\/p>\n\n\n\n<p>Avec un budget estim\u00e9 \u00e0 1,6 milliards USD mobilis\u00e9s par le Gouvernement et les partenaires traditionnels du pays, le PDL-145 T porte sur quatre domaines phares d\u2019intervention, \u00e0 savoir : les infrastructures, la redynamisation des \u00e9conomies locales, le renforcement de la gouvernance locale et le d\u00e9veloppement d&rsquo;un syst\u00e8me de partage d&rsquo;informations.<\/p>\n\n\n\n<p><strong>Merveil Molo<\/strong><\/p>\n<div style=\"text-align:center\" class=\"wps-pgfw-pdf-generate-icon__wrapper-frontend\">\n\t\t<a href=\"https:\/\/congokin.blog?action=genpdf&amp;id=11989\" class=\"pgfw-single-pdf-download-button\" ><img src=\"https:\/\/congokin.blog\/wp-content\/plugins\/pdf-generator-for-wp\/admin\/src\/images\/PDF_Tray.svg\" title=\"G\u00e9n\u00e9rer un PDF\" style=\"width:auto; height:45px;\"><\/a>\n\t\t<\/div>","protected":false},"excerpt":{"rendered":"<p>RDC : Le vice-ministre du Plan promet de s&rsquo;impliquer pour l&rsquo;octroi des v\u00e9hicules aux \u00e9lus provinciaux pour la bonne supervision du PDL-145 T Image Le dossier relatif \u00e0 l&rsquo;octroi des v\u00e9hicules aux \u00e9lus provinciaux afin de superviser efficacement le programme de d\u00e9veloppement des 145 territoires (PDL-145 T) au niveau des provinces \u00e9tait l&rsquo;un des sujets [&hellip;]<\/p>\n","protected":false},"author":9,"featured_media":0,"comment_status":"open","ping_status":"closed","sticky":false,"template":"","format":"standard","meta":{"footnotes":""},"categories":[7,8],"tags":[],"class_list":["post-11989","post","type-post","status-publish","format-standard","hentry","category-politique","category-societe"],"_links":{"self":[{"href":"https:\/\/congokin.blog\/index.php?rest_route=\/wp\/v2\/posts\/11989","targetHints":{"allow":["GET"]}}],"collection":[{"href":"https:\/\/congokin.blog\/index.php?rest_route=\/wp\/v2\/posts"}],"about":[{"href":"https:\/\/congokin.blog\/index.php?rest_route=\/wp\/v2\/types\/post"}],"author":[{"embeddable":true,"href":"https:\/\/congokin.blog\/index.php?rest_route=\/wp\/v2\/users\/9"}],"replies":[{"embeddable":true,"href":"https:\/\/congokin.blog\/index.php?rest_route=%2Fwp%2Fv2%2Fcomments&post=11989"}],"version-history":[{"count":1,"href":"https:\/\/congokin.blog\/index.php?rest_route=\/wp\/v2\/posts\/11989\/revisions"}],"predecessor-version":[{"id":11990,"href":"https:\/\/congokin.blog\/index.php?rest_route=\/wp\/v2\/posts\/11989\/revisions\/11990"}],"wp:attachment":[{"href":"https:\/\/congokin.blog\/index.php?rest_route=%2Fwp%2Fv2%2Fmedia&parent=11989"}],"wp:term":[{"taxonomy":"category","embeddable":true,"href":"https:\/\/congokin.blog\/index.php?rest_route=%2Fwp%2Fv2%2Fcategories&post=11989"},{"taxonomy":"post_tag","embeddable":true,"href":"https:\/\/congokin.blog\/index.php?rest_route=%2Fwp%2Fv2%2Ftags&post=11989"}],"curies":[{"name":"wp","href":"https:\/\/api.w.org\/{rel}","templated":true}]}}