{"id":11993,"date":"2023-04-22T16:53:26","date_gmt":"2023-04-22T16:53:26","guid":{"rendered":"https:\/\/congokin.blog\/?p=11993"},"modified":"2023-04-22T16:53:26","modified_gmt":"2023-04-22T16:53:26","slug":"guerre-contre-la-russie-des-nationalistes-afro-americains-poursuivis-aux-usa","status":"publish","type":"post","link":"https:\/\/congokin.blog\/?p=11993","title":{"rendered":"Guerre contre la Russie\u00a0: des nationalistes afro-am\u00e9ricains poursuivis aux USA"},"content":{"rendered":"\n<h1 class=\"wp-block-heading\">Des nationalistes afro-am\u00e9ricains accus\u00e9s d\u2019\u00eatre des agents de la Russie<\/h1>\n\n\n\n<h2 class=\"wp-block-heading\">Le minist\u00e8re am\u00e9ricain de la Justice vient d\u2019enclencher une proc\u00e9dure judiciaire contre des membres de l\u2019African People\u2019s Socialist Party (APSP) et du Uhuru Movement.<\/h2>\n\n\n\n<p>22 avril 2023 \u00e0 16:13<\/p>\n\n\n\n<p>Mis \u00e0 jour le 22 avril 2023 \u00e0 16:13<\/p>\n\n\n\n<figure class=\"wp-block-image\"><img decoding=\"async\" src=\"https:\/\/www.jeuneafrique.com\/cdn-cgi\/image\/q=100,f=auto,metadata=none,width=129,height=129\/https:\/\/www.jeuneafrique.com\/medias\/2021\/05\/18\/gf_edito_autocaricature_bis-1-200x200.jpg\" alt=\"Damien Glez\"\/><\/figure>\n\n\n\n<p>Par&nbsp;<strong><em>Damien Glez<\/em><\/strong><\/p>\n\n\n\n<p>Dessinateur et \u00e9ditorialiste franco-burkinab\u00e8.<\/p>\n\n\n\n<figure class=\"wp-block-image\"><img decoding=\"async\" src=\"https:\/\/prod.cdn-medias.jeuneafrique.com\/cdn-cgi\/image\/q=100,f=auto,metadata=none,width=1256,height=628\/https:\/\/prod.cdn-medias.jeuneafrique.com\/medias\/2023\/04\/21\/usa_afro_americain_russie_1256-1256x628-1682090222.jpg\" alt=\"\"\/><figcaption class=\"wp-element-caption\">\u00a9 Damien Glez<\/figcaption><\/figure>\n\n\n\n<p>La qu\u00eate de soutiens africains \u00e0 la politique russe actuelle est-elle une partie de billard \u00e0 plusieurs bandes ? Directement et indirectement, il est devenu clair que&nbsp;<a href=\"https:\/\/www.jeuneafrique.com\/1382687\/politique\/russie-afrique-poutine-invite-ses-pairs-a-saint-petersbourg\/\">la Russie de Vladimir Poutine faisait assaut d\u2019affection, ces derniers mois, envers l\u2019Afrique.<\/a>&nbsp;Tente-t-elle de rallier \u00e9galement l\u2019autoproclam\u00e9 \u00ab peuple africain \u00bb des \u00c9tats-Unis&nbsp;?\u00c0 LIRE<a href=\"https:\/\/www.jeuneafrique.com\/1436040\/economie\/ismael-belkhayat-chari-chine-russie-etats-unis-les-africains-doivent-etre-opportunistes\/\">Ismael Belkhayat (Chari) : \u00ab&nbsp;Chine, Russie, \u00c9tats-Unis\u2026 Les Africains doivent \u00eatre opportunistes&nbsp;\u00bb<\/a><\/p>\n\n\n\n<p>C\u2019est ce que pense manifestement le minist\u00e8re am\u00e9ricain de la Justice, qui a mis en examen, ce 18 avril, le fondateur et trois membres de l\u2019African People\u2019s Socialist Party (APSP), groupe nationaliste afro-am\u00e9ricain,&nbsp;entit\u00e9&nbsp;proche du mouvement noir des Black Panthers et \u00e9galement \u00e0 l\u2019origine du Uhuru Movement, qui pr\u00e9senta des candidats \u00e0 des \u00e9lections locales. Signe du destin&nbsp;? Le parti a \u00e9t\u00e9 cr\u00e9\u00e9 \u00e0 Saint Petersburg, ville\u2026 am\u00e9ricaine du comt\u00e9 de Pinellas.<\/p>\n\n\n\n<h2 class=\"wp-block-heading\">Premier amendement<\/h2>\n\n\n\n<p>Omali Yeshitela, Penny Joanne Hess, Jesse Nevel et Augustus Romain sont soup\u00e7onn\u00e9s d\u2019\u00eatre ou d\u2019avoir \u00e9t\u00e9 des agents r\u00e9mun\u00e9r\u00e9s de l\u2019actuelle F\u00e9d\u00e9ration de Russie. Sur le plan id\u00e9ologique, la t\u00eate de pont de ce groupe d\u2019inculp\u00e9s est plus directe que le discours africain empreint de prudence. Il y a juste un an, Yeshitela affirmait publiquement que le Parti socialiste populaire africain appelait \u00ab&nbsp;\u00e0 l\u2019unit\u00e9 avec la Russie dans sa guerre d\u00e9fensive en Ukraine contre les puissances coloniales mondiales&nbsp;\u00bb\u2026\u00c0 LIRE<a href=\"https:\/\/www.jeuneafrique.com\/1414706\/politique\/lafrique-theatre-de-la-guerre-dinfluence-entre-la-chine-la-russie-et-les-etats-unis\/\">L\u2019Afrique, th\u00e9\u00e2tre de la guerre d\u2019influence entre la Chine, la Russie et les \u00c9tats-Unis<\/a><\/p>\n\n\n\n<p>Sur le plan judiciaire, il est \u00e9videmment moins question d\u2019opinions g\u00e9opolitiques prot\u00e9g\u00e9es par le premier amendement de la Constitution am\u00e9ricaine que de pr\u00e9sum\u00e9es op\u00e9rations r\u00e9mun\u00e9r\u00e9es de d\u00e9stabilisation. Si le pr\u00e9venu Augustus Romain est suspect\u00e9 d\u2019avoir re\u00e7u des fonds d\u2019un certain Alexander Ionov, citoyen russe ayant travaill\u00e9 pour le Kremlin sous couverture, \u00ab&nbsp;pour promouvoir&nbsp;les&nbsp;int\u00e9r\u00eats de la Russie en relation avec l\u2019invasion russe de l\u2019Ukraine&nbsp;\u00bb, le dossier de l\u2019accusation cerne des activit\u00e9s plus anciennes.<\/p>\n\n\n\n<h2 class=\"wp-block-heading\">\u00ab&nbsp;Conspiration contre les int\u00e9r\u00eats am\u00e9ricains&nbsp;\u00bb<\/h2>\n\n\n\n<p>En 2016, les services secrets russes auraient particip\u00e9 au financement d\u2019une tourn\u00e9e de manifestations organis\u00e9es par l\u2019APSP pour soutenir une \u00ab&nbsp;p\u00e9tition sur le crime de g\u00e9nocide contre le peuple africain aux \u00c9tats-Unis&nbsp;\u00bb. Par ailleurs, les pr\u00e9venus auraient tent\u00e9 de \u00ab&nbsp;corrompre&nbsp;\u00bb des \u00e9lections am\u00e9ricaines, locales en 2017 et 2019, en Floride, et nationales en 2020. Il s\u2019agirait alors de \u00ab&nbsp;conspiration contre les int\u00e9r\u00eats am\u00e9ricains&nbsp;\u00bb, infraction majeure qui pourrait conduire \u00e0 des condamnations jusqu\u2019\u00e0 dix ans de prison.\u00c0 LIRE<a href=\"https:\/\/www.jeuneafrique.com\/1428927\/politique\/deputes-africains-et-russes-unis-contre-le-neocolonialisme-occidental\/\">D\u00e9put\u00e9s africains et russes unis contre le \u00ab&nbsp;n\u00e9ocolonialisme&nbsp;\u00bb occidental<\/a><\/p>\n\n\n\n<p>Si l\u2019on en croit le com\u00e9dien Morgan Freeman, le lien entre les mouvements dits \u00ab&nbsp;afro-am\u00e9ricains&nbsp;\u00bb et le continent africain semble plus que th\u00e9orique. Engag\u00e9 sur les questions du racisme, le com\u00e9dien jugeait \u00ab&nbsp;insultant&nbsp;\u00bb, ce 15 avril dans le \u00ab&nbsp;Sunday Times Culture&nbsp;\u00bb, le terme \u00ab&nbsp;Afro-Am\u00e9ricain&nbsp;\u00bb, l\u2019Afrique \u00e9tant un continent, contrairement aux \u00c9tats-Unis. Une invitation indirecte \u00e0 ne pas consid\u00e9rer l\u2019Afrique comme un wagon \u00e0 rattacher \u00e0 une suppos\u00e9e locomotive des&nbsp;mouvements&nbsp;africains-am\u00e9ricains&nbsp;?<\/p>\n<div style=\"text-align:center\" class=\"wps-pgfw-pdf-generate-icon__wrapper-frontend\">\n\t\t<a href=\"https:\/\/congokin.blog?action=genpdf&amp;id=11993\" class=\"pgfw-single-pdf-download-button\" ><img src=\"https:\/\/congokin.blog\/wp-content\/plugins\/pdf-generator-for-wp\/admin\/src\/images\/PDF_Tray.svg\" title=\"G\u00e9n\u00e9rer un PDF\" style=\"width:auto; height:45px;\"><\/a>\n\t\t<\/div>","protected":false},"excerpt":{"rendered":"<p>Des nationalistes afro-am\u00e9ricains accus\u00e9s d\u2019\u00eatre des agents de la Russie Le minist\u00e8re am\u00e9ricain de la Justice vient d\u2019enclencher une proc\u00e9dure judiciaire contre des membres de l\u2019African People\u2019s Socialist Party (APSP) et du Uhuru Movement. 22 avril 2023 \u00e0 16:13 Mis \u00e0 jour le 22 avril 2023 \u00e0 16:13 Par&nbsp;Damien Glez Dessinateur et \u00e9ditorialiste franco-burkinab\u00e8. La [&hellip;]<\/p>\n","protected":false},"author":9,"featured_media":0,"comment_status":"open","ping_status":"closed","sticky":false,"template":"","format":"standard","meta":{"footnotes":""},"categories":[3,7,8],"tags":[],"class_list":["post-11993","post","type-post","status-publish","format-standard","hentry","category-diplomatie","category-politique","category-societe"],"_links":{"self":[{"href":"https:\/\/congokin.blog\/index.php?rest_route=\/wp\/v2\/posts\/11993","targetHints":{"allow":["GET"]}}],"collection":[{"href":"https:\/\/congokin.blog\/index.php?rest_route=\/wp\/v2\/posts"}],"about":[{"href":"https:\/\/congokin.blog\/index.php?rest_route=\/wp\/v2\/types\/post"}],"author":[{"embeddable":true,"href":"https:\/\/congokin.blog\/index.php?rest_route=\/wp\/v2\/users\/9"}],"replies":[{"embeddable":true,"href":"https:\/\/congokin.blog\/index.php?rest_route=%2Fwp%2Fv2%2Fcomments&post=11993"}],"version-history":[{"count":1,"href":"https:\/\/congokin.blog\/index.php?rest_route=\/wp\/v2\/posts\/11993\/revisions"}],"predecessor-version":[{"id":11994,"href":"https:\/\/congokin.blog\/index.php?rest_route=\/wp\/v2\/posts\/11993\/revisions\/11994"}],"wp:attachment":[{"href":"https:\/\/congokin.blog\/index.php?rest_route=%2Fwp%2Fv2%2Fmedia&parent=11993"}],"wp:term":[{"taxonomy":"category","embeddable":true,"href":"https:\/\/congokin.blog\/index.php?rest_route=%2Fwp%2Fv2%2Fcategories&post=11993"},{"taxonomy":"post_tag","embeddable":true,"href":"https:\/\/congokin.blog\/index.php?rest_route=%2Fwp%2Fv2%2Ftags&post=11993"}],"curies":[{"name":"wp","href":"https:\/\/api.w.org\/{rel}","templated":true}]}}