{"id":11995,"date":"2023-04-22T16:59:32","date_gmt":"2023-04-22T16:59:32","guid":{"rendered":"https:\/\/congokin.blog\/?p=11995"},"modified":"2023-04-22T16:59:32","modified_gmt":"2023-04-22T16:59:32","slug":"au-dela-de-laffrontement-la-revolution-democratique-est-elle-definitivement-enterree-au-soudan","status":"publish","type":"post","link":"https:\/\/congokin.blog\/?p=11995","title":{"rendered":"Au-del\u00e0 de l\u2019affrontement, la r\u00e9volution d\u00e9mocratique est-elle d\u00e9finitivement enterr\u00e9e au Soudan\u00a0?"},"content":{"rendered":"\n<p>POLITIQUE<\/p>\n\n\n\n<h1 class=\"wp-block-heading\">Au-del\u00e0 de l\u2019affrontement, quel avenir pour le Soudan&nbsp;?<\/h1>\n\n\n\n<h2 class=\"wp-block-heading\">Alors que rien ne semble pouvoir arr\u00eater la guerre que se livrent deux g\u00e9n\u00e9raux intrigants, jadis complices, et qui a fait plusieurs centaines de morts \u00e0 Khartoum, une question s\u2019impose&nbsp;: la r\u00e9volution d\u00e9mocratique de 2019 est-elle d\u00e9finitivement enterr\u00e9e&nbsp;?<\/h2>\n\n\n\n<p>22 avril 2023 \u00e0 10:26<\/p>\n\n\n\n<p>Mis \u00e0 jour le 22 avril 2023 \u00e0 10:26<\/p>\n\n\n\n<figure class=\"wp-block-image\"><img decoding=\"async\" src=\"https:\/\/prod.cdn-medias.jeuneafrique.com\/cdn-cgi\/image\/q=100,f=auto,metadata=none,width=129,height=129\/https:\/\/prod.cdn-medias.jeuneafrique.com\/medias\/2023\/04\/21\/jad20230421-tribune-marclavergne.jpg\" alt=\"Marc Lavergne\"\/><\/figure>\n\n\n\n<p>Par&nbsp;<strong><em>Marc Lavergne<\/em><\/strong><\/p>\n\n\n\n<p>Directeur de recherche \u00e9m\u00e9rite au CNRS (\u00e9quipe monde arabe et m\u00e9diterran\u00e9en), Universit\u00e9 de Tours, France, ex-directeur de l&rsquo;unit\u00e9 scientifique fran\u00e7aise \u00e0 l&rsquo;universit\u00e9 de Khartoum, ex-conseiller politique et juridique de la Mission internationale de cessez-le-feu dans les Monts Nouba, ex-coordinateur du groupe d&rsquo;experts du Conseil de s\u00e9curit\u00e9 de l&rsquo;ONU pour le Darfour<\/p>\n\n\n\n<figure class=\"wp-block-image\"><img decoding=\"async\" src=\"https:\/\/prod.cdn-medias.jeuneafrique.com\/cdn-cgi\/image\/q=100,f=auto,metadata=none,width=1256,height=628\/https:\/\/prod.cdn-medias.jeuneafrique.com\/medias\/2023\/04\/21\/jad20230421-tribune-soudan-affrontement-1256x628.jpg\" alt=\"\"\/><figcaption class=\"wp-element-caption\">Khartoum, au Soudan lors d\u2019affrontements entre les forces arm\u00e9es et les forces paramilitaires de soutien rapide (RSF) le 19 avril 2023. \u00a9 Omer Erdem\/Anadolu Agency via AFP<\/figcaption><\/figure>\n\n\n\n<p>Quatre ans apr\u00e8s&nbsp;<a href=\"https:\/\/www.jeuneafrique.com\/761484\/politique\/soudan-omar-el-bechir-destitue-par-larmee\/\">la chute du r\u00e9gime dictatorial du g\u00e9n\u00e9ral Omar el-B\u00e9chir<\/a>, l<a href=\"https:\/\/www.jeuneafrique.com\/1437543\/politique\/au-soudan-les-combats-repondent-aux-appels-au-cessez-le-feu\/\">e d\u00e9cha\u00eenement de violence entre les deux forces alli\u00e9es, devenues concurrentes,<\/a>&nbsp;qui d\u00e9vastent Khartoum, la capitale du Soudan, surprend l\u2019ensemble de la communaut\u00e9 internationale. N\u2019est-ce cependant pas la conclusion logique d\u2019une pr\u00e9tendue \u00ab&nbsp;transition d\u00e9mocratique&nbsp;\u00bb, vertueusement salu\u00e9e en Occident, mais aussit\u00f4t abandonn\u00e9e \u00e0 son sort, aux prises avec les h\u00e9ritiers de trente ans de r\u00e9gime militaro-islamiste ?<\/p>\n\n\n\n<p>Une concurrence exacerb\u00e9e par l\u2019irruption dans les rues de la capitale d\u00e8s avril 2019 de ces Forces de soutien rapide (Rapid Support Forces, RSF), une bande arm\u00e9e cr\u00e9\u00e9e par l\u2019ancien r\u00e9gime, charg\u00e9e initialement de surveiller les fronti\u00e8res, aux confins du Tchad et de la Libye. C\u2019est en r\u00e9alit\u00e9 l\u2019h\u00e9riti\u00e8re des<a href=\"https:\/\/www.jeuneafrique.com\/mag\/371649\/culture\/litterature-soudan-rire-pays-janjawid\/\">&nbsp;Janjawid, ces \u00ab&nbsp;cavaliers du diable&nbsp;\u00bb<\/a>&nbsp;qui avaient d\u00e9vast\u00e9 les villages du Darfour vingt ans auparavant.<\/p>\n\n\n\n<h2 class=\"wp-block-heading\">De l\u2019alliance \u00e0 la rivalit\u00e9<\/h2>\n\n\n\n<p><a href=\"https:\/\/www.jeuneafrique.com\/1268123\/politique\/soudan-al-burhan-une-main-de-fer-sans-gant-de-velours\/\">Le g\u00e9n\u00e9ral Abdel Fattah al-Burhan,<\/a>&nbsp;chef de l\u2019arm\u00e9e nationale et pr\u00e9sident du Conseil de souverainet\u00e9 de la transition jusqu\u2019\u00e0 son coup d\u2019\u00c9tat d\u2019octobre 2021, vise \u00e0 dissoudre cette milice, en l\u2019int\u00e9grant dans l\u2019arm\u00e9e r\u00e9guli\u00e8re sous son autorit\u00e9. Mais celle-ci, sous&nbsp;la&nbsp;houlette de son chef&nbsp;<a href=\"https:\/\/www.jeuneafrique.com\/1326781\/politique\/soudan-hemetti-lancien-chamelier-qui-revait-de-devenir-president\/\">Mohamed Hamdan Dagalo, dit \u00ab&nbsp;Hemetti&nbsp;\u00bb,<\/a>&nbsp;a connu une croissance rapide, contr\u00f4lant les flux de migrants vers l\u2019Europe et la contrebande avec la Libye, et assurant le soutien logistique \u00e0 la milice russe Wagner pour contourner l\u2019arm\u00e9e fran\u00e7aise stationn\u00e9e au Tchad, en direction de la Centrafrique.<\/p>\n\n\n\n<p>La fortune de Hemetti a \u00e9t\u00e9 compl\u00e9t\u00e9e gr\u00e2ce \u00e0 la fourniture de milliers de mercenaires \u00e0 l\u2019Arabie saoudite en guerre au Y\u00e9men, puis au mar\u00e9chal Haftar en guerre contre le pouvoir central de Tripoli, et enfin par la mise en coupe r\u00e9gl\u00e9e des zones d\u2019orpaillage du Darfour, et la vente de cet or illicite, aupr\u00e8s des raffineurs de Duba\u00ef.\u00c0 LIRE<a href=\"https:\/\/www.jeuneafrique.com\/1437267\/politique\/burhane-et-hemetti-les-freres-ennemis-de-khartoum\/\">Burhane et \u00ab&nbsp;Hemetti&nbsp;\u00bb, les fr\u00e8res ennemis de Khartoum<\/a><\/p>\n\n\n\n<p>Depuis quatre ans, l\u2019alliance entre Hemetti, devenu le second personnage de l\u2019\u00c9tat, et le g\u00e9n\u00e9ral Burhan, tous deux hommes liges d\u2019Omar el-B\u00e9chir, s\u2019est transform\u00e9e en une comp\u00e9tition existentielle ; celle-ci n\u2019a \u00e9t\u00e9 contenue un temps que par leur commune hostilit\u00e9 vis-\u00e0-vis de la transition d\u00e9mocratique revendiqu\u00e9e par les civils et leurs soutiens occidentaux. Apr\u00e8s le coup d\u2019\u00c9tat d\u2019octobre 2021, o\u00f9 l\u2019arm\u00e9e a repris les pleins pouvoirs, avec le soutien des r\u00e9seaux de l\u2019\u00ab \u00c9tat profond&nbsp;\u00bb demeur\u00e9 aux mains des islamistes de l\u2019ancien r\u00e9gime, les RSF ont \u00e9t\u00e9 mis en demeure de se soumettre \u00e0 l\u2019arm\u00e9e, avide de mettre la main sur leurs ressources, tout autant que de les \u00e9carter des all\u00e9es du pouvoir.<\/p>\n\n\n\n<p>Hemetti a pris les devants en transportant sans pr\u00e9venir ses troupes \u00e0 Khartoum et en d\u00e9clenchant les hostilit\u00e9s : un effet de surprise qui devait compenser l\u2019\u00e9loignement de leur base et leur absence de ma\u00eetrise des airs. Mais l\u2019issue des combats, d\u00e9vastateurs et meurtriers pour les civils, d\u00e9pend d\u00e9sormais de la capacit\u00e9 de chaque camp \u00e0 se r\u00e9approvisionner.<\/p>\n\n\n\n<p>L\u2019avantage pourrait donc basculer en faveur de l\u2019arm\u00e9e, d\u2019autant que la mobilit\u00e9 des RSF n\u2019est plus d\u00e9terminante dans un milieu urbain qui ne leur est pas familier. On peut penser qu\u2019une m\u00e9diation (africaine&nbsp;?) viendra mettre un terme \u00e0 cet affrontement sanglant dans la capitale.<\/p>\n\n\n\n<h2 class=\"wp-block-heading\">Objectifs de guerre, une affaire r\u00e9gionale<\/h2>\n\n\n\n<p>L\u2019arm\u00e9e, qui accaparait 80 % du budget national avant la s\u00e9cession du Sud en juillet 2011, vise \u00e0 s\u2019emparer des revenus des RSF, pour compenser la perte des&nbsp;recettes&nbsp;p\u00e9troli\u00e8res du Sud. Elle est soutenue par l\u2019\u00c9gypte, qui consid\u00e8re le Soudan comme son arri\u00e8re-cour. Cette ancienne possession permet l\u2019acc\u00e8s aux fronti\u00e8res de l\u2019ennemi \u00e9thiopien. Mais surtout, pour l\u2019\u00c9gypte comme pour les monarchies du Golfe, Arabie saoudite et \u00c9mirats arabes unis, la priorit\u00e9 est d\u2019\u00e9viter l\u2019av\u00e8nement d\u2019une d\u00e9mocratie \u00e0 sa porte.\u00c0 LIRE<a href=\"https:\/\/www.jeuneafrique.com\/1437567\/politique\/au-soudan-lombre-de-wagner-derriere-le-general-hemetti\/\">Au Soudan, l\u2019ombre de Wagner derri\u00e8re le g\u00e9n\u00e9ral Hemetti<\/a><\/p>\n\n\n\n<p>De plus, vu de l\u2019autre c\u00f4t\u00e9 de la mer Rouge, le Soudan est consid\u00e9r\u00e9 comme un r\u00e9servoir de terres agricoles travers\u00e9es par les eaux du Nil, et un gisement prometteur de richesses mini\u00e8res, ainsi qu\u2019une porte d\u2019entr\u00e9e vers le continent africain. Qui plus est, l\u2019axe majeur de la Vision 2030 port\u00e9e par Mohammed Ben Salman d\u2019un c\u00f4t\u00e9 et Mohammed Ben Zayed de l\u2019autre est la translation du centre de gravit\u00e9 de l\u2019\u00e9conomie de l\u2019Arabie Saoudite et des \u00c9mirats, des rives du Golfe \u00e0 celles de la mer Rouge : un choix strat\u00e9gique, symbolis\u00e9 par le projet de cit\u00e9 futuriste Neom pour l\u2019Arabie, et le contr\u00f4le d\u2019Aden et de l\u2019\u00eele de Socotra pour les \u00c9mirats. De m\u00eame pour Isra\u00ebl : la reconnaissance de l\u2019\u00c9tat h\u00e9breu par le Soudan en novembre 2020, condition pour obtenir l\u2019aide financi\u00e8re des bailleurs internationaux, a compl\u00e9t\u00e9 le syst\u00e8me de surveillance de la mer Rouge et de ses abords.<\/p>\n\n\n\n<p>Ce tableau montre&nbsp;<a href=\"https:\/\/www.jeuneafrique.com\/1437650\/politique\/entre-burhane-et-hemetti-au-soudan-un-conflit-local-des-enjeux-regionaux\/\">la pr\u00e9gnance des int\u00e9r\u00eats locaux et r\u00e9gionaux dans la solution de la crise soudanaise<\/a>&nbsp;; celle-ci connaitra vraisemblablement une issue provisoire dans un renforcement du pouvoir militaire, garant de stabilit\u00e9 et de s\u00e9curit\u00e9 pour les investissements \u00e9trangers ; mais si aucune des chancelleries des pays occidentaux ne semble \u00e0 m\u00eame d\u2019arbitrer cet imbroglio, la Russie dispose en revanche d\u2019atouts dans chaque camp : le groupe Wagner, proche, on l\u2019a vu, des RSF, avait d\u00e9j\u00e0 \u00e9t\u00e9 rep\u00e9r\u00e9, au printemps 2019, dans la r\u00e9pression du soul\u00e8vement populaire dans les rues de Khartoum ; d\u2019un autre c\u00f4t\u00e9 \u2013 si l\u2019on peut dire \u2013, le gouvernement russe vient d\u2019obtenir de l\u2019arm\u00e9e soudanaise une concession pour \u00e9tablir une base navale en mer Rouge : un pion de plus en direction de l\u2019oc\u00e9an Indien, et un poste d\u2019observation privil\u00e9gi\u00e9 en face de l\u2019Arabie saoudite, sur le passage maritime le plus fr\u00e9quent\u00e9 de&nbsp;la&nbsp;plan\u00e8te\u2026<\/p>\n<div style=\"text-align:center\" class=\"wps-pgfw-pdf-generate-icon__wrapper-frontend\">\n\t\t<a href=\"https:\/\/congokin.blog?action=genpdf&amp;id=11995\" class=\"pgfw-single-pdf-download-button\" ><img src=\"https:\/\/congokin.blog\/wp-content\/plugins\/pdf-generator-for-wp\/admin\/src\/images\/PDF_Tray.svg\" title=\"G\u00e9n\u00e9rer un PDF\" style=\"width:auto; height:45px;\"><\/a>\n\t\t<\/div>","protected":false},"excerpt":{"rendered":"<p>POLITIQUE Au-del\u00e0 de l\u2019affrontement, quel avenir pour le Soudan&nbsp;? Alors que rien ne semble pouvoir arr\u00eater la guerre que se livrent deux g\u00e9n\u00e9raux intrigants, jadis complices, et qui a fait plusieurs centaines de morts \u00e0 Khartoum, une question s\u2019impose&nbsp;: la r\u00e9volution d\u00e9mocratique de 2019 est-elle d\u00e9finitivement enterr\u00e9e&nbsp;? 22 avril 2023 \u00e0 10:26 Mis \u00e0 jour [&hellip;]<\/p>\n","protected":false},"author":9,"featured_media":0,"comment_status":"open","ping_status":"closed","sticky":false,"template":"","format":"standard","meta":{"footnotes":""},"categories":[2,7,8],"tags":[],"class_list":["post-11995","post","type-post","status-publish","format-standard","hentry","category-analyse","category-politique","category-societe"],"_links":{"self":[{"href":"https:\/\/congokin.blog\/index.php?rest_route=\/wp\/v2\/posts\/11995","targetHints":{"allow":["GET"]}}],"collection":[{"href":"https:\/\/congokin.blog\/index.php?rest_route=\/wp\/v2\/posts"}],"about":[{"href":"https:\/\/congokin.blog\/index.php?rest_route=\/wp\/v2\/types\/post"}],"author":[{"embeddable":true,"href":"https:\/\/congokin.blog\/index.php?rest_route=\/wp\/v2\/users\/9"}],"replies":[{"embeddable":true,"href":"https:\/\/congokin.blog\/index.php?rest_route=%2Fwp%2Fv2%2Fcomments&post=11995"}],"version-history":[{"count":1,"href":"https:\/\/congokin.blog\/index.php?rest_route=\/wp\/v2\/posts\/11995\/revisions"}],"predecessor-version":[{"id":11996,"href":"https:\/\/congokin.blog\/index.php?rest_route=\/wp\/v2\/posts\/11995\/revisions\/11996"}],"wp:attachment":[{"href":"https:\/\/congokin.blog\/index.php?rest_route=%2Fwp%2Fv2%2Fmedia&parent=11995"}],"wp:term":[{"taxonomy":"category","embeddable":true,"href":"https:\/\/congokin.blog\/index.php?rest_route=%2Fwp%2Fv2%2Fcategories&post=11995"},{"taxonomy":"post_tag","embeddable":true,"href":"https:\/\/congokin.blog\/index.php?rest_route=%2Fwp%2Fv2%2Ftags&post=11995"}],"curies":[{"name":"wp","href":"https:\/\/api.w.org\/{rel}","templated":true}]}}