{"id":11999,"date":"2023-04-25T07:04:37","date_gmt":"2023-04-25T07:04:37","guid":{"rendered":"https:\/\/congokin.blog\/?p=11999"},"modified":"2023-04-25T07:04:37","modified_gmt":"2023-04-25T07:04:37","slug":"m23-en-rdc-la-force-regionale-manque-de-financement","status":"publish","type":"post","link":"https:\/\/congokin.blog\/?p=11999","title":{"rendered":"M23 en RDC\u00a0: la force r\u00e9gionale manque de financement\u00a0?"},"content":{"rendered":"\n<p>POLITIQUE<\/p>\n\n\n\n<h1 class=\"wp-block-heading\">M23 en RDC&nbsp;: qui va payer pour la force r\u00e9gionale&nbsp;?<\/h1>\n\n\n\n<h2 class=\"wp-block-heading\">Accus\u00e9e par Kinshasa d\u2019inaction face \u00e0 la r\u00e9bellion du M23, la force de l\u2019EAC attend toujours le renouvellement de son mandat. En parall\u00e8le, ses \u00c9tats membres \u2013\u00a0Kenya en t\u00eate\u00a0\u2013 tentent toujours d\u2019obtenir des fonds pour soutenir leurs op\u00e9rations.<\/h2>\n\n\n\n<p>24 avril 2023 \u00e0 17:58<\/p>\n\n\n\n<p>Par&nbsp;<a href=\"https:\/\/www.jeuneafrique.com\/auteurs\/romain.gras\/\">Romain Gras<\/a><\/p>\n\n\n\n<p>Mis \u00e0 jour le 24 avril 2023 \u00e0 17:58<\/p>\n\n\n\n<figure class=\"wp-block-image is-style-zoooom\"><img decoding=\"async\" src=\"https:\/\/prod.cdn-medias.jeuneafrique.com\/cdn-cgi\/image\/q=100,f=auto,metadata=none,width=1256,height=628\/https:\/\/prod.cdn-medias.jeuneafrique.com\/medias\/2023\/04\/24\/jad20230424-conf-rdc-financement-force-regionale-1256x628-1682346940.jpg\" alt=\"\"\/><figcaption class=\"wp-element-caption\">William Ruto et Charles Michel, le 29 mars 2023 \u00e0 Bruxelles. \u00a9 DURSUN AYDEMIR\/Anadolu Agency via AFP<\/figcaption><\/figure>\n\n\n\n<p>Critiqu\u00e9e par l\u2019opinion congolaise, en d\u00e9licatesse avec les Forces arm\u00e9es de RDC (FARDC) et&nbsp;<a href=\"https:\/\/www.jeuneafrique.com\/1391308\/politique\/rdc-maitres-espions-generaux-emissaires-avec-qui-felix-tshisekedi-gere-t-il-la-crise-du-m23\/\" target=\"_blank\" rel=\"noreferrer noopener\">une partie de l\u2019entourage de&nbsp;<strong>F\u00e9lix Tshisekedi<\/strong><\/a>, la force r\u00e9gionale de la Communaut\u00e9 de l\u2019Afrique de l\u2019Est (EACRF) a malgr\u00e9 tout continu\u00e9 \u00e0 renforcer sa pr\u00e9sence au Nord-Kivu, avec l\u2019arriv\u00e9e des premiers contingents ougandais et sud-soudanais d\u00e9but avril.\u00c0 LIRE<a href=\"https:\/\/www.jeuneafrique.com\/1434365\/politique\/en-rdc-le-deploiement-de-la-force-regionale-suffira-t-il-a-resoudre-la-crise\/\">En RDC, le d\u00e9ploiement de la force r\u00e9gionale suffira-t-il \u00e0 r\u00e9soudre la crise ?<\/a><\/p>\n\n\n\n<p>Toujours en cours de d\u00e9ploiement dans les zones o\u00f9 le M23 a amorc\u00e9 un retrait, l\u2019EACRF demeure confront\u00e9e \u00e0 un probl\u00e8me chronique depuis sa cr\u00e9ation, en juin 2022 : celui du financement de ses op\u00e9rations militaires.<\/p>\n\n\n\n<h2 class=\"wp-block-heading\">Le lobbying de William Ruto<\/h2>\n\n\n\n<p>Selon les statuts de cette force \u2013 adopt\u00e9s pour six mois en septembre 2022 et en attente de renouvellement \u2013, les pays sont cens\u00e9s financer eux-m\u00eames l\u2019intervention de leurs contingents. Mais les \u00c9tats membres, qui d\u00e9ploient des troupes dans l\u2019est de la RDC, prospectent individuellement depuis des mois pour obtenir des fonds afin de soutenir leurs op\u00e9rations. Et&nbsp;<strong>William Ruto<\/strong>&nbsp;est sans doute celui qui&nbsp;se&nbsp;montre le plus pro-actif dans ce domaine.<\/p>\n\n\n\n<p>Premier pays \u00e0 avoir d\u00e9ploy\u00e9 ses troupes \u00e0 Goma, le Kenya joue un r\u00f4le moteur au sein de la force r\u00e9gionale. Le commandement de l\u2019EACRF est d\u2019ailleurs assur\u00e9 par le g\u00e9n\u00e9ral k\u00e9nyan&nbsp;<strong>Jeff Nyagah<\/strong>. Arriv\u00e9 au pouvoir en septembre 2022, William Ruto avait initialement sembl\u00e9 h\u00e9sitant \u00e0 l\u2019id\u00e9e de s\u2019investir dans le processus de Nairobi, impuls\u00e9 par son pr\u00e9d\u00e9cesseur,&nbsp;<strong>Uhuru Kenyatta<\/strong>, et s\u2019\u00e9tait montr\u00e9 r\u00e9ticent \u00e0 l\u2019id\u00e9e de d\u00e9ployer ses forces face au M23.\u00c0 LIRE<a href=\"https:\/\/www.jeuneafrique.com\/1394989\/politique\/m23-en-rdc-le-discret-lobbying-de-macron-en-faveur-du-deploiement-kenyan\/\">M23 en RDC : le discret lobbying de Macron en faveur du d\u00e9ploiement k\u00e9nyan&nbsp;<\/a><\/p>\n\n\n\n<p>Il avait finalement officialis\u00e9 l\u2019arriv\u00e9e de ses soldats le 2 novembre, apr\u00e8s avoir \u00e9chang\u00e9 avec plusieurs de ses homologues, dont le pr\u00e9sident fran\u00e7ais&nbsp;<strong>Emmanuel Macron<\/strong>, qui avait alors \u00e9voqu\u00e9 sa disponibilit\u00e9 pour plaider, \u00e0 Bruxelles, en faveur d\u2019un financement de la Facilit\u00e9 europ\u00e9enne de paix (FEP) destin\u00e9 au d\u00e9ploiement k\u00e9nyan. Bien qu\u2019aucune demande formelle n\u2019ait \u00e9t\u00e9 d\u00e9pos\u00e9e, cette question a n\u00e9anmoins \u00e9t\u00e9 abord\u00e9e lors de la visite de William Ruto \u00e0 Bruxelles, le 29 mars dernier. Le chef de l\u2019\u00c9tat k\u00e9nyan y a notamment rencontr\u00e9&nbsp;<a href=\"https:\/\/www.jeuneafrique.com\/1362396\/politique\/charles-michel-en-afrique-la-russie-utilise-le-mensonge-comme-arme-de-guerre\/\" target=\"_blank\" rel=\"noreferrer noopener\">le pr\u00e9sident du Conseil europ\u00e9en,&nbsp;<strong>Charles Michel<\/strong><\/a>, avec qui il a \u00e9voqu\u00e9 le dossier de l\u2019est de la RDC et l\u2019avenir de l\u2019EACRF.<\/p>\n\n\n\n<p>Une semaine avant cette rencontre, Nairobi avait pris attache avec Bruxelles pour pr\u00e9ciser ses ambitions. Le 22 mars, le ministre k\u00e9nyan des Affaires \u00e9trang\u00e8res,&nbsp;<strong>Alfred Mutua,<\/strong>&nbsp;a adress\u00e9 un courrier au haut repr\u00e9sentant de&nbsp;<a href=\"https:\/\/www.jeuneafrique.com\/1309509\/politique\/josep-borrell-leurope-aura-besoin-du-potentiel-humain-de-lafrique\/\" target=\"_blank\" rel=\"noreferrer noopener\">l\u2019Union europ\u00e9enne (UE) pour les Affaires \u00e9trang\u00e8res, le diplomate<strong>&nbsp;Josep Borrell<\/strong><\/a>, afin de formuler une \u00ab demande de soutien pour le d\u00e9ploiement k\u00e9nyan \u00bb dans l\u2019est de la RDC.<\/p>\n\n\n\n<h2 class=\"wp-block-heading\">113,2 millions d\u2019euros<\/h2>\n\n\n\n<p>Cette lettre, que JA a pu consulter, n\u2019apporte aucune pr\u00e9cision sur la dur\u00e9e potentielle des op\u00e9rations k\u00e9nyanes, ni sur le montant exact demand\u00e9 \u00e0 l\u2019UE. Elle est en revanche accompagn\u00e9e d\u2019un tableau r\u00e9capitulatif des \u00ab&nbsp;besoins en mati\u00e8re d\u2019op\u00e9rations et de soutien logistique de l\u2019EACRF&nbsp;\u00bb qui offre une vue d\u2019ensemble sur le budget envisag\u00e9 pour les interventions&nbsp;des&nbsp;contingents k\u00e9nyans, burundais et sud-soudanais \u2013 les besoins ougandais, eux, ne sont en revanche pas mentionn\u00e9s.<\/p>\n\n\n\n<p>Pour les actions des 904 soldats k\u00e9nyans devant faire partie de la force r\u00e9gionale, le document table sur un montant total de 113,2 millions d\u2019euros. Une somme importante \u2013 loin des 37 millions d\u2019euros anticip\u00e9s par le minist\u00e8re k\u00e9nyan de la D\u00e9fense pour les six premiers mois de la mobilisation de ses hommes \u2013 qui est cens\u00e9e couvrir divers domaines allant du n\u00e9cessaire logistique (comme les rations, l\u2019\u00e9quipement m\u00e9dical ou encore le stockage de l\u2019eau) au mat\u00e9riel militaire.<\/p>\n\n\n\n<p>Pour le d\u00e9ploiement d\u2019un appareil de surveillance a\u00e9rienne, un montant de 1,15 million d\u2019euros est ainsi pr\u00e9cis\u00e9. L\u2019enveloppe pour l\u2019achat d\u2019armes de petit calibre est \u00e9valu\u00e9e \u00e0 4 millions d\u2019euros, tandis que 30,2 millions d\u2019euros sont d\u00e9volus \u00e0 des \u00ab v\u00e9hicules d\u2019appui au combat \u00bb. \u00c0 titre de comparaison, les besoins des 300 soldats sud-soudanais sont \u00e9valu\u00e9s, dans le m\u00eame tableau, \u00e0 40,1 millions d\u2019euros, et ceux des 900 \u00e9l\u00e9ments de l\u2019arm\u00e9e burundaise, \u00e0 107,1 millions d\u2019euros.<\/p>\n\n\n\n<h2 class=\"wp-block-heading\">D\u00e9sorganisation<\/h2>\n\n\n\n<p>Cette requ\u00eate k\u00e9nyane permettra-t-elle pour autant de d\u00e9bloquer des fonds ? Dans le cas de Nairobi, l\u2019outil privil\u00e9gi\u00e9 serait la Facilit\u00e9 europ\u00e9enne de paix. Mis en place en mars 2021, ce m\u00e9canisme permet de financer diff\u00e9rents aspects du soutien militaire \u00e0 un pays tiers, y compris des armes l\u00e9tales. Fin novembre, 20 millions d\u2019euros avaient \u00e9t\u00e9 d\u00e9bloqu\u00e9s par l\u2019UE pour soutenir le d\u00e9ploiement rwandais au Mozambique.\u00c0 LIRE<a href=\"https:\/\/www.jeuneafrique.com\/1388706\/politique\/est-de-la-rdc-felix-tshisekedi-peut-il-vraiment-compter-sur-la-force-regionale-conjointe\/\">Est de la RDC : F\u00e9lix Tshisekedi peut-il vraiment compter sur la force r\u00e9gionale conjointe ?<\/a><\/p>\n\n\n\n<p>Mais avec une \u00e9crasante majorit\u00e9 des fonds du FEP aujourd\u2019hui destin\u00e9s \u00e0 l\u2019Ukraine, il faudra encore convaincre les autres pays membres de l\u2019UE d\u2019apporter le soutien sollicit\u00e9. Un processus qui peut prendre de longs mois. Pour le moment, les demandes des pays membres, rest\u00e9es au stade informel, se sont heurt\u00e9es \u00e0 la r\u00e9ticence de certains partenaires, qui pointent du doigt la d\u00e9sorganisation des parties prenantes et du secr\u00e9tariat de l\u2019EAC \u2013 chacun plaidant pour ses propres financements \u2013, ainsi que les contours flous du mandat de&nbsp;la&nbsp;force.<\/p>\n<div style=\"text-align:center\" class=\"wps-pgfw-pdf-generate-icon__wrapper-frontend\">\n\t\t<a href=\"https:\/\/congokin.blog?action=genpdf&amp;id=11999\" class=\"pgfw-single-pdf-download-button\" ><img src=\"https:\/\/congokin.blog\/wp-content\/plugins\/pdf-generator-for-wp\/admin\/src\/images\/PDF_Tray.svg\" title=\"G\u00e9n\u00e9rer un PDF\" style=\"width:auto; height:45px;\"><\/a>\n\t\t<\/div>","protected":false},"excerpt":{"rendered":"<p>POLITIQUE M23 en RDC&nbsp;: qui va payer pour la force r\u00e9gionale&nbsp;? Accus\u00e9e par Kinshasa d\u2019inaction face \u00e0 la r\u00e9bellion du M23, la force de l\u2019EAC attend toujours le renouvellement de son mandat. En parall\u00e8le, ses \u00c9tats membres \u2013\u00a0Kenya en t\u00eate\u00a0\u2013 tentent toujours d\u2019obtenir des fonds pour soutenir leurs op\u00e9rations. 24 avril 2023 \u00e0 17:58 Par&nbsp;Romain [&hellip;]<\/p>\n","protected":false},"author":8,"featured_media":0,"comment_status":"open","ping_status":"closed","sticky":false,"template":"","format":"standard","meta":{"footnotes":""},"categories":[3,6,7,8],"tags":[],"class_list":["post-11999","post","type-post","status-publish","format-standard","hentry","category-diplomatie","category-justice","category-politique","category-societe"],"_links":{"self":[{"href":"https:\/\/congokin.blog\/index.php?rest_route=\/wp\/v2\/posts\/11999","targetHints":{"allow":["GET"]}}],"collection":[{"href":"https:\/\/congokin.blog\/index.php?rest_route=\/wp\/v2\/posts"}],"about":[{"href":"https:\/\/congokin.blog\/index.php?rest_route=\/wp\/v2\/types\/post"}],"author":[{"embeddable":true,"href":"https:\/\/congokin.blog\/index.php?rest_route=\/wp\/v2\/users\/8"}],"replies":[{"embeddable":true,"href":"https:\/\/congokin.blog\/index.php?rest_route=%2Fwp%2Fv2%2Fcomments&post=11999"}],"version-history":[{"count":1,"href":"https:\/\/congokin.blog\/index.php?rest_route=\/wp\/v2\/posts\/11999\/revisions"}],"predecessor-version":[{"id":12000,"href":"https:\/\/congokin.blog\/index.php?rest_route=\/wp\/v2\/posts\/11999\/revisions\/12000"}],"wp:attachment":[{"href":"https:\/\/congokin.blog\/index.php?rest_route=%2Fwp%2Fv2%2Fmedia&parent=11999"}],"wp:term":[{"taxonomy":"category","embeddable":true,"href":"https:\/\/congokin.blog\/index.php?rest_route=%2Fwp%2Fv2%2Fcategories&post=11999"},{"taxonomy":"post_tag","embeddable":true,"href":"https:\/\/congokin.blog\/index.php?rest_route=%2Fwp%2Fv2%2Ftags&post=11999"}],"curies":[{"name":"wp","href":"https:\/\/api.w.org\/{rel}","templated":true}]}}