{"id":12001,"date":"2023-04-25T07:05:42","date_gmt":"2023-04-25T07:05:42","guid":{"rendered":"https:\/\/congokin.blog\/?p=12001"},"modified":"2023-04-25T07:05:42","modified_gmt":"2023-04-25T07:05:42","slug":"le-projet-de-reprise-de-congo-airways-deja-compromis","status":"publish","type":"post","link":"https:\/\/congokin.blog\/?p=12001","title":{"rendered":"Le projet de reprise de Congo Airways d\u00e9j\u00e0 compromis ?"},"content":{"rendered":"\n<p>\u00c9CONOMIE<\/p>\n\n\n\n<h1 class=\"wp-block-heading\">Le projet de reprise de Congo Airways d\u00e9j\u00e0 compromis ?<\/h1>\n\n\n\n<h2 class=\"wp-block-heading\">Commandes d\u2019avions en suspens, r\u00e9union avort\u00e9e\u2026. Pour le PDG d\u2019A&amp;M Development, candidat \u00e0 la reprise de la compagnie congolaise en souffrance, tout ne se passe pas exactement comme pr\u00e9vu. Coulisses.<\/h2>\n\n\n\n<p><\/p>\n\n\n\n<p>24 avril 2023 \u00e0 18:50<\/p>\n\n\n\n<p>Par&nbsp;<em>Jeune Afrique<\/em><\/p>\n\n\n\n<p>Mis \u00e0 jour le 24 avril 2023 \u00e0 18:56<\/p>\n\n\n\n<figure class=\"wp-block-image is-style-zoooom\"><img decoding=\"async\" src=\"https:\/\/prod.cdn-medias.jeuneafrique.com\/cdn-cgi\/image\/q=100,f=auto,metadata=none,width=1256,height=628\/https:\/\/prod.cdn-medias.jeuneafrique.com\/medias\/2023\/04\/24\/jad20230424-conf-eco-rdc-congo-airways-1256x628-1682352089.jpg\" alt=\"\"\/><figcaption class=\"wp-element-caption\">\u00a9 Facebook Congo Airways<\/figcaption><\/figure>\n\n\n\n<p>Selon l\u2019accord sign\u00e9 \u00e0 la pr\u00e9sidence congolaise&nbsp;<a href=\"https:\/\/www.jeuneafrique.com\/1428899\/economie\/congo-airways-ce-que-contient-loffre-a-13-milliard-de-dollars-de-khaled-sadek\/\">le 2 mars dernier,<\/a>&nbsp;Khaled Sadek n\u2019a plus que quatre mois pour concr\u00e9tiser sa proposition de reprise de la compagnie congolaise Congo Airways. Pour cette op\u00e9ration, il avait annonc\u00e9 \u00eatre en mesure d\u2019investir 1,3 milliard de dollars. S\u2019il continue \u00e0 affirmer le \u00ab&nbsp;s\u00e9rieux&nbsp;\u00bb de son projet, le directeur g\u00e9n\u00e9ral du groupe A&amp;M Development reconna\u00eet faire face \u00e0 un \u00ab&nbsp;\u00e9norme probl\u00e8me&nbsp;\u00bb.\u00c0 LIRE<a href=\"https:\/\/www.jeuneafrique.com\/1386828\/economie\/rdc-congo-airways-dotation-contre-retrocommission-les-aveux-de-pascal-kasongo-mwema\/\">RDC \u2013 Congo Airways : dotation contre r\u00e9trocommission, les aveux de Pascal Kasongo Mwema<\/a><\/p>\n\n\n\n<p>\u00ab&nbsp;La direction actuelle de la compagnie cache toutes les donn\u00e9es, les documents, les \u00e9tats financiers et ne coop\u00e8re pas du tout avec notre \u00e9quipe&nbsp;\u00bb, explique le repreneur potentiel. Dans un courrier adress\u00e9 au directeur g\u00e9n\u00e9ral de Congo Airways, avec en copie le pr\u00e9sident Tshisekedi, le Premier ministre Sama Lukonde Kyenge et les ministres du Portefeuille et des Transports, il explique avoir d\u00fb annuler, faute d\u2019acc\u00e8s aux informations relatives \u00e0 la compagnie, une r\u00e9union pr\u00e9vue \u00e0 Paris le 12 avril. Il s\u2019agissait de discuter de l\u2019acquisition de deux Airbus A320 cens\u00e9s permettre la poursuite de l\u2019activit\u00e9 de&nbsp;la&nbsp;compagnie.<\/p>\n\n\n\n<h2 class=\"wp-block-heading\">Mobilisation inutile<\/h2>\n\n\n\n<p>Un rendez-vous pour lequel les grands moyens \u00e9taient pr\u00e9vus \u00e0 en croire le directeur s\u00e9curit\u00e9 d\u2019A&amp;M Development, le consultant Andrew Martorell, \u00e9galement directeur g\u00e9n\u00e9ral de Silverback Africa LTD, une entreprise britannique de s\u00e9curit\u00e9 priv\u00e9e. Dans un courrier adress\u00e9 \u00e0 Khaled Sadek que&nbsp;<em>Jeune Afrique<\/em>&nbsp;a pu consulter, il d\u00e9plore la mobilisation inutile d\u2019un dispositif destin\u00e9 \u00e0 s\u00e9curiser la rencontre : agents de s\u00e9curit\u00e9 arm\u00e9s amen\u00e9s par avion priv\u00e9, v\u00e9hicules SUV blind\u00e9s, \u00e9quipe d\u2019\u00e9vacuation m\u00e9dicale\u2026 Le tout pour&nbsp;130 000 livres sterling&nbsp;(pr\u00e8s de 147 000 euros), selon lui.<\/p>\n\n\n\n<h2 class=\"wp-block-heading\">Choix curieux<\/h2>\n\n\n\n<p>\u00c0 en croire le devis qui devait \u00eatre pr\u00e9sent\u00e9 lors de la r\u00e9union, et que&nbsp;<em>Jeune Afrique<\/em>&nbsp;a pu lire, les appareils convoit\u00e9s n\u2019\u00e9taient cependant pas des Airbus A320, mais un avion militaire russe de type Iliouchine II-76 et un Boeing 737-400. \u00ab&nbsp;Nous avons d\u2019autres accords en France pour acheter deux autres Airbus 320, ces deux-l\u00e0 sont plut\u00f4t destin\u00e9s \u00e0 faire du cargo&nbsp;\u00bb, pr\u00e9cise Khaled Sadek.\u00c0 LIRE<a href=\"https:\/\/www.jeuneafrique.com\/1326718\/politique\/enquete-ventes-darmes-les-derniers-barons-du-marche-africain\/\">[Enqu\u00eate] Ventes d\u2019armes : les derniers barons du march\u00e9 africain<\/a><\/p>\n\n\n\n<p>\u00ab&nbsp;Il n\u2019a jamais \u00e9t\u00e9 question d\u2019avions Iliouchine&nbsp;\u00bb, indique une source chez Congo Airways qui pr\u00e9cise ne pas \u00ab&nbsp;du tout&nbsp;\u00bb croire au projet, qui a n\u00e9anmoins \u00e9t\u00e9 sign\u00e9 pour laisser sa chance \u00e0 un investisseur potentiel.<\/p>\n\n\n\n<p>Le devis en lui-m\u00eame, qui s\u2019\u00e9l\u00e8ve \u00e0 plus de 2 millions de dollars par avion pour le premier mois (ce qui inclut un d\u00e9p\u00f4t de garantie), est jug\u00e9 excessif par les professionnels du financement des compagnies a\u00e9riennes que nous avons interrog\u00e9s. Il a \u00e9t\u00e9 souscrit aupr\u00e8s d\u2019Inter Aero Business, une soci\u00e9t\u00e9 plus connue dans le secteur du leasing d\u2019h\u00e9licopt\u00e8res mais qui propose aussi des avions.<\/p>\n\n\n\n<p>Le client d\u00e9sign\u00e9 n\u2019est pas A&amp;M Development mais Afric\u2019Ompagny SARL, une entreprise mentionn\u00e9e comme \u00ab&nbsp;en cours de cr\u00e9ation&nbsp;\u00bb et dont le si\u00e8ge social devrait se trouver dans le 14e arrondissement de Paris. Son g\u00e9rant, Rengou Ouzerou Junior, avait lanc\u00e9 en 2016 une cha\u00eene sportive panafricaine,&nbsp;Stad\u2019Afric,&nbsp;aujourd\u2019hui disparue.<\/p>\n\n\n\n<h2 class=\"wp-block-heading\">Stand-by g\u00e9n\u00e9ralis\u00e9<\/h2>\n\n\n\n<p>Interrog\u00e9 par JA, Michel Bidoux, directeur g\u00e9n\u00e9ral d\u2019Inter Aero Business, indique avoir \u00e9t\u00e9 mandat\u00e9 en exclusivit\u00e9 pour mettre des avions \u00e0 disposition d\u2019A&amp;M Development et d\u2019Afric\u2019Ompagny SARL. Il a fait plusieurs offres, dont l\u2019Iliouchine et le Boeing 737-400, mais aussi des ATR 42, des Dash 400 et plus r\u00e9cemment, deux A320 susceptibles d\u2019\u00eatre mis \u00e0 disposition de la compagnie congolaise dans un d\u00e9lai de quatre mois.<\/p>\n\n\n\n<p>\u00ab&nbsp;Il s\u2019agissait de simples propositions, aucun rendez-vous pour les valider n\u2019a \u00e9t\u00e9 pos\u00e9&nbsp;\u00bb, assure-t-il, pr\u00e9cisant avoir re\u00e7u une r\u00e9ponse n\u00e9gative quant \u00e0 l\u2019achat de l\u2019avion russe. Immatricul\u00e9 au Kirghizstan, celui-ci ne serait \u00ab&nbsp;pas le bienvenu en RDC&nbsp;\u00bb. Les appareils cargo sont destin\u00e9s au transport de bauxite, croit-il savoir, alors qu\u2019A&amp;M Development compte s\u2019appuyer&nbsp;<a href=\"https:\/\/www.jeuneafrique.com\/1355974\/economie\/rdc-quand-la-gecamines-seveillera\/\">sur son activit\u00e9 mini\u00e8re<\/a>&nbsp;pour financer ses projets a\u00e9riens. Mais avant d\u2019aller plus loin avec son client, l\u2019interm\u00e9diaire souhaite disposer d\u2019un document attestant de sa solvabilit\u00e9.<\/p>\n\n\n\n<h2 class=\"wp-block-heading\">\u00ab&nbsp;Petits soucis&nbsp;\u00bb<\/h2>\n\n\n\n<p>Avant la poursuite des n\u00e9gociations, le directeur de la s\u00e9curit\u00e9 d\u2019A&amp;M Development sugg\u00e8re que la facture de la s\u00e9curisation de la r\u00e9union avort\u00e9e soit r\u00e9gl\u00e9e par Congo Airways. \u00ab&nbsp;Nous avons d\u00e9j\u00e0 perdu la face avec nos partenaires a\u00e9riens, pensez-vous que nous puissions nous engager aupr\u00e8s d\u2019Airbus ou d\u2019autres entreprises, alors que les partenaires congolais ne sont pas en mesure de fournir ne serait-ce qu\u2019un document op\u00e9rationnel ou des \u00e9tats financiers ?&nbsp;\u00bb s\u2019interroge Khaled Sadek.<\/p>\n\n\n\n<p>Si&nbsp;<em>Jeune Afrique<\/em>&nbsp;n\u2019a pu obtenir de r\u00e9action officielle sur ce dossier, pas plus au minist\u00e8re du Portefeuille qu\u2019au minist\u00e8re des Transports&nbsp;\u2013 ce dernier renvoyant vers la pr\u00e9sidence -, des sources proches du gouvernement \u00e9voquent des \u00ab&nbsp;petits soucis \u00e0 r\u00e9gler&nbsp;\u00bb au niveau d\u2019A&amp;M Development, notamment en ce qui concerne la r\u00e9alit\u00e9 de son chiffre d\u2019affaires. Ces derni\u00e8res craignent que la signature, \u00e0 l\u2019initiative de la pr\u00e9sidence de la R\u00e9publique, ne se soit faite \u00ab&nbsp;un&nbsp;peu&nbsp;vite&nbsp;\u00bb.<\/p>\n<div style=\"text-align:center\" class=\"wps-pgfw-pdf-generate-icon__wrapper-frontend\">\n\t\t<a href=\"https:\/\/congokin.blog?action=genpdf&amp;id=12001\" class=\"pgfw-single-pdf-download-button\" ><img src=\"https:\/\/congokin.blog\/wp-content\/plugins\/pdf-generator-for-wp\/admin\/src\/images\/PDF_Tray.svg\" title=\"G\u00e9n\u00e9rer un PDF\" style=\"width:auto; height:45px;\"><\/a>\n\t\t<\/div>","protected":false},"excerpt":{"rendered":"<p>\u00c9CONOMIE Le projet de reprise de Congo Airways d\u00e9j\u00e0 compromis ? Commandes d\u2019avions en suspens, r\u00e9union avort\u00e9e\u2026. Pour le PDG d\u2019A&amp;M Development, candidat \u00e0 la reprise de la compagnie congolaise en souffrance, tout ne se passe pas exactement comme pr\u00e9vu. Coulisses. 24 avril 2023 \u00e0 18:50 Par&nbsp;Jeune Afrique Mis \u00e0 jour le 24 avril 2023 [&hellip;]<\/p>\n","protected":false},"author":8,"featured_media":0,"comment_status":"open","ping_status":"closed","sticky":false,"template":"","format":"standard","meta":{"footnotes":""},"categories":[5,7,8],"tags":[],"class_list":["post-12001","post","type-post","status-publish","format-standard","hentry","category-economie","category-politique","category-societe"],"_links":{"self":[{"href":"https:\/\/congokin.blog\/index.php?rest_route=\/wp\/v2\/posts\/12001","targetHints":{"allow":["GET"]}}],"collection":[{"href":"https:\/\/congokin.blog\/index.php?rest_route=\/wp\/v2\/posts"}],"about":[{"href":"https:\/\/congokin.blog\/index.php?rest_route=\/wp\/v2\/types\/post"}],"author":[{"embeddable":true,"href":"https:\/\/congokin.blog\/index.php?rest_route=\/wp\/v2\/users\/8"}],"replies":[{"embeddable":true,"href":"https:\/\/congokin.blog\/index.php?rest_route=%2Fwp%2Fv2%2Fcomments&post=12001"}],"version-history":[{"count":1,"href":"https:\/\/congokin.blog\/index.php?rest_route=\/wp\/v2\/posts\/12001\/revisions"}],"predecessor-version":[{"id":12002,"href":"https:\/\/congokin.blog\/index.php?rest_route=\/wp\/v2\/posts\/12001\/revisions\/12002"}],"wp:attachment":[{"href":"https:\/\/congokin.blog\/index.php?rest_route=%2Fwp%2Fv2%2Fmedia&parent=12001"}],"wp:term":[{"taxonomy":"category","embeddable":true,"href":"https:\/\/congokin.blog\/index.php?rest_route=%2Fwp%2Fv2%2Fcategories&post=12001"},{"taxonomy":"post_tag","embeddable":true,"href":"https:\/\/congokin.blog\/index.php?rest_route=%2Fwp%2Fv2%2Ftags&post=12001"}],"curies":[{"name":"wp","href":"https:\/\/api.w.org\/{rel}","templated":true}]}}