{"id":12009,"date":"2023-04-26T19:43:01","date_gmt":"2023-04-26T19:43:01","guid":{"rendered":"https:\/\/congokin.blog\/?p=12009"},"modified":"2023-04-26T19:43:01","modified_gmt":"2023-04-26T19:43:01","slug":"les-propos-du-president-paul-kagame-sur-les-frontieres-entre-la-rdc-et-le-rwanda","status":"publish","type":"post","link":"https:\/\/congokin.blog\/?p=12009","title":{"rendered":"Les propos du pr\u00e9sident Paul Kagame sur les fronti\u00e8res entre la RDC et le Rwanda"},"content":{"rendered":"\n<h1 class=\"wp-block-heading\">Les propos du pr\u00e9sident Paul Kagame sur les fronti\u00e8res entre la RDC et le Rwanda sont-ils fond\u00e9s historiquement ?<\/h1>\n\n\n\n<p><img loading=\"lazy\" decoding=\"async\" src=\"https:\/\/information.tv5monde.com\/sites\/info.tv5monde.com\/files\/styles\/large\/public\/assets\/images\/frontiere_rwanda.jpg?itok=-WI5uh7O\" width=\"770\" height=\"513\" alt=\"Les forces de s\u00e9curit\u00e9 rwandaises regardent depuis leur gu\u00e9rite, alors que des soldats congolais patrouillent \u00e0 pied, de leur c\u00f4t\u00e9 du poste fronti\u00e8re de Petite Barri\u00e8re, avec le Rwanda, \u00e0 Goma, dans l&amp;#039;est du Congo, le vendredi 17 juin 2022.\"><\/p>\n\n\n\n<p>Les forces de s\u00e9curit\u00e9 rwandaises regardent depuis leur gu\u00e9rite, alors que des soldats congolais patrouillent \u00e0 pied, de leur c\u00f4t\u00e9 du poste fronti\u00e8re de Petite Barri\u00e8re, avec le Rwanda, \u00e0 Goma, dans l&rsquo;est du Congo, le vendredi 17 juin 2022.<\/p>\n\n\n\n<p>\u00a9 AP Photo\/Moses Sawasawa<\/p>\n\n\n\n<p>25 AVR 2023<\/p>\n\n\n\n<p>Mise \u00e0 jour 26.04.2023 \u00e0 18:49<\/p>\n\n\n\n<p>&nbsp;par&nbsp;<\/p>\n\n\n\n<p><a href=\"https:\/\/information.tv5monde.com\/auteur\/christian-eboule\">Christian Eboul\u00e9<\/a><\/p>\n\n\n\n<h2 class=\"wp-block-heading\">Le 15 avril dernier \u00e0 Cotonou, au B\u00e9nin, \u00e0 l\u2019occasion de sa visite dans ce pays, le pr\u00e9sident rwandais Paul Kagame a remis en cause la l\u00e9gitimit\u00e9&nbsp; des fronti\u00e8res entre le Rwanda et la RDC h\u00e9rit\u00e9es de la p\u00e9riode coloniale. Selon le chef de l\u2019\u00c9tat rwandais une partie du Rwanda avait \u00e9t\u00e9 donn\u00e9e \u00e0 l\u2019actuelle RDC. Les propos de Paul Kagame sont-ils fond\u00e9s historiquement ? Bob Kabamba, professeur congolais de sciences politiques \u00e0 l\u2019Universit\u00e9 de Li\u00e8ge et Jean-Pierre Karegeye, enseignant rwandais en litt\u00e9rature francophone, philosophie et th\u00e9ologie africaine au Dickinson College et \u00e0 Harvard, r\u00e9pondent \u00e0 nos questions. &nbsp;<\/h2>\n\n\n\n<p><em>\u00ab En ce qui concerne le M23 et les personnes li\u00e9es au M23, les Congolais qui ont des origines rwandaises, il faut savoir que les fronti\u00e8res qui ont \u00e9t\u00e9 trac\u00e9es lors de la p\u00e9riode coloniale ont d\u00e9coup\u00e9 nos pays en morceaux. Une grande partie du Rwanda a \u00e9t\u00e9 laiss\u00e9e en dehors, dans l\u2019est du Congo, dans le sud-ouest de l\u2019Ouganda. Les gens dans ces r\u00e9gions, dans des pays autres que l\u2019Ouganda, ont des origines rwandaises, mais ne sont pas Rwandais. Ils sont citoyens de ces pays qui ont absorb\u00e9 ces parties du Rwanda \u00e0 l\u2019\u00e9poque coloniale. C\u2019est un fait, un fait de l\u2019histoire \u00bb,&nbsp;<\/em>d\u00e9clare le pr\u00e9sident rwandais Paul Kagame lors d\u2019une conf\u00e9rence de presse avec son homologue b\u00e9ninois Patrice Talon le 15 avril dernier, \u00e0 Cotonou, au B\u00e9nin.<\/p>\n\n\n\n<h2 class=\"wp-block-heading\">Remise en question des fronti\u00e8res h\u00e9rit\u00e9es de la colonisation<\/h2>\n\n\n\n<p>Ces propos du pr\u00e9sident Paul Kagame per\u00e7u notamment \u00e0 Kinshasa comme une remise en cause des fronti\u00e8res h\u00e9rit\u00e9es de la p\u00e9riode coloniale, ont suscit\u00e9 de tr\u00e8s vives r\u00e9actions de la part des autorit\u00e9s congolaises. Au cours d\u2019une conf\u00e9rence de presse organis\u00e9e le 17 avril, \u00e0 Goma, chef-lieu de la province du Nord-Kivu et ville frontali\u00e8re du Rwanda, Patrick Muyaya Katembwe, ministre congolais de la Communication et porte-parole du gouvernement a d\u00e9clar\u00e9 :<em>&nbsp;\u00ab Le pr\u00e9sident Kagame a transgress\u00e9 l\u2019histoire. Ce qu\u2019il n\u2019a pas dit, c\u2019est que c\u2019est lui qui est \u00e0 la base et la cause de tous les probl\u00e8mes que nous avons \u00e0 l\u2019est (de la RDC) depuis plus de vingt ans .\u00bb<\/em><\/p>\n\n\n\n<p><strong>(Re)voir : \u00ab\u00a0RDC\/Rwanda : la pol\u00e9mique de Paul Kagame sur les fronti\u00e8res congolaises\u00a0\u00bb<\/strong><video preload=\"auto\" src=\"https:\/\/vodinfo.tv5monde.com\/videos\/f3\/6045141.mp4\"><\/video>Lire la vid\u00e9o<\/p>\n\n\n\n<p>Un \u00e9pisode de plus dans les tensions&nbsp; entre le Rwanda et la RDC. Ces derniers mois en effet, la r\u00e9surgence dans le Nord-Kivu d\u2019un ancien groupe arm\u00e9, le M23, a provoqu\u00e9 une nouvelle crise entre les deux pays. D\u00e9fait il y a une dizaine d\u2019ann\u00e9es environ, le M23 a repris les armes ces derniers mois dans le Nord-Kivu, r\u00e9gion frontali\u00e8re avec le Rwanda et tr\u00e8s riche en minerais. Depuis, Kinshasa accuse le Rwanda de soutien au M23. Ce que nie Kigali. Et c\u2019est d\u2019ailleurs en parlant du M23 que Paul Kagame a fait cette d\u00e9claration concernant les fronti\u00e8res h\u00e9rit\u00e9es de la p\u00e9riode coloniale.&nbsp;<\/p>\n\n\n\n<p><strong>TV5MONDE :<\/strong>&nbsp;<strong>Au cours d\u2019une conf\u00e9rence de presse organis\u00e9e au palais pr\u00e9sidentiel du B\u00e9nin, \u00e0 l\u2019occasion de sa visite dans ce pays, le pr\u00e9sident rwandais Paul Kagame a d\u00e9clar\u00e9 notamment qu\u2019\u00ab une partie du Rwanda a \u00e9t\u00e9 donn\u00e9e au Congo et \u00e0 l\u2019Ouganda. \u00bb &nbsp;Quel regard portez-vous sur ces r\u00e9actions tr\u00e8s vigoureuses des autorit\u00e9s congolaises par rapport aux affirmations du pr\u00e9sident Kagame ?<\/strong><\/p>\n\n\n\n<p><strong>Jean-Pierre Karegeye :<\/strong>&nbsp;Disons d\u2019abord que le Pr\u00e9sident Kagame, dans l\u2019imaginaire collectif congolais, est le symbole du mal absolu. Et cela est entretenu essentiellement par des hommes politiques congolais, qui fuient leurs responsabilit\u00e9s en la transf\u00e9rant sur le Rwanda et Kagame.&nbsp;C\u2019est dans ce sens que j\u2019interpr\u00e8te les r\u00e9actions \u00e0 fleur de peau chaque fois qu\u2019on \u00e9voque le Rwanda, ou lorsque Kagame s\u2019exprime.&nbsp;<\/p>\n\n\n\n<p><strong>(Re)voir : \u00ab\u00a0RDC &#8211; Rwanda : nouvelle crispation diplomatique\u00a0\u00bb<\/strong><video preload=\"auto\" src=\"https:\/\/information.tv5monde.com\/sites\/info.tv5monde.com\/files\/jwplayerfield\/RDC_-_Rwanda_nouvelle_crispation_diplomatique_0.mp4\"><\/video>Lire la vid\u00e9o<\/p>\n\n\n\n<p>Le Pr\u00e9sident rwandais s\u2019appuyait sur un fait historique en nous faisant visiter l\u2019origine des choses marqu\u00e9e par l\u2019exclusion des rwandophones congolais en diff\u00e9rentes p\u00e9riodes. Ils sont Congolais simplement parce qu\u2019ils se sont retrouv\u00e9s de l\u2019autre c\u00f4t\u00e9 de la fronti\u00e8re [apr\u00e8s le partage de l\u2019Afrique entre les puissances coloniales \u00e0 l\u2019issue de la conf\u00e9rence de Berlin (novembre 1884-f\u00e9vrier 1885), NDLR]. O\u00f9 est le scandale ? Le partage de l\u2019Afrique pendant la p\u00e9riode coloniale est une v\u00e9rit\u00e9 de La Palice. Kagame a rappel\u00e9 que le M23 n\u2019est pas la cause de la crise congolaise, elle en est l\u2019\u00e9manation.&nbsp;<\/p>\n\n\n\n<p><img loading=\"lazy\" decoding=\"async\" src=\"https:\/\/information.tv5monde.com\/sites\/info.tv5monde.com\/files\/styles\/large_article\/public\/assets\/images\/M23_0_0.jpg?itok=LlY0ltyq\" width=\"670\" height=\"446\" alt=\"Des rebelles du M23 se tiennent debouts avec leurs armes lors d&amp;#039;une c\u00e9r\u00e9monie marquant le retrait de ses positions dans la ville de Kibumba, dans l&amp;#039;est de la R\u00e9publique d\u00e9mocratique du Congo, le 23 d\u00e9cembre 2022.\"><\/p>\n\n\n\n<p>Des rebelles du M23 se tiennent debouts avec leurs armes lors d&rsquo;une c\u00e9r\u00e9monie marquant le retrait de ses positions dans la ville de Kibumba, dans l&rsquo;est de la R\u00e9publique d\u00e9mocratique du Congo, le 23 d\u00e9cembre 2022.<\/p>\n\n\n\n<p>\u00a9 AP Photo\/Moses Sawasawa<\/p>\n\n\n\n<p>Le M23 proc\u00e8de d\u2019une crise, d\u2019un conflit identitaire, d\u2019une exclusion syst\u00e9mique des citoyens socialement disqualifi\u00e9s, pour reprendre l\u2019expression du philosophe et sociologue allemand Georg Simmel. Ces citoyens qui ont le statut de subalternes dans leur pays, sans justifier les moyens utilis\u00e9s, se d\u00e9fendent car l\u2019\u00c9tat congolais ne veut pas les prot\u00e9ger. En somme, le Pr\u00e9sident Kagame s\u2019appuie sur l\u2019histoire pour alerter sur l\u2019exclusion des rwandophones d\u2019une part, et d\u2019autre part, pour affirmer les affinit\u00e9s culturelles transfrontali\u00e8res.<\/p>\n\n\n\n<p><strong>Bob Kabamba :<\/strong>&nbsp;C&rsquo;est une d\u00e9claration qui a plut\u00f4t des connotations politiques, et qui n&rsquo;a aucune base historique. Lorsque l&rsquo;on regarde effectivement l&rsquo;histoire de la r\u00e9gion, surtout par rapport \u00e0 la question des fronti\u00e8res, c&rsquo;est une question qui avait d\u00e9j\u00e0 \u00e9t\u00e9 bien \u00e9tudi\u00e9e. Vous devez d&rsquo;abord comprendre la dynamique de l&rsquo;occupation des territoires sur le continent africain. Lorsque l&rsquo;on parle de la colonisation, il faut bien se mettre en t\u00eate qu\u2019on a colonis\u00e9 d&rsquo;abord sur le papier, et ensuite seulement il a \u00e9t\u00e9 d\u00e9cid\u00e9 que telle partie appartient \u00e0 tel pays colonisateur. Et c\u2019est apr\u00e8s cette r\u00e9partition que la puissance coloniale concern\u00e9e commence l\u2019occupation effective de l\u2019espace qui lui a \u00e9t\u00e9 donn\u00e9, ou qu\u2019il s\u2019est attribu\u00e9 lors des diff\u00e9rentes n\u00e9gociations.<\/p>\n\n\n\n<p>Entre ce qui est \u00e9crit sur le papier et la r\u00e9alit\u00e9 sur le terrain, il y a bien entendu toute une s\u00e9rie de choses qu\u2019il faut prendre en consid\u00e9ration. C\u2019est ce qui va amener certaines fronti\u00e8res \u00e0 \u00e9voluer dans le temps. C\u2019est ainsi que lorsqu\u2019on parle de l\u2019espace Congo de mani\u00e8re g\u00e9n\u00e9rale, dans un premier temps l\u2019on a fait le territoire Congo sur un papier. Et ce n\u2019est qu\u2019apr\u00e8s que sur la base de ce document, Stanley a voulu occuper cet espace. Et au fur et \u00e0 mesure ce cette occupation, ils se sont rendus compte qu\u2019il y avait plus de difficult\u00e9s \u00e0 se conformer sur le terrain \u00e0 ce qui \u00e9tait indiqu\u00e9 sur le papier. C\u2019est ainsi qu\u2019on va rentrer dans une nouvelle phase de n\u00e9gociation entre les puissances coloniales de l\u2019\u00e9poque, afin de se mettre d\u2019accord sur les fronti\u00e8res de leurs diff\u00e9rents territoires.&nbsp;<\/p>\n\n\n\n<p><strong>Contexte et rep\u00e8res historiques<\/strong><\/p>\n\n\n\n<p>Et lorsqu\u2019on remonte un peu le temps, l\u2019on s\u2019aper\u00e7oit que la question des fronti\u00e8res entre la RDC et le Rwanda \u00e9tait d\u00e9j\u00e0 source d\u2019un diff\u00e9rend entre la Belgique, puissance colonisatrice du Congo, et l\u2019Allemagne qui contr\u00f4lait le Rwanda, alors partie de l\u2019Afrique orientale allemande. Cette derni\u00e8re s\u2019\u00e9tendait sur les territoires actuels du Burundi, du Rwanda et d\u2019une partie de la Tanzanie. Au cours de la conf\u00e9rence de Berlin, qui s\u2019est tenue du 15 novembre 1884 au 26 f\u00e9vrier 1885, les puissances coloniales europ\u00e9ennes se partagent l\u2019Afrique avec des fronti\u00e8res qui r\u00e9pondent \u00e0 leurs int\u00e9r\u00eats et leurs niveaux de puissance. Quelques mois plus tard, le 1er ao\u00fbt 1885, le Roi L\u00e9opold II fait \u00e9tablit&nbsp;une carte qui pr\u00e9cise les fronti\u00e8res de l\u2019Etat Ind\u00e9pendant du Congo (EIC), et qu\u2019il pr\u00e9sente aux 14 puissances signataires de l\u2019Acte g\u00e9n\u00e9ral de Berlin.&nbsp;<br>Ces fronti\u00e8res sont imm\u00e9diatement contest\u00e9es par l\u2019Angleterre et l\u2019Allemagne, deux des puissances signataires pr\u00e9sentes en Ouganda pour la premi\u00e8re, et en Tanzanie, au Rwanda et au Burundi pour la seconde.<em>&nbsp;\u00ab Apr\u00e8s de laborieuses discussions,<\/em>&nbsp;pr\u00e9cise l\u2019historien congolais Isidore Ndaywel,&nbsp;<em>la Belgique signe deux conventions, l\u2019une avec l\u2019Angleterre le 14 mai 1910, et l\u2019autre avec l\u2019Allemagne quelques semaines plus tard, le 11 ao\u00fbt 1910. Dans cette derni\u00e8re convention par exemple, il est dit que le trac\u00e9 des fronti\u00e8res avec le Burundi et la Tanzanie passe au milieu du lac Tanganyika. Et pour ce qui concerne le Rwanda, la fronti\u00e8re part de la rivi\u00e8re Rusizi (c\u2019est la rivi\u00e8re par laquelle le lac Kivu se jete dans le lac Tanganyika) et aboutit au nord en un point situ\u00e9 \u00e0 \u00e9gale distance des villes de Goma et Gisenyi. La convention pr\u00e9cisait cependant que d\u2019apr\u00e8s les d\u00e9l\u00e9gu\u00e9s allemands, le Mwami (le roi) du Rwanda ne souhaitait pas que ses sujets soient s\u00e9par\u00e9s par des fronti\u00e8res arbitraires. \u00bb<\/em>&nbsp;<br>Une autre disposition de la convention stipule que les sujets du Mwami qui habitent dans un rayon de 10km \u00e0 l\u2019ouest de la nouvelle fronti\u00e8re, c\u00f4t\u00e9 Congo, auront un d\u00e9lai de six mois pour d\u00e9m\u00e9nager avec leurs biens meubles et leurs troupeaux sur le territoire allemand. Autrement dit, ils devaient quitter les limites de l\u2019\u00c9tat Ind\u00e9pendant du Congo, nouvellement constitu\u00e9, pour se fixer sur le territoire rwandais de l\u2019Afrique orientale allemande. L\u2019ancien royaume du Kongo a \u00e9galement \u00e9t\u00e9 divis\u00e9 entre l\u2019Angola, le Congo Brazzaville et la RDC. Les exemples de ce type sont l\u00e9gion sur le continent. Et pour limiter les conflits frontaliers apr\u00e8s les ind\u00e9pendances, l\u2019OUA, l\u2019Organisation de l\u2019Unit\u00e9 Africaine, pr\u00e9conise le principe de l\u2019intangibilit\u00e9 des fronti\u00e8res dans sa charte constitutive, adopt\u00e9e le 25 mai 1963.&nbsp;<br>L\u2019intangibilit\u00e9 des fronti\u00e8res h\u00e9rit\u00e9es de la colonisation a \u00e9t\u00e9 reprise dans la charte portant cr\u00e9ation en 2002 de l\u2019UA, l\u2019Union Africaine. C\u2019est en regard de ce principe que les propos du pr\u00e9sident Kagame ont suscit\u00e9 la col\u00e8re du professeur Isidore Ndaywel :&nbsp;<em>\u00ab C\u2019est une mani\u00e8re de d\u00e9truire le peu de fraternit\u00e9 qu\u2019on essaie de tisser p\u00e9niblement entre Rwandais et Congolais. C\u2019est aussi une d\u00e9claration qui remet en cause les efforts de construction du panafricanisme. C\u2019est un coup de pied dans ces efforts. C\u2019est une fa\u00e7on de maintenir l\u2019Afrique dans des conflits internes. On ouvre ainsi une bo\u00eete de pandore. Il s\u2019agit ici de ne plus prendre en consid\u00e9ration les accords pr\u00e9-\u00e9xistants, ne plus consid\u00e9rer les d\u00e9cisions qui ont \u00e9t\u00e9 prises sur le plan africain, notamment lors du 2e sommet de l\u2019OUA, au Caire, en juillet 1964, concernant le fameux principe de l\u2019intangibilit\u00e9 des fronti\u00e8res. D\u00e9sormais, il faudrait revenir totalement sur ce principe. Ce qui est quand m\u00eame de la part d\u2019un ancien pr\u00e9sident de l\u2019Union africaine, c\u2019est quand m\u00eame plus qu\u2019\u00e9tonnant. Et le fait que les autres pr\u00e9sidents africains ne trouvent rien \u00e0 dire, c\u2019est \u00e9galement \u00e9tonnant. \u00bb<\/em><br>&nbsp;<\/p>\n\n\n\n<p><strong>TV5MONDE : \u00c0 l\u2019issue de la conf\u00e9rence de Berlin (1884-1885), le roi L\u00e9opold II fait \u00e9tablir une carte qui pr\u00e9cise les fronti\u00e8res de l\u2019EIC, l\u2019Etat ind\u00e9pendant du Congo (carte \u00e9tablie d\u00e8s le 1er ao\u00fbt 1885). Quatre ans plus tard, en 1889, cette carte est contest\u00e9e par l\u2019Allemagne, mais aussi la Grande-Bretagne, concernant la partie du territoire d\u00e9j\u00e0 revendiqu\u00e9e par l\u2019Allemagne et l\u2019EIC, du c\u00f4t\u00e9 de l\u2019Ouganda. Afin de mettre un terme au conflit, la Belgique signe deux conventions : l\u2019une avec l\u2019Angleterre le 14\/05\/1910, et l\u2019autre avec l\u2019Allemagne le 11\/08\/1910. Que pr\u00e9voyaient ces conventions en termes de fronti\u00e8res ? Et celles-ci sont-elles toujours valables aujourd\u2019hui ?&nbsp;<\/strong><\/p>\n\n\n\n<p><strong>Bob Kabamba :<\/strong>&nbsp;Lorsque le roi L\u00e9opold II a fait sa carte, il a envoy\u00e9 toute une s\u00e9rie d\u2019explorateurs sur le terrain pour essayer de conna\u00eetre ce grand pays qu\u2019est le Congo, et il va se rendre compte que la partie sud, notamment le Katanga, est tr\u00e8s riche en mati\u00e8res premi\u00e8res, en particulier le cuivre. Et si vous regardez bien la carte du Congo, vous allez vous rendre compte qu&rsquo;il y a une partie du pays qui p\u00e9n\u00e8tre v\u00e9ritablement en Zambie. L\u00e9opold II savait qu\u2019il y avait un gisement de cuivre pas seulement au Congo, mais aussi de l\u2019autre c\u00f4t\u00e9 de la fronti\u00e8re, en Zambie alors sous domination britannique. Et ce territoire, ce morceau-l\u00e0, quand vous le voyez sur la carte, il y a une esp\u00e8ce de petite queue qui va en territoire zambien.&nbsp;<\/p>\n\n\n\n<p><img loading=\"lazy\" decoding=\"async\" src=\"https:\/\/information.tv5monde.com\/sites\/info.tv5monde.com\/files\/styles\/large_article\/public\/assets\/images\/CARTE_RDC_RWANDA_0.png?itok=0EzlFGZp\" width=\"670\" height=\"377\" alt=\"Les fronti\u00e8res entre la RDC et quelques-uns de ses voisins imm\u00e9diats, dont le Rwanda.&nbsp;&amp;lt;br \/&amp;gt;\n&nbsp;\"><\/p>\n\n\n\n<p>Les fronti\u00e8res entre la RDC et quelques-uns de ses voisins imm\u00e9diats, dont le Rwanda.&nbsp;<\/p>\n\n\n\n<p>\u00a9 Infographie TV5MONDE<\/p>\n\n\n\n<p>Et donc L\u00e9opold II et ses g\u00e9ologues vont revendiquer ce territoire, au m\u00eame titre que les Britanniques. Ces derniers r\u00e9clamaient par ailleurs aux Belges une partie du territoire qu\u2019ils poss\u00e9daient plus au nord, dans ce qui est aujourd\u2019hui l\u2019Ouganda. Il y a donc eu un \u00e9change de territoire dans lequel la Belgique a r\u00e9cup\u00e9r\u00e9 cette \u00ab petite queue \u00bb qui se trouve en Zambie, et elle a perdu le territoire ougandais. Tout ceci va \u00eatre d\u00e9fini de fa\u00e7on tr\u00e8s claire dans cette convention de 1910. Il en a \u00e9t\u00e9 de m\u00eame entre la Belgique et l\u2019Allemagne. Il s\u2019agissait de l\u2019Afrique orientale allemande qui comprenait alors le Burundi, le Rwanda et une partie de l\u2019actuelle Tanzanie. Les choses ont d\u2019ailleurs \u00e9t\u00e9 plus faciles ici, gr\u00e2ce notamment au lac Tanganyika qui est une fronti\u00e8re naturelle. Lorsque vous regardez sur la carte de mani\u00e8re pr\u00e9cise, vous allez vous rendre compte que vous avez au milieu du lac, une esp\u00e8ce de ligne droite qui fait office de fronti\u00e8re.&nbsp;<\/p>\n\n\n\n<p>Pour ce qui concerne le Burundi, on va avoir une petite difficult\u00e9. Dans la convention de 1910, il est pr\u00e9cis\u00e9 que le lac Tanganyika et la rivi\u00e8re Rusizi constituent la fronti\u00e8re entre l\u2019EIC et le Burundi. Je pr\u00e9cise que la rivi\u00e8re Rusizi quitte le lac Kivu, pour se jeter dans le lac Tanganyika. Mais au niveau de son embouchure, il y a un delta, dont la branche principale sert en principe de fronti\u00e8re entre le Congo et le Burundi. Aujourd\u2019hui encore, la difficult\u00e9 consiste \u00e0 d\u00e9terminer cette branche principale. Entre les deux pays, la zone de Katumba est ainsi source de conflit frontalier. Ce conflit est rest\u00e9 latent jusqu\u2019\u00e0 la d\u00e9couverte de p\u00e9trole dans la r\u00e9gion. Les autorit\u00e9s burundaises avaient m\u00eame re\u00e7u le soutient de feu le colonel Kadhafi, qui voulait punir le pr\u00e9sident congolais d\u2019alors, Mobutu Sese Seko, accus\u00e9 d\u2019\u00eatre proche d\u2019Isra\u00ebl. D\u2019ailleurs les autorit\u00e9s burundaises vont investir cette zone en construisant des routes, en l\u2019\u00e9lectrifiant\u2026 &nbsp;&nbsp;<\/p>\n\n\n\n<p><img loading=\"lazy\" decoding=\"async\" src=\"https:\/\/information.tv5monde.com\/sites\/info.tv5monde.com\/files\/styles\/large_article\/public\/assets\/images\/CARTE_ZONE_GDS_LACS_AFRICAINS.jpg?itok=zgoP0uSL\" width=\"670\" height=\"377\" alt=\"Limites frontali\u00e8res entre la RDC et la Tanzanie, le Burundi, le Rwanda et l&amp;#039;Ouganda.&nbsp;\"><\/p>\n\n\n\n<p>Limites frontali\u00e8res entre la RDC et la Tanzanie, le Burundi, le Rwanda et l&rsquo;Ouganda.&nbsp;<\/p>\n\n\n\n<p>\u00a9 Infographie TV5MONDE<\/p>\n\n\n\n<p>Lorsqu\u2019on remonte plus au nord, il y a la fronti\u00e8re entre le Rwanda et le Congo qui passe notamment par la rivi\u00e8re Rusizi et le lac Kivu. Et c\u2019est avec le lac Kivu que les difficult\u00e9s commencent, car il y a plusieurs \u00eeles sur le lac, et il n\u2019est pas facile de d\u00e9terminer \u00e0 quel pays elles appartiennent. Les difficult\u00e9s sont encore plus importantes lorsqu\u2019il n\u2019y a plus de fronti\u00e8re naturelle. C\u2019est la raison pour laquelle \u00e0 partir de Goma, jusqu\u2019\u00e0 la fronti\u00e8re avec l\u2019Ouganda, il y a une ligne qui est trac\u00e9e un peu de mani\u00e8re hasardeuse. Mais cette ligne n\u2019a pas tenu compte des dynamiques locales, du peuplement de la zone frontali\u00e8re, comme un peu partout en Afrique. &nbsp;<\/p>\n\n\n\n<p><strong>Jean-Pierre Karegeye :&nbsp;<\/strong>La conf\u00e9rence de Berlin marque le partage de l\u2019Afrique, bas\u00e9 essentiellement sur la redistribution des ressources. Les quatorze pays pr\u00e9sents, surtout la France, l\u2019Allemagne, la Grande Bretagne et le Portugal, \u00e9taient int\u00e9ress\u00e9s par le Congo du roi L\u00e9opold II. Cette conf\u00e9rence est donc importante pour comprendre la dynamique de certains conflits, et la naissance des Etats modernes en Afrique. Le roi Yuhi IV Musinga par exemple, qui a r\u00e9gn\u00e9 au Rwanda entre 1896 et 1931, est n\u00e9 \u00e0 Sake, une r\u00e9gion actuellement situ\u00e9e dans le Nord-Kivu. La toponymie de plusieurs lieux dans le nord Kivu est en kinyarwanda.<\/p>\n\n\n\n<p><img loading=\"lazy\" decoding=\"async\" src=\"https:\/\/information.tv5monde.com\/sites\/info.tv5monde.com\/files\/styles\/large_article\/public\/assets\/images\/Fayulu_0.jpg?itok=RbKd-eMH\" width=\"670\" height=\"447\" alt=\"Sur cette photo d&amp;#039;archive du 10 d\u00e9cembre 2019, le candidat de l&amp;#039;opposition Martin Fayulu s&amp;#039;adresse \u00e0 la presse, \u00e0 son si\u00e8ge, \u00e0 Kinshasa, en RDC, lors de l&amp;#039;\u00e9lection pr\u00e9sidentielle.\"><\/p>\n\n\n\n<p>Sur cette photo d&rsquo;archive du 10 d\u00e9cembre 2019, le candidat de l&rsquo;opposition Martin Fayulu s&rsquo;adresse \u00e0 la presse, \u00e0 son si\u00e8ge, \u00e0 Kinshasa, en RDC, lors de l&rsquo;\u00e9lection pr\u00e9sidentielle.<\/p>\n\n\n\n<p>\u00a9 AP Photo\/Jerome Delay<\/p>\n\n\n\n<p>Les nationalistes congolais comme Martin Fayulu, auront besoin d\u2019un interpr\u00e8te rwandophone ou rwandais pour leur expliquer le sens des mots comme Nyiragongo, Karisimbi, Bunagana, Kishishe, Sake, Bwisha, Rucyuru, Nyamitaba, etc. Outre la preuve linguistique, la g\u00e9n\u00e9alogie montre des liens familiaux entre les habitants rwandophones du Nord-Kivu et ceux du Rwanda. Sur le plan administratif, le roi du Rwanda nommait les chefs pour administrer la r\u00e9gion rwandophone du Nord-Kivu.&nbsp;<br><br>Le royaume du Rwanda existe depuis le XIIIe si\u00e8cle, et il s\u2019est \u00e9largi au fil du temps. &nbsp;L\u2019Etat Ind\u00e9pendant du Congo est une invention du roi L\u00e9opold II. Ce dernier c\u00e9da sa propri\u00e9t\u00e9 personnelle \u00e0 la Belgique en 1908. Ce \u00ab bien \u00bb de L\u00e9opold II est une agglom\u00e9ration de plusieurs royaumes d\u00e9membr\u00e9s tels que l\u2019empire Lunda, situ\u00e9 entre la RDC, la Zambie et l\u2019Angola. Le royaume du Congo traverse l\u2019Angola, la r\u00e9publique du Congo, la R\u00e9publique d\u00e9mocratique du Congo et le Gabon. Le Rwanda n\u2019a pas \u00e9chapp\u00e9 \u00e0 ce partage. La conf\u00e9rence de Bruxelles de 1910 avait d\u00e9limit\u00e9 les fronti\u00e8res entre le Congo-Belge, l\u2019Ouganda et le Rwanda-Urundi. C\u2019est \u00e0 cette occasion que le Bufumbira devint territoire ougandais, le Bwishya,Gishari et bien d\u2019autres r\u00e9gions furent c\u00e9der \u00e0 la R\u00e9publique d\u00e9mocratique du Congo. Les documents administratifs existent.&nbsp;<br>&nbsp;<\/p>\n\n\n\n<p><em>Si vous regardez les rapports de la Banque centrale rwandaise, qui explique tout ce que le pays exporte, vous allez vous rendre compte qu\u2019il y a une quantit\u00e9 importante de minerais, qui ne vient pas seulement du Rwanda, mais aussi du Kivu en RDC.<\/em><\/p>\n\n\n\n<p><strong>Bob Kabamba, politologue congolais<\/strong><\/p>\n\n\n\n<p>Toujours dans le cadre de la conf\u00e9rence de Berlin, les populations d\u2019origine burundaise vivant dans la plaine de la Rusizi, au Sud-Kivu, se sont retrouv\u00e9es du c\u00f4t\u00e9 du Congo. Elles ont m\u00eame un chef coutumier, Le Mwami Richard Nijimbere Kinyoni III. Les Congolais kirundiphones ont gard\u00e9 des liens avec leurs fr\u00e8res et s\u0153urs qui sont rest\u00e9s au Burundi, surtout dans la province de Chibitoke. Cependant les mouvements migratoires s\u2019\u00e9taient intensifi\u00e9s de part et d\u2019autre de neuf fronti\u00e8res du Congo. Les habitants ont aussi continu\u00e9 \u00e0 circuler pour plusieurs raisons, du c\u00f4t\u00e9 burundais et rwandais. &nbsp;La r\u00e9alit\u00e9 d\u2019un Tchokwe, d\u2019un Alur, d\u2019un Lunda, d\u2019un Bemba [ce sont quelques-uns des nombreux groupes de populations qui peuplent la RDC, NDLR], est la m\u00eame que celle d\u2019un rwandophone ou un kirundiphone.<br><br><strong>TV5MONDE : En 1996, sous le r\u00e9gime de feu le pr\u00e9sident congolais Laurent D\u00e9sir\u00e9 Kabila, le pr\u00e9sident rwandais d\u2019alors, pasteur Bizimungu, r\u00e9clamait une red\u00e9finition des fronti\u00e8res suite \u00e0 l\u2019expulsion de la RDC de populations rwandophones install\u00e9es l\u00e0 depuis plusieurs g\u00e9n\u00e9rations. Il parlait m\u00eame d\u2019un Berlin 2, autrement dit une nouvelle conf\u00e9rence de Berlin. De quoi s\u2019agissait-il exactement ?<\/strong><\/p>\n\n\n\n<p><strong>Bob Kabamba :<\/strong>&nbsp;Comme je vous l\u2019ai dit, les groupes de populations qui vivaient dans ces zones frontali\u00e8res \u00e9taient autonomes, bien que parlant kinyarwanda. Mais je dois pr\u00e9ciser qu\u2019il y a dans ces r\u00e9gions des populations qui ne sont pas rwandophones. Pour revenir aux revendications du pasteur Bizimungu, il me semble qu\u2019elles ne sont pas fond\u00e9es historiquement. Cette zone est tr\u00e8s riche en minerais, et tous ceux qui veulent la contr\u00f4ler souhaitent simplement avoir acc\u00e8s aux ressources naturelles. Ils mettent en avant l\u2019argument nationaliste, alors que l\u2019int\u00e9r\u00eat ici ce sont les ressources du sous-sol.&nbsp;<\/p>\n\n\n\n<p><em>La notion d\u2019intangibilit\u00e9\u0301 des fronti\u00e8res h\u00e9rit\u00e9es de la colonisation, doit \u00eatre li\u00e9e aux droits des communaut\u00e9s propri\u00e9taires de leurs terres \u00e0 vivre tranquillement et en toute s\u00e9curit\u00e9\u0301 dans leur pays en tant que citoyens.<\/em><\/p>\n\n\n\n<p><strong>Jean-Pierre Karegeye, enseignant rwandais au Dickinson College et \u00e0 Harvard<\/strong><\/p>\n\n\n\n<p>Si vous regardez les rapports de la Banque centrale rwandaise, qui explique tout ce que le pays exporte, vous allez vous rendre compte qu\u2019il y a une quantit\u00e9 importante de minerais, qui ne vient pas seulement du Rwanda, mais aussi du Kivu en RDC. Pour p\u00e9renniser son \u00e9conomie et son statut de meilleur \u00e9l\u00e8ve des institutions internationales en termes de gouvernance, il est imp\u00e9ratif pour le Rwanda de continuer \u00e0 avoir acc\u00e8s \u00e0 ces ressources. Et la revendication territoriale cache une volont\u00e9 politique de contr\u00f4le des ressources.&nbsp;<br><br><strong>Jean-Pierre Karegeye : L\u2019ancien pr\u00e9sident Tanzanien, Julius Nyerere, avait aussi utilis\u00e9 le m\u00eame argument de Berlin pour d\u00e9noncer la pers\u00e9cution des rwandophones congolais. Il voulait que le Congo s\u2019inspire de la gestion des Masa\u00efs vivant entre la Tanzanie et le Kenya. Un exemple qui me vient en t\u00eate est celui de deux fr\u00e8res, Arthur Moody Awori et Aggrey Siryoyi Awori. Le premier \u00e9tait vice-pr\u00e9sident du Kenya pendant cinq ans, et le second avait servi comme ministre de l\u2019Information et de la technologie en Ouganda. En RDC, un rwandophone doit nier ou ha\u00efr ses origines, sa langue, sa culture, ses attaches avec le Rwanda pour \u00eatre Congolais.&nbsp;<\/strong><br><br>La notion d\u2019intangibilit\u00e9\u0301 des fronti\u00e8res h\u00e9rit\u00e9es de la colonisation, doit \u00eatre li\u00e9e aux droits des communaut\u00e9s propri\u00e9taires de leurs terres \u00e0 vivre tranquillement et en toute s\u00e9curit\u00e9\u0301 dans leur pays en tant que citoyens. Le d\u00e9bat sur les propos du Pr\u00e9sident Kagame n\u2019a de sens que pour ceux qui utilisent la haine comme instrument politique pour garder le pouvoir ou se faire \u00e9lire.<br>&nbsp;<\/p>\n\n\n\n<p><img loading=\"lazy\" decoding=\"async\" src=\"https:\/\/information.tv5monde.com\/sites\/info.tv5monde.com\/files\/styles\/large_article\/public\/assets\/images\/Kagame_0.jpg?itok=N5pLchSX\" width=\"670\" height=\"447\" alt=\"Le pr\u00e9sident rwandais Paul Kagame, \u00e0 gauche, et son \u00e9pouse Jeannette Kagame, \u00e0 droite, assistent \u00e0 une c\u00e9r\u00e9monie de d\u00e9p\u00f4t de gerbes au M\u00e9morial du g\u00e9nocide de Kigali \u00e0 Kigali, Rwanda, le vendredi 7 avril 2023.\"><\/p>\n\n\n\n<p>Le pr\u00e9sident rwandais Paul Kagame, \u00e0 gauche, et son \u00e9pouse Jeannette Kagame, \u00e0 droite, assistent \u00e0 une c\u00e9r\u00e9monie de d\u00e9p\u00f4t de gerbes au M\u00e9morial du g\u00e9nocide de Kigali \u00e0 Kigali, Rwanda, le vendredi 7 avril 2023.<\/p>\n\n\n\n<p>\u00a9 AP Photo\/Muhizi Olivier<\/p>\n\n\n\n<p>Quant aux propos du pasteur Bizimungu, tenus en septembre 1996, il faut les contextualiser. \u00c0 l\u2019\u00e9poque, il y avait une campagne contre les rwandophones, rythm\u00e9e par des arrestations massives, la torture, la d\u00e9portation, et les massacres de plusieurs Congolais rwandophones dans le Nord-Kivu et le Sud-Kivu. Le Vice-Gouverneur du Sud-Kivu de l\u2019\u00e9poque, Lwabanji Lwaboshi Ngabo, avait donn\u00e9 une semaine \u00e0 la population Banyamulenge pour retourner au Rwanda.<\/p>\n\n\n\n<p>C\u2019est donc en visitant un camp des r\u00e9fugi\u00e9s de Banyamulenge, \u00e0 Cyangugu, que Bizimungu fera sa d\u00e9claration en rapport avec la conf\u00e9rence de Berlin. &nbsp;Pas seulement par rapport aux Banyamulenges, mais de fa\u00e7on g\u00e9n\u00e9rale en r\u00e9f\u00e9rence \u00e0 la pers\u00e9cution des rwandophones. Son intervention consistait \u00e0 dire : si vous chassez les populations rwandophones, chassez-les avec leur terre.&nbsp;<\/p>\n<div style=\"text-align:center\" class=\"wps-pgfw-pdf-generate-icon__wrapper-frontend\">\n\t\t<a href=\"https:\/\/congokin.blog?action=genpdf&amp;id=12009\" class=\"pgfw-single-pdf-download-button\" ><img src=\"https:\/\/congokin.blog\/wp-content\/plugins\/pdf-generator-for-wp\/admin\/src\/images\/PDF_Tray.svg\" title=\"G\u00e9n\u00e9rer un PDF\" style=\"width:auto; height:45px;\"><\/a>\n\t\t<\/div>","protected":false},"excerpt":{"rendered":"<p>Les propos du pr\u00e9sident Paul Kagame sur les fronti\u00e8res entre la RDC et le Rwanda sont-ils fond\u00e9s historiquement ? Les forces de s\u00e9curit\u00e9 rwandaises regardent depuis leur gu\u00e9rite, alors que des soldats congolais patrouillent \u00e0 pied, de leur c\u00f4t\u00e9 du poste fronti\u00e8re de Petite Barri\u00e8re, avec le Rwanda, \u00e0 Goma, dans l&rsquo;est du Congo, le [&hellip;]<\/p>\n","protected":false},"author":8,"featured_media":0,"comment_status":"open","ping_status":"closed","sticky":false,"template":"","format":"standard","meta":{"footnotes":""},"categories":[7,8],"tags":[],"class_list":["post-12009","post","type-post","status-publish","format-standard","hentry","category-politique","category-societe"],"_links":{"self":[{"href":"https:\/\/congokin.blog\/index.php?rest_route=\/wp\/v2\/posts\/12009","targetHints":{"allow":["GET"]}}],"collection":[{"href":"https:\/\/congokin.blog\/index.php?rest_route=\/wp\/v2\/posts"}],"about":[{"href":"https:\/\/congokin.blog\/index.php?rest_route=\/wp\/v2\/types\/post"}],"author":[{"embeddable":true,"href":"https:\/\/congokin.blog\/index.php?rest_route=\/wp\/v2\/users\/8"}],"replies":[{"embeddable":true,"href":"https:\/\/congokin.blog\/index.php?rest_route=%2Fwp%2Fv2%2Fcomments&post=12009"}],"version-history":[{"count":1,"href":"https:\/\/congokin.blog\/index.php?rest_route=\/wp\/v2\/posts\/12009\/revisions"}],"predecessor-version":[{"id":12010,"href":"https:\/\/congokin.blog\/index.php?rest_route=\/wp\/v2\/posts\/12009\/revisions\/12010"}],"wp:attachment":[{"href":"https:\/\/congokin.blog\/index.php?rest_route=%2Fwp%2Fv2%2Fmedia&parent=12009"}],"wp:term":[{"taxonomy":"category","embeddable":true,"href":"https:\/\/congokin.blog\/index.php?rest_route=%2Fwp%2Fv2%2Fcategories&post=12009"},{"taxonomy":"post_tag","embeddable":true,"href":"https:\/\/congokin.blog\/index.php?rest_route=%2Fwp%2Fv2%2Ftags&post=12009"}],"curies":[{"name":"wp","href":"https:\/\/api.w.org\/{rel}","templated":true}]}}